{"id":153883,"date":"2026-04-24T16:46:09","date_gmt":"2026-04-24T14:46:09","guid":{"rendered":"https:\/\/www.burgosdeporte.com\/?p=153883"},"modified":"2026-04-24T17:28:20","modified_gmt":"2026-04-24T15:28:20","slug":"siete-gimnastas-del-club-gimnasia-burgos-presentes-en-el-nacional-base","status":"publish","type":"post","link":"https:\/\/www.burgosdeporte.com\/?p=153883","title":{"rendered":"Siete gimnastas del Club Gimnasia Burgos, presentes en el nacional base"},"content":{"rendered":"\n<p><strong><em>Las burgalesas participaron en el Campeonato de Espa\u00f1a Individual Base de Gimnasia R\u00edtmica<\/em><\/strong><\/p>\n\n\n<div class=\"wp-block-image\">\n<figure class=\"aligncenter size-full is-resized\"><a href=\"https:\/\/www.ferroplas.com\/\" target=\"_blank\" rel=\" noreferrer noopener\"><img loading=\"lazy\" decoding=\"async\" width=\"900\" height=\"412\" src=\"https:\/\/www.burgosdeporte.com\/wp-content\/uploads\/2025\/05\/Ferroplas-1.jpg\" alt=\"\" class=\"wp-image-140430\" style=\"aspect-ratio:2.1844224680599615;width:275px;height:auto\" srcset=\"https:\/\/www.burgosdeporte.com\/wp-content\/uploads\/2025\/05\/Ferroplas-1.jpg 900w, https:\/\/www.burgosdeporte.com\/wp-content\/uploads\/2025\/05\/Ferroplas-1-300x137.jpg 300w, https:\/\/www.burgosdeporte.com\/wp-content\/uploads\/2025\/05\/Ferroplas-1-768x352.jpg 768w, https:\/\/www.burgosdeporte.com\/wp-content\/uploads\/2025\/05\/Ferroplas-1-150x69.jpg 150w, https:\/\/www.burgosdeporte.com\/wp-content\/uploads\/2025\/05\/Ferroplas-1-696x319.jpg 696w\" sizes=\"auto, (max-width: 900px) 100vw, 900px\" \/><\/a><\/figure>\n<\/div>\n\n\n<p>El Club Gimnasia Burgos particip\u00f3 con siete gimnastas en el Campeonato de Espa\u00f1a Individual Base, celebrado en Oviedo. El club burgal\u00e9s tuvo la presencia de las siguientes deportistas por categor\u00edas:<\/p>\n\n\n\n<ul class=\"wp-block-list\">\n<li>En categor\u00eda alev\u00edn: Mar\u00eda Serban y Salimata Oulale<\/li>\n\n\n\n<li>En categor\u00eda cadete: Noa Reguero, Noa Cuesta y Laura G\u00fcemes.<\/li>\n\n\n\n<li>En categor\u00eda infantil: Leire Villa y Luc\u00eda Herrera.<\/li>\n<\/ul>\n\n\n\n<p>Todas las gimnastas realizaron una meritoria actuaci\u00f3n durante la competici\u00f3n, demostrando su trabajo, dedicaci\u00f3n y evoluci\u00f3n.<\/p>\n\n\n\n<p>Desde el club, han destacado \u201cla positiva progresi\u00f3n de estas deportistas, fruto del esfuerzo constante y el compromiso que vienen mostrando a lo largo de la temporada\u201d. Igualmente, han agradecido \u201ca las familias su implicaci\u00f3n y apoyo, fundamentales para el desarrollo de las gimnastas y anima a sus gimnastas a continuar trabajando con esfuerzo, humildad y compromiso, valores esenciales en su crecimiento deportivo\u201d.<\/p>\n","protected":false},"excerpt":{"rendered":"<p>Las burgalesas participaron en el Campeonato de Espa\u00f1a Individual Base de Gimnasia R\u00edtmica El Club Gimnasia Burgos particip\u00f3 con siete gimnastas en el Campeonato de Espa\u00f1a Individual Base, celebrado en Oviedo. El club burgal\u00e9s tuvo la presencia de las siguientes deportistas por categor\u00edas: Todas las gimnastas realizaron una meritoria actuaci\u00f3n durante la competici\u00f3n, demostrando su [&hellip;]<\/p>\n","protected":false},"author":10,"featured_media":153884,"comment_status":"closed","ping_status":"closed","sticky":false,"template":"","format":"standard","meta":{"_monsterinsights_skip_tracking":false,"_monsterinsights_sitenote_active":false,"_monsterinsights_sitenote_note":"","_monsterinsights_sitenote_category":0,"footnotes":""},"categories":[191,15],"tags":[1553,278,192],"class_list":{"0":"post-153883","1":"post","2":"type-post","3":"status-publish","4":"format-standard","5":"has-post-thumbnail","7":"category-gimnasia","8":"category-otros","9":"tag-actualidad-2","10":"tag-clubgimnasiaburgos","11":"tag-gimnasia"},"views":66,"_links":{"self":[{"href":"https:\/\/www.burgosdeporte.com\/index.php?rest_route=\/wp\/v2\/posts\/153883","targetHints":{"allow":["GET"]}}],"collection":[{"href":"https:\/\/www.burgosdeporte.com\/index.php?rest_route=\/wp\/v2\/posts"}],"about":[{"href":"https:\/\/www.burgosdeporte.com\/index.php?rest_route=\/wp\/v2\/types\/post"}],"author":[{"embeddable":true,"href":"https:\/\/www.burgosdeporte.com\/index.php?rest_route=\/wp\/v2\/users\/10"}],"replies":[{"embeddable":true,"href":"https:\/\/www.burgosdeporte.com\/index.php?rest_route=%2Fwp%2Fv2%2Fcomments&post=153883"}],"version-history":[{"count":1,"href":"https:\/\/www.burgosdeporte.com\/index.php?rest_route=\/wp\/v2\/posts\/153883\/revisions"}],"predecessor-version":[{"id":153885,"href":"https:\/\/www.burgosdeporte.com\/index.php?rest_route=\/wp\/v2\/posts\/153883\/revisions\/153885"}],"wp:featuredmedia":[{"embeddable":true,"href":"https:\/\/www.burgosdeporte.com\/index.php?rest_route=\/wp\/v2\/media\/153884"}],"wp:attachment":[{"href":"https:\/\/www.burgosdeporte.com\/index.php?rest_route=%2Fwp%2Fv2%2Fmedia&parent=153883"}],"wp:term":[{"taxonomy":"category","embeddable":true,"href":"https:\/\/www.burgosdeporte.com\/index.php?rest_route=%2Fwp%2Fv2%2Fcategories&post=153883"},{"taxonomy":"post_tag","embeddable":true,"href":"https:\/\/www.burgosdeporte.com\/index.php?rest_route=%2Fwp%2Fv2%2Ftags&post=153883"}],"curies":[{"name":"wp","href":"https:\/\/api.w.org\/{rel}","templated":true}]}}