{"id":153416,"date":"2026-04-13T14:43:32","date_gmt":"2026-04-13T12:43:32","guid":{"rendered":"https:\/\/www.burgosdeporte.com\/?p=153416"},"modified":"2026-04-14T17:10:04","modified_gmt":"2026-04-14T15:10:04","slug":"el-cidiano-imanol-garcia-roza-el-cuadro-de-ocho-en-el-nacional-m13-de-sable","status":"publish","type":"post","link":"https:\/\/www.burgosdeporte.com\/?p=153416","title":{"rendered":"El cidiano Imanol Garc\u00eda roza el cuadro de ocho en el nacional M13 de sable"},"content":{"rendered":"\n<p><strong><em>El tirador del Esgrima Cid acarici\u00f3 la entrada al cuadro final de ocho en el Campeonato de Espa\u00f1a M13 de sable<\/em><\/strong><\/p>\n\n\n<div class=\"wp-block-image\">\n<figure class=\"aligncenter size-full is-resized\"><a href=\"https:\/\/www.ferroplas.com\/\" target=\"_blank\" rel=\" noreferrer noopener\"><img loading=\"lazy\" decoding=\"async\" width=\"900\" height=\"412\" src=\"https:\/\/www.burgosdeporte.com\/wp-content\/uploads\/2025\/05\/Ferroplas-1.jpg\" alt=\"\" class=\"wp-image-140430\" style=\"aspect-ratio:2.1844224680599615;width:315px;height:auto\" srcset=\"https:\/\/www.burgosdeporte.com\/wp-content\/uploads\/2025\/05\/Ferroplas-1.jpg 900w, https:\/\/www.burgosdeporte.com\/wp-content\/uploads\/2025\/05\/Ferroplas-1-300x137.jpg 300w, https:\/\/www.burgosdeporte.com\/wp-content\/uploads\/2025\/05\/Ferroplas-1-768x352.jpg 768w, https:\/\/www.burgosdeporte.com\/wp-content\/uploads\/2025\/05\/Ferroplas-1-150x69.jpg 150w, https:\/\/www.burgosdeporte.com\/wp-content\/uploads\/2025\/05\/Ferroplas-1-696x319.jpg 696w\" sizes=\"auto, (max-width: 900px) 100vw, 900px\" \/><\/a><\/figure>\n<\/div>\n\n\n<p>Los j\u00f3venes tiradores del Esgrima Cid protagonizaron una destacada actuaci\u00f3n en el Campeonato de Espa\u00f1a M13 de sable, celebrado en la localidad madrile\u00f1a de Vic\u00e1lvaro, en una jornada marcada por el aprendizaje y la progresi\u00f3n deportiva.<\/p>\n\n\n\n<p>Imanol Garc\u00eda firm\u00f3 la mejor actuaci\u00f3n del grupo al quedarse a las puertas de entrar en la final de ocho. Tras una s\u00f3lida fase previa, en la que logr\u00f3 tres victorias y tres derrotas, accedi\u00f3 al cuadro de eliminaci\u00f3n con el n\u00famero uno y un total de 24 puntos.<\/p>\n\n\n\n<p>En la ronda de 32, Imanol super\u00f3 con autoridad a Seraf\u00edn Rodr\u00edguez, de Legan\u00e9s, por 15-7, lo que le permiti\u00f3 clasificarse para el cuadro de 16 y cumplir su objetivo inicial. Sin embargo, en el siguiente asalto volvi\u00f3 a enfrentarse al mismo rival, quien acabar\u00eda proclam\u00e1ndose campe\u00f3n, cayendo por 7-15 en un duelo en el que se mantuvo competitivo.<\/p>\n\n\n\n<p>Por su parte, Paula Rodr\u00edguez alcanz\u00f3 el puesto 18 tras una fase previa en la que consigui\u00f3 una importante victoria que le permiti\u00f3 avanzar con 10 puntos. En el cuadro de 32 fue eliminada por Noa Serrano, de El Escorial, por 4-15.<\/p>\n\n\n\n<p>Daniela Garc\u00eda, que tuvo una fase previa complicada sin victorias, logr\u00f3 clasificarse con dos puntos y el n\u00famero 20. En la eliminatoria cay\u00f3 ante Sof\u00eda Partor, del Club Esgrima Madrid, por 2-15.<\/p>\n\n\n\n<p>Marco Garc\u00eda, sin victorias en la fase preliminar pero con 12 puntos acumulados, accedi\u00f3 al cuadro como n\u00famero 39. En su cruce de 32 fue superado por Marco Vaquero, de Segovia, por 1-15.<\/p>\n\n\n\n<p>Las posiciones finales reflejan el esfuerzo de los participantes: Imanol Garc\u00eda (13\u00ba), Paula Rodr\u00edguez (18\u00aa), Daniela Garc\u00eda (20\u00aa) y Marco Garc\u00eda (39\u00ba).<\/p>\n\n\n\n<p><strong>Un campeonato para ganar experiencia<\/strong><\/p>\n\n\n\n<p>M\u00e1s all\u00e1 de los resultados, el campeonato supuso una valiosa experiencia para estos j\u00f3venes deportistas, que compiten en edades comprendidas entre los 11 y los 13 a\u00f1os. Con varios a\u00f1os a\u00fan por delante en la categor\u00eda, su progresi\u00f3n ser\u00e1 clave en futuras competiciones.<\/p>\n\n\n\n<p>El grupo demostr\u00f3 actitud y valent\u00eda, afrontando tanto victorias como derrotas como parte del aprendizaje. En el caso de Imanol, pese a su buen resultado, deber\u00e1 analizar los errores cometidos con vistas a sus pr\u00f3ximos retos, entre ellos competiciones en Hungr\u00eda y nuevas citas nacionales en las categor\u00edas M13 y M14.<\/p>\n","protected":false},"excerpt":{"rendered":"<p>El tirador del Esgrima Cid acarici\u00f3 la entrada al cuadro final de ocho en el Campeonato de Espa\u00f1a M13 de sable Los j\u00f3venes tiradores del Esgrima Cid protagonizaron una destacada actuaci\u00f3n en el Campeonato de Espa\u00f1a M13 de sable, celebrado en la localidad madrile\u00f1a de Vic\u00e1lvaro, en una jornada marcada por el aprendizaje y la [&hellip;]<\/p>\n","protected":false},"author":10,"featured_media":153417,"comment_status":"closed","ping_status":"closed","sticky":false,"template":"","format":"standard","meta":{"_monsterinsights_skip_tracking":false,"_monsterinsights_sitenote_active":false,"_monsterinsights_sitenote_note":"","_monsterinsights_sitenote_category":0,"footnotes":""},"categories":[53,15],"tags":[1553,54,87],"class_list":{"0":"post-153416","1":"post","2":"type-post","3":"status-publish","4":"format-standard","5":"has-post-thumbnail","7":"category-esgrima","8":"category-otros","9":"tag-actualidad-2","10":"tag-esgrima","11":"tag-esgrimacid"},"views":30,"_links":{"self":[{"href":"https:\/\/www.burgosdeporte.com\/index.php?rest_route=\/wp\/v2\/posts\/153416","targetHints":{"allow":["GET"]}}],"collection":[{"href":"https:\/\/www.burgosdeporte.com\/index.php?rest_route=\/wp\/v2\/posts"}],"about":[{"href":"https:\/\/www.burgosdeporte.com\/index.php?rest_route=\/wp\/v2\/types\/post"}],"author":[{"embeddable":true,"href":"https:\/\/www.burgosdeporte.com\/index.php?rest_route=\/wp\/v2\/users\/10"}],"replies":[{"embeddable":true,"href":"https:\/\/www.burgosdeporte.com\/index.php?rest_route=%2Fwp%2Fv2%2Fcomments&post=153416"}],"version-history":[{"count":1,"href":"https:\/\/www.burgosdeporte.com\/index.php?rest_route=\/wp\/v2\/posts\/153416\/revisions"}],"predecessor-version":[{"id":153418,"href":"https:\/\/www.burgosdeporte.com\/index.php?rest_route=\/wp\/v2\/posts\/153416\/revisions\/153418"}],"wp:featuredmedia":[{"embeddable":true,"href":"https:\/\/www.burgosdeporte.com\/index.php?rest_route=\/wp\/v2\/media\/153417"}],"wp:attachment":[{"href":"https:\/\/www.burgosdeporte.com\/index.php?rest_route=%2Fwp%2Fv2%2Fmedia&parent=153416"}],"wp:term":[{"taxonomy":"category","embeddable":true,"href":"https:\/\/www.burgosdeporte.com\/index.php?rest_route=%2Fwp%2Fv2%2Fcategories&post=153416"},{"taxonomy":"post_tag","embeddable":true,"href":"https:\/\/www.burgosdeporte.com\/index.php?rest_route=%2Fwp%2Fv2%2Ftags&post=153416"}],"curies":[{"name":"wp","href":"https:\/\/api.w.org\/{rel}","templated":true}]}}