{"id":153289,"date":"2026-04-11T23:58:49","date_gmt":"2026-04-11T21:58:49","guid":{"rendered":"https:\/\/www.burgosdeporte.com\/?p=153289"},"modified":"2026-04-13T14:56:26","modified_gmt":"2026-04-13T12:56:26","slug":"ramis-este-tipo-de-victorias-dan-mucha-confianza","status":"publish","type":"post","link":"https:\/\/www.burgosdeporte.com\/?p=153289","title":{"rendered":"Ramis: \u00abEste tipo de victorias dan mucha confianza\u00bb"},"content":{"rendered":"\n<h2 class=\"wp-block-heading\">Luis Miguel Ramis, entrenador del Burgos CF, valora la importante victoria de su equipo ante el Sporting de Gij\u00f3n en El Plant\u00edo. <\/h2>\n\n\n<div class=\"wp-block-image\">\n<figure class=\"aligncenter size-full\"><img loading=\"lazy\" decoding=\"async\" width=\"300\" height=\"226\" src=\"https:\/\/www.burgosdeporte.com\/wp-content\/uploads\/2023\/09\/FCastilla_2019.gif\" alt=\"\" class=\"wp-image-107980\"\/><\/figure>\n<\/div>\n\n\n<p>Tras el partido entre el Burgos y el Sporting de Gij\u00f3n, el entrenador blanquinegro comparec\u00eda ante los medios de comunicaci\u00f3n para hacer balance: <\/p>\n\n\n\n<p><strong>EL REGALO DEL F\u00daTBOL<\/strong><\/p>\n\n\n\n<p><em>\u201cNecesit\u00e1bamos este perfil de goles, est\u00e1bamos predestinados a que las cosas vayan bien y el f\u00fatbol nos regala un gol que supone una victoria en un minuto que tiene mucho valor emocional para la plantilla y premia ese continuo intento de llegar, pero sin desproteger la defensa.\u00a0Ha sido un gol de esperanza, de convencimiento, de creencia y este es un equipo que se lo merece y si sale ahora es por algo\u201d.<\/em><\/p>\n\n\n\n<p><strong>PLAN DE PARTIDO<\/strong><\/p>\n\n\n\n<p><em>\u201cEl rival te castiga mucho, hemos modificado tambi\u00e9n alg\u00fan posicionamiento a nivel defensivo metiendo m\u00e1s gente por dentro porque ellos dominan bien y el centro del campo asiste muy bien a los de arriba. Te pueden partir y estos jugadores en la \u00faltima l\u00ednea son muy buenos. Hemos empezado mal, nos est\u00e1bamos hundiendo demasiado, pero luego ha habido un tramo de la primera parte que hemos tenido posesi\u00f3n, a ellos les costaba defender en campo propio.\u00a0El partido era para trabajarlo as\u00ed.  La segunda parte hemos salido con m\u00e1s empuje, les hemos intimidado m\u00e1s, no nos han hecho da\u00f1o en nuestra porter\u00eda.\u00a0Hemos cre\u00eddo, hemos empujado y han aparecido las individualidades que tenemos que es fundamental para ganar este tipo de partidos\u201d.<\/em><\/p>\n\n\n\n<p><strong>CORAZ\u00d3N Y ALMA <\/strong><\/p>\n\n\n\n<p><em>\u201cEl equipo lleva tiempo muy bien, nosotros lo respiramos todos los d\u00edas.\u00a0Est\u00e1 muy bien, en progresi\u00f3n, tiene muy claro lo que necesitamos jugar. Es un equipo que tiene coraz\u00f3n y alma, nos acompa\u00f1a mucha gente y eso se les contagia a los jugadores. Es un vestuario absolutamente espectacular. Los jugadores que tienen m\u00e1s experiencia en esta situaci\u00f3n de v\u00e9rtigo deben transmitirles tranquilidad y nada de precipitaci\u00f3n. Buscamos m\u00e1s, el equipo cree, no le pesa la situaci\u00f3n, todo lo contrario. <\/em><\/p>\n\n\n\n<p><strong>VICTORIA Y CONFIANZA<\/strong><\/p>\n\n\n\n<p><em>Hay equipos que se echan cemento y piedras a la mochila y nosotros nos las estamos quitando.\u00a0Victorias como las de hoy que dan mucha confianza\u00a0en la idea que podemos lograr el objetivo. Si no haces esto no te puedes meter arriba porque el resto de los equipos son muy buenos\u201d.<\/em><\/p>\n\n\n\n<p><strong>OPORTUNIDAD DE ASCENSO <\/strong><\/p>\n\n\n\n<p><em>\u201cQuedan siete m\u00e1s, llevamos ocho jornadas muy buenas sumando con muy buenos resultados y quedan siete jornadas. Si el equipo lo ha hecho antes por qu\u00e9 no lo va hacer ahora. A m\u00ed no me da miedo decirlo y a los jugadores se lo he dicho.\u00a0Tienen la oportunidad de ir a Primera,\u00a0tienen posibilidades. Ganando los siete partidos somos equipo de Primera Divisi\u00f3n. Es as\u00ed de sencillo y de dif\u00edcil. El mensaje est\u00e1 claro, ahora hay que descansar e ir a por los tres puntos a Castell\u00f3n. Luego tendremos enfrentamientos directos. Nuestra mirada est\u00e1 puesta en intentar aprovechar esta oportunidad\u201d.<\/em><\/p>\n","protected":false},"excerpt":{"rendered":"<p>Luis Miguel Ramis, entrenador del Burgos CF, valora la importante victoria de su equipo ante el Sporting de Gij\u00f3n en El Plant\u00edo. Tras el partido entre el Burgos y el Sporting de Gij\u00f3n, el entrenador blanquinegro comparec\u00eda ante los medios de comunicaci\u00f3n para hacer balance: EL REGALO DEL F\u00daTBOL \u201cNecesit\u00e1bamos este perfil de goles, est\u00e1bamos [&hellip;]<\/p>\n","protected":false},"author":10,"featured_media":153290,"comment_status":"closed","ping_status":"closed","sticky":false,"template":"","format":"standard","meta":{"_monsterinsights_skip_tracking":false,"_monsterinsights_sitenote_active":false,"_monsterinsights_sitenote_note":"","_monsterinsights_sitenote_category":0,"footnotes":""},"categories":[4],"tags":[1553,29,2217],"class_list":{"0":"post-153289","1":"post","2":"type-post","3":"status-publish","4":"format-standard","5":"has-post-thumbnail","7":"category-futbol","8":"tag-actualidad-2","9":"tag-burgoscf","10":"tag-luismiguelramis"},"views":75,"_links":{"self":[{"href":"https:\/\/www.burgosdeporte.com\/index.php?rest_route=\/wp\/v2\/posts\/153289","targetHints":{"allow":["GET"]}}],"collection":[{"href":"https:\/\/www.burgosdeporte.com\/index.php?rest_route=\/wp\/v2\/posts"}],"about":[{"href":"https:\/\/www.burgosdeporte.com\/index.php?rest_route=\/wp\/v2\/types\/post"}],"author":[{"embeddable":true,"href":"https:\/\/www.burgosdeporte.com\/index.php?rest_route=\/wp\/v2\/users\/10"}],"replies":[{"embeddable":true,"href":"https:\/\/www.burgosdeporte.com\/index.php?rest_route=%2Fwp%2Fv2%2Fcomments&post=153289"}],"version-history":[{"count":2,"href":"https:\/\/www.burgosdeporte.com\/index.php?rest_route=\/wp\/v2\/posts\/153289\/revisions"}],"predecessor-version":[{"id":153426,"href":"https:\/\/www.burgosdeporte.com\/index.php?rest_route=\/wp\/v2\/posts\/153289\/revisions\/153426"}],"wp:featuredmedia":[{"embeddable":true,"href":"https:\/\/www.burgosdeporte.com\/index.php?rest_route=\/wp\/v2\/media\/153290"}],"wp:attachment":[{"href":"https:\/\/www.burgosdeporte.com\/index.php?rest_route=%2Fwp%2Fv2%2Fmedia&parent=153289"}],"wp:term":[{"taxonomy":"category","embeddable":true,"href":"https:\/\/www.burgosdeporte.com\/index.php?rest_route=%2Fwp%2Fv2%2Fcategories&post=153289"},{"taxonomy":"post_tag","embeddable":true,"href":"https:\/\/www.burgosdeporte.com\/index.php?rest_route=%2Fwp%2Fv2%2Ftags&post=153289"}],"curies":[{"name":"wp","href":"https:\/\/api.w.org\/{rel}","templated":true}]}}