{"id":153280,"date":"2026-04-11T23:08:16","date_gmt":"2026-04-11T21:08:16","guid":{"rendered":"https:\/\/www.burgosdeporte.com\/?p=153280"},"modified":"2026-04-12T23:58:52","modified_gmt":"2026-04-12T21:58:52","slug":"diaz-gallego-y-garcia-pierna-en-el-top-30-de-la-itzulia-basque-country","status":"publish","type":"post","link":"https:\/\/www.burgosdeporte.com\/?p=153280","title":{"rendered":"D\u00edaz Gallego y Garc\u00eda Pierna, en el top-30 de la Itzulia Basque Country"},"content":{"rendered":"\n<h2 class=\"wp-block-heading\"><strong>Ambos ciclistas del Burgos Burpellet BH terminaron en los puestos de honor de la clasificaci\u00f3n general, tras haber completado el jienense una nueva escapada en la \u00faltima etapa.<\/strong><\/h2>\n\n\n<div class=\"wp-block-image\">\n<figure class=\"aligncenter size-full is-resized\"><img loading=\"lazy\" decoding=\"async\" width=\"750\" height=\"265\" src=\"https:\/\/www.burgosdeporte.com\/wp-content\/uploads\/2025\/09\/tandem750x265.fw_.png\" alt=\"\" class=\"wp-image-144121\" style=\"aspect-ratio:2.8303480040941658;width:405px;height:auto\" srcset=\"https:\/\/www.burgosdeporte.com\/wp-content\/uploads\/2025\/09\/tandem750x265.fw_.png 750w, https:\/\/www.burgosdeporte.com\/wp-content\/uploads\/2025\/09\/tandem750x265.fw_-300x106.png 300w, https:\/\/www.burgosdeporte.com\/wp-content\/uploads\/2025\/09\/tandem750x265.fw_-150x53.png 150w, https:\/\/www.burgosdeporte.com\/wp-content\/uploads\/2025\/09\/tandem750x265.fw_-696x246.png 696w\" sizes=\"auto, (max-width: 750px) 100vw, 750px\" \/><\/figure>\n<\/div>\n\n\n<figure class=\"wp-block-table\"><table class=\"has-fixed-layout\"><tbody><tr><td>El Burgos Burpellet BH cerr\u00f3 su participaci\u00f3n en la Itzulia Basque Country (Vuelta al Pa\u00eds Vasco) con su cuarta escapada de la semana y dos hombres en el top-30 de la clasificaci\u00f3n general. Jos\u00e9 Manuel D\u00edaz entr\u00f3 en un grupo numeroso que logr\u00f3 distanciarse del pelot\u00f3n y rod\u00f3 fugado hasta los \u00faltimos puertos del d\u00eda. El jienense acaba 24\u00ba en la clasificaci\u00f3n final, por delante de su compa\u00f1ero Carlos Garc\u00eda Pierna, en el puesto 27\u00ba. Sinuh\u00e9 Fern\u00e1ndez, en la 41\u00ba posici\u00f3n, complet\u00f3 la buena actuaci\u00f3n de los morados, que terminaron 11\u00ba en la clasificaci\u00f3n por equipos de esta ronda por etapas del UCI WorldTour.<br><br>La jornada final de la Itzulia tuvo un guion parecido al de los d\u00edas previos, con el condicionante a\u00f1adido del cambio meteorol\u00f3gico. Los d\u00edas calurosos previos dieron paso al aut\u00e9ntico aguacero que cay\u00f3 sobre los corredores durante toda la carrera este s\u00e1bado. La lluvia no intimid\u00f3 a Jos\u00e9 Manuel D\u00edaz, que logr\u00f3 entrar en un grupo de 33 ciclistas que se deslig\u00f3 del pelot\u00f3n tras el puerto de Elosua, como respuesta al movimiento de cinco corredores que marchaban por delante. Rodando a buen ritmo, obtuvieron una ventaja m\u00e1xima de tres minutos sobre el grupo del l\u00edder en la primera de las dos vueltas en torno a Elgoibar.<br><br>El segundo paso por Elousa seleccion\u00f3 la fuga y D\u00edaz Gallego qued\u00f3 descolgado, rodando intercalado por delante del pelot\u00f3n de favoritos. El jienense se aferr\u00f3 al grupo del maillot amarillo camino de Azkarate y lo dio todo en la subida final a Asentzio, coronando junto a su compa\u00f1ero Carlos Garc\u00eda Pierna. Ambos llegaron juntos a la meta en Bergara, afianzando su top-30 en la general final. Tras ellos terminaba Sinuh\u00e9 Fern\u00e1ndez, tambi\u00e9n en puestos de puntos UCI, completando as\u00ed una dur\u00edsima carrera que \u00fanicamente logr\u00f3 finalizar la mitad del pelot\u00f3n que part\u00eda el lunes desde Bilbao.<br><br>La temporada del Burgos Burpellet BH contin\u00faa de forma ininterrumpida este mismo domingo con la Cl\u00e1sica de Pascua en la localidad coru\u00f1esa de Padr\u00f3n, como anticipo de O Gran Cami\u00f1o, que arrancar\u00e1 el pr\u00f3ximo martes. A partir del mi\u00e9rcoles, los morados competir\u00e1n entres pa\u00edses al mismo tiempo, al afrontar tambi\u00e9n el Tour de Hainan en China y el Tour de Limburgo y la Flecha Brabanzona en B\u00e9lgica. Una sucesi\u00f3n de pruebas que no se detendr\u00e1 hasta mediados de mayo, continuando con citas como la Vuelta a Asturias, el Tour de Turqu\u00eda o la esperada Lieja-Basto\u00f1a-Lieja, segundo monumento de la temporada para el UCI ProTeam burgal\u00e9s.<br><\/td><\/tr><\/tbody><\/table><\/figure>\n\n\n\n<figure class=\"wp-block-table\"><table class=\"has-fixed-layout\"><tbody><tr><td><\/td><\/tr><\/tbody><\/table><\/figure>\n\n\n\n<p><\/p>\n","protected":false},"excerpt":{"rendered":"<p>Ambos ciclistas del Burgos Burpellet BH terminaron en los puestos de honor de la clasificaci\u00f3n general, tras haber completado el jienense una nueva escapada en la \u00faltima etapa. El Burgos Burpellet BH cerr\u00f3 su participaci\u00f3n en la Itzulia Basque Country (Vuelta al Pa\u00eds Vasco) con su cuarta escapada de la semana y dos hombres en [&hellip;]<\/p>\n","protected":false},"author":10,"featured_media":153282,"comment_status":"closed","ping_status":"closed","sticky":false,"template":"","format":"standard","meta":{"_monsterinsights_skip_tracking":false,"_monsterinsights_sitenote_active":false,"_monsterinsights_sitenote_note":"","_monsterinsights_sitenote_category":0,"footnotes":""},"categories":[63],"tags":[1553,2284,445],"class_list":{"0":"post-153280","1":"post","2":"type-post","3":"status-publish","4":"format-standard","5":"has-post-thumbnail","7":"category-ciclismo","8":"tag-actualidad-2","9":"tag-burgosburpelletbh","10":"tag-itzulia"},"views":23,"_links":{"self":[{"href":"https:\/\/www.burgosdeporte.com\/index.php?rest_route=\/wp\/v2\/posts\/153280","targetHints":{"allow":["GET"]}}],"collection":[{"href":"https:\/\/www.burgosdeporte.com\/index.php?rest_route=\/wp\/v2\/posts"}],"about":[{"href":"https:\/\/www.burgosdeporte.com\/index.php?rest_route=\/wp\/v2\/types\/post"}],"author":[{"embeddable":true,"href":"https:\/\/www.burgosdeporte.com\/index.php?rest_route=\/wp\/v2\/users\/10"}],"replies":[{"embeddable":true,"href":"https:\/\/www.burgosdeporte.com\/index.php?rest_route=%2Fwp%2Fv2%2Fcomments&post=153280"}],"version-history":[{"count":1,"href":"https:\/\/www.burgosdeporte.com\/index.php?rest_route=\/wp\/v2\/posts\/153280\/revisions"}],"predecessor-version":[{"id":153284,"href":"https:\/\/www.burgosdeporte.com\/index.php?rest_route=\/wp\/v2\/posts\/153280\/revisions\/153284"}],"wp:featuredmedia":[{"embeddable":true,"href":"https:\/\/www.burgosdeporte.com\/index.php?rest_route=\/wp\/v2\/media\/153282"}],"wp:attachment":[{"href":"https:\/\/www.burgosdeporte.com\/index.php?rest_route=%2Fwp%2Fv2%2Fmedia&parent=153280"}],"wp:term":[{"taxonomy":"category","embeddable":true,"href":"https:\/\/www.burgosdeporte.com\/index.php?rest_route=%2Fwp%2Fv2%2Fcategories&post=153280"},{"taxonomy":"post_tag","embeddable":true,"href":"https:\/\/www.burgosdeporte.com\/index.php?rest_route=%2Fwp%2Fv2%2Ftags&post=153280"}],"curies":[{"name":"wp","href":"https:\/\/api.w.org\/{rel}","templated":true}]}}