{"id":153191,"date":"2026-04-10T16:20:12","date_gmt":"2026-04-10T14:20:12","guid":{"rendered":"https:\/\/www.burgosdeporte.com\/?p=153191"},"modified":"2026-04-10T16:43:48","modified_gmt":"2026-04-10T14:43:48","slug":"tres-espadistas-del-saes-bu-participaran-en-el-nacional-sub13","status":"publish","type":"post","link":"https:\/\/www.burgosdeporte.com\/?p=153191","title":{"rendered":"Tres espadistas del SAES-BU participar\u00e1n en el nacional sub13"},"content":{"rendered":"\n<p><strong><em>Los tiradores de la Sala de Esgrima de Burgos competir\u00e1n en Vic\u00e1lvaro (Madrid)<\/em><\/strong><\/p>\n\n\n<div class=\"wp-block-image\">\n<figure class=\"aligncenter size-full\"><a href=\"https:\/\/castillafloristeria.com\/\" target=\"_blank\" rel=\" noreferrer noopener\"><img loading=\"lazy\" decoding=\"async\" width=\"300\" height=\"90\" src=\"https:\/\/www.burgosdeporte.com\/wp-content\/uploads\/2023\/10\/floristeria_castilla.fw_.png\" alt=\"\" class=\"wp-image-108421\" srcset=\"https:\/\/www.burgosdeporte.com\/wp-content\/uploads\/2023\/10\/floristeria_castilla.fw_.png 300w, https:\/\/www.burgosdeporte.com\/wp-content\/uploads\/2023\/10\/floristeria_castilla.fw_-150x45.png 150w\" sizes=\"auto, (max-width: 300px) 100vw, 300px\" \/><\/a><\/figure>\n<\/div>\n\n\n<p>La Sala de Esgrima de Burgos vivir\u00e1 este domingo uno de los momentos m\u00e1s esperados de la temporada con la participaci\u00f3n de sus tiradores en el Campeonato de Espa\u00f1a de menores de 13 a\u00f1os, en la modalidad de espada, que se celebrar\u00e1 en la localidad madrile\u00f1a de Vic\u00e1lvaro.<\/p>\n\n\n\n<p>El equipo burgal\u00e9s acudir\u00e1 a la cita con importantes opciones de \u00e9xito. Irene Gonz\u00e1lez y Mar\u00eda Gonz\u00e1lez, actualmente situadas en los puestos 6 y 7 del ranking nacional, parten como firmes candidatas en la lucha por las medallas, respaldadas por su regularidad y resultados a lo largo de la temporada.<\/p>\n\n\n\n<p>Junto a ellas competir\u00e1 tambi\u00e9n Pablo Coraz\u00f3n, de tan solo 11 a\u00f1os, quien ha logrado clasificarse para el campeonato tras completar todas las fases previas, demostrando un notable rendimiento pese a su juventud.<\/p>\n\n\n\n<p>Desde el club destacan el trabajo constante y la planificaci\u00f3n desarrollada desde el inicio de la temporada, el pasado mes de septiembre, como claves del progreso de sus tiradores. Con un alto nivel demostrado durante el curso, la entidad conf\u00eda ahora en que los resultados acompa\u00f1en en esta cita decisiva del calendario nacional.<\/p>\n","protected":false},"excerpt":{"rendered":"<p>Los tiradores de la Sala de Esgrima de Burgos competir\u00e1n en Vic\u00e1lvaro (Madrid) La Sala de Esgrima de Burgos vivir\u00e1 este domingo uno de los momentos m\u00e1s esperados de la temporada con la participaci\u00f3n de sus tiradores en el Campeonato de Espa\u00f1a de menores de 13 a\u00f1os, en la modalidad de espada, que se celebrar\u00e1 [&hellip;]<\/p>\n","protected":false},"author":10,"featured_media":153192,"comment_status":"closed","ping_status":"closed","sticky":false,"template":"","format":"standard","meta":{"_monsterinsights_skip_tracking":false,"_monsterinsights_sitenote_active":false,"_monsterinsights_sitenote_note":"","_monsterinsights_sitenote_category":0,"footnotes":""},"categories":[53,15],"tags":[1553,54,55],"class_list":{"0":"post-153191","1":"post","2":"type-post","3":"status-publish","4":"format-standard","5":"has-post-thumbnail","7":"category-esgrima","8":"category-otros","9":"tag-actualidad-2","10":"tag-esgrima","11":"tag-saesbu"},"views":42,"_links":{"self":[{"href":"https:\/\/www.burgosdeporte.com\/index.php?rest_route=\/wp\/v2\/posts\/153191","targetHints":{"allow":["GET"]}}],"collection":[{"href":"https:\/\/www.burgosdeporte.com\/index.php?rest_route=\/wp\/v2\/posts"}],"about":[{"href":"https:\/\/www.burgosdeporte.com\/index.php?rest_route=\/wp\/v2\/types\/post"}],"author":[{"embeddable":true,"href":"https:\/\/www.burgosdeporte.com\/index.php?rest_route=\/wp\/v2\/users\/10"}],"replies":[{"embeddable":true,"href":"https:\/\/www.burgosdeporte.com\/index.php?rest_route=%2Fwp%2Fv2%2Fcomments&post=153191"}],"version-history":[{"count":1,"href":"https:\/\/www.burgosdeporte.com\/index.php?rest_route=\/wp\/v2\/posts\/153191\/revisions"}],"predecessor-version":[{"id":153194,"href":"https:\/\/www.burgosdeporte.com\/index.php?rest_route=\/wp\/v2\/posts\/153191\/revisions\/153194"}],"wp:featuredmedia":[{"embeddable":true,"href":"https:\/\/www.burgosdeporte.com\/index.php?rest_route=\/wp\/v2\/media\/153192"}],"wp:attachment":[{"href":"https:\/\/www.burgosdeporte.com\/index.php?rest_route=%2Fwp%2Fv2%2Fmedia&parent=153191"}],"wp:term":[{"taxonomy":"category","embeddable":true,"href":"https:\/\/www.burgosdeporte.com\/index.php?rest_route=%2Fwp%2Fv2%2Fcategories&post=153191"},{"taxonomy":"post_tag","embeddable":true,"href":"https:\/\/www.burgosdeporte.com\/index.php?rest_route=%2Fwp%2Fv2%2Ftags&post=153191"}],"curies":[{"name":"wp","href":"https:\/\/api.w.org\/{rel}","templated":true}]}}