{"id":153188,"date":"2026-04-10T16:15:58","date_gmt":"2026-04-10T14:15:58","guid":{"rendered":"https:\/\/www.burgosdeporte.com\/?p=153188"},"modified":"2026-04-10T16:44:00","modified_gmt":"2026-04-10T14:44:00","slug":"el-esgrima-cid-acude-a-los-campeonatos-de-espana-m13","status":"publish","type":"post","link":"https:\/\/www.burgosdeporte.com\/?p=153188","title":{"rendered":"El Esgrima Cid acude a los campeonatos de Espa\u00f1a m13"},"content":{"rendered":"\n<p><strong><em>Los tiradores de sable se desplazar\u00e1n a la localidad madrile\u00f1a de Vic\u00e1lvaro<\/em><\/strong><\/p>\n\n\n<div class=\"wp-block-image\">\n<figure class=\"aligncenter size-full is-resized\"><a href=\"https:\/\/www.ferroplas.com\/\" target=\"_blank\" rel=\" noreferrer noopener\"><img loading=\"lazy\" decoding=\"async\" width=\"900\" height=\"412\" src=\"https:\/\/www.burgosdeporte.com\/wp-content\/uploads\/2025\/05\/Ferroplas-1.jpg\" alt=\"\" class=\"wp-image-140430\" style=\"aspect-ratio:2.1844224680599615;width:411px;height:auto\" srcset=\"https:\/\/www.burgosdeporte.com\/wp-content\/uploads\/2025\/05\/Ferroplas-1.jpg 900w, https:\/\/www.burgosdeporte.com\/wp-content\/uploads\/2025\/05\/Ferroplas-1-300x137.jpg 300w, https:\/\/www.burgosdeporte.com\/wp-content\/uploads\/2025\/05\/Ferroplas-1-768x352.jpg 768w, https:\/\/www.burgosdeporte.com\/wp-content\/uploads\/2025\/05\/Ferroplas-1-150x69.jpg 150w, https:\/\/www.burgosdeporte.com\/wp-content\/uploads\/2025\/05\/Ferroplas-1-696x319.jpg 696w\" sizes=\"auto, (max-width: 900px) 100vw, 900px\" \/><\/a><\/figure>\n<\/div>\n\n\n<p>Vic\u00e1lvaro (Madrid) acoge estos d\u00edas el Campeonato de Espa\u00f1a M13 de sable, una cita clave para las nuevas generaciones de la esgrima nacional. Entre los participantes destacan los j\u00f3venes tiradores Imanol Garc\u00eda, Marco, Daniela Garc\u00eda y Paula Rodr\u00edguez, quienes afrontan su primera experiencia en una competici\u00f3n de \u00e1mbito nacional.<\/p>\n\n\n\n<p>Para Imanol Garc\u00eda, residente en Budapest, este campeonato tiene un significado especial, ya que supone su primera y \u00faltima participaci\u00f3n en la categor\u00eda antes de dar el salto a un nivel superior.<\/p>\n\n\n\n<p>Con mayor experiencia que el resto de sus compa\u00f1eros, Imanol sigue de cerca los pasos de su hermano Javier, actual campe\u00f3n de Espa\u00f1a M-15 y candidato a mejor deportista de base en la gala del deporte. Ser\u00e1 el propio Imanol quien recoja el diploma en nombre de su hermano, arropado por su familia llegada desde Aranda de Duero.<\/p>\n\n\n\n<p>Por su parte, Paula Rodr\u00edguez, Daniela Garc\u00eda y Marco \u2014nacidos en 2015\u2014 se estrenan este a\u00f1o en la categor\u00eda M13 con ilusi\u00f3n y ambici\u00f3n. Paula, la m\u00e1s experimentada del grupo, ya sabe lo que es ganar a nivel nacional tras imponerse en el Crit\u00e9rium en categor\u00eda de nueve y diez a\u00f1os. Su progresi\u00f3n la sit\u00faa como una de las j\u00f3venes a seguir en este nuevo escenario competitivo.<\/p>\n\n\n\n<p>Los hermanos Daniela y Marco han comenzado esta temporada en la esgrima, pero su entusiasmo les ha llevado a dar el salto a la competici\u00f3n nacional. Conscientes del reto que supone, afrontan el campeonato con el objetivo de sumar experiencia, considerando cada punto como un logro y cada victoria como un \u00e9xito significativo.<\/p>\n\n\n\n<p>La categor\u00eda M13 se estrena esta temporada como un nuevo escal\u00f3n dentro del sistema competitivo nacional, marcando la transici\u00f3n desde el Crit\u00e9rium hacia las categor\u00edas superiores. Esta iniciativa de la federaci\u00f3n espa\u00f1ola busca potenciar la detecci\u00f3n temprana de talento, permitiendo la participaci\u00f3n de deportistas nacidos entre 2013 y 2015. El calendario incluye dos torneos nacionales, adem\u00e1s del campeonato de Espa\u00f1a en modalidad individual y por equipos, consolidando as\u00ed un nuevo espacio para el desarrollo de futuras figuras de la esgrima espa\u00f1ola.<\/p>\n","protected":false},"excerpt":{"rendered":"<p>Los tiradores de sable se desplazar\u00e1n a la localidad madrile\u00f1a de Vic\u00e1lvaro Vic\u00e1lvaro (Madrid) acoge estos d\u00edas el Campeonato de Espa\u00f1a M13 de sable, una cita clave para las nuevas generaciones de la esgrima nacional. Entre los participantes destacan los j\u00f3venes tiradores Imanol Garc\u00eda, Marco, Daniela Garc\u00eda y Paula Rodr\u00edguez, quienes afrontan su primera experiencia [&hellip;]<\/p>\n","protected":false},"author":10,"featured_media":153189,"comment_status":"closed","ping_status":"closed","sticky":false,"template":"","format":"standard","meta":{"_monsterinsights_skip_tracking":false,"_monsterinsights_sitenote_active":false,"_monsterinsights_sitenote_note":"","_monsterinsights_sitenote_category":0,"footnotes":""},"categories":[53,15],"tags":[1553,54,87],"class_list":{"0":"post-153188","1":"post","2":"type-post","3":"status-publish","4":"format-standard","5":"has-post-thumbnail","7":"category-esgrima","8":"category-otros","9":"tag-actualidad-2","10":"tag-esgrima","11":"tag-esgrimacid"},"views":35,"_links":{"self":[{"href":"https:\/\/www.burgosdeporte.com\/index.php?rest_route=\/wp\/v2\/posts\/153188","targetHints":{"allow":["GET"]}}],"collection":[{"href":"https:\/\/www.burgosdeporte.com\/index.php?rest_route=\/wp\/v2\/posts"}],"about":[{"href":"https:\/\/www.burgosdeporte.com\/index.php?rest_route=\/wp\/v2\/types\/post"}],"author":[{"embeddable":true,"href":"https:\/\/www.burgosdeporte.com\/index.php?rest_route=\/wp\/v2\/users\/10"}],"replies":[{"embeddable":true,"href":"https:\/\/www.burgosdeporte.com\/index.php?rest_route=%2Fwp%2Fv2%2Fcomments&post=153188"}],"version-history":[{"count":1,"href":"https:\/\/www.burgosdeporte.com\/index.php?rest_route=\/wp\/v2\/posts\/153188\/revisions"}],"predecessor-version":[{"id":153190,"href":"https:\/\/www.burgosdeporte.com\/index.php?rest_route=\/wp\/v2\/posts\/153188\/revisions\/153190"}],"wp:featuredmedia":[{"embeddable":true,"href":"https:\/\/www.burgosdeporte.com\/index.php?rest_route=\/wp\/v2\/media\/153189"}],"wp:attachment":[{"href":"https:\/\/www.burgosdeporte.com\/index.php?rest_route=%2Fwp%2Fv2%2Fmedia&parent=153188"}],"wp:term":[{"taxonomy":"category","embeddable":true,"href":"https:\/\/www.burgosdeporte.com\/index.php?rest_route=%2Fwp%2Fv2%2Fcategories&post=153188"},{"taxonomy":"post_tag","embeddable":true,"href":"https:\/\/www.burgosdeporte.com\/index.php?rest_route=%2Fwp%2Fv2%2Ftags&post=153188"}],"curies":[{"name":"wp","href":"https:\/\/api.w.org\/{rel}","templated":true}]}}