{"id":153142,"date":"2026-04-09T16:54:56","date_gmt":"2026-04-09T14:54:56","guid":{"rendered":"https:\/\/www.burgosdeporte.com\/?p=153142"},"modified":"2026-04-09T16:56:33","modified_gmt":"2026-04-09T14:56:33","slug":"sigue-en-directo-la-gala-del-deporte-burgales-este-jueves-2000-h","status":"publish","type":"post","link":"https:\/\/www.burgosdeporte.com\/?p=153142","title":{"rendered":"Sigue en directo la Gala del Deporte Burgal\u00e9s este jueves.- 20,00 h."},"content":{"rendered":"\n<h2 class=\"wp-block-heading\">Se desarrolla en el Teatro Principal de Burgos d\u00e1ndose a conocer los premiados en los distintos apartados y la elecci\u00f3n del Mejor Deportista Burgal\u00e9s. <\/h2>\n\n\n\n<p>Este jueves, a las 20.00 horas en el Teatro Principal de Burgos, se celebrar\u00e1 la Gala Provincial del Deporte Burgal\u00e9s organizada por la Asociaci\u00f3n de la Prensa Deportiva de Burgos (APDB) con la colaboraci\u00f3n del Ayuntamiento de Burgos, la Diputaci\u00f3n Provincial y la Junta de Castilla y Le\u00f3n. Se reconocer\u00e1n los m\u00e9ritos de los mejores deportistas de la provincia durante el a\u00f1o pasado.<\/p>\n\n\n\n<p><strong>PUEDES VERLO EN DIRECTO AQU\u00cd DESDE LAS 19,50 H.  <\/strong><\/p>\n\n\n\n<figure class=\"wp-block-embed is-type-video is-provider-youtube wp-block-embed-youtube wp-embed-aspect-4-3 wp-has-aspect-ratio\"><div class=\"wp-block-embed__wrapper\">\n<div class=\"youtube-embed\" data-video_id=\"ZxN1zu7bZw0\"><iframe loading=\"lazy\" title=\"Gala del Deporte Burgal\u00e9s 2026\" width=\"696\" height=\"522\" src=\"https:\/\/www.youtube.com\/embed\/ZxN1zu7bZw0?feature=oembed&#038;enablejsapi=1\" frameborder=\"0\" allow=\"accelerometer; autoplay; clipboard-write; encrypted-media; gyroscope; picture-in-picture; web-share\" referrerpolicy=\"strict-origin-when-cross-origin\" allowfullscreen><\/iframe><\/div>\n<\/div><\/figure>\n\n\n\n<p>Se premiar\u00e1n los distintos apartados:<\/p>\n\n\n\n<p>Deportista Absoluto, Deportista Veterano, Deportista Discapacidad, Entrenador-T\u00e9cnico Deportivo, Deportista Base, \u00c1rbitro-Juez Deportivo, Dirigente Deportivo, Centro Docente, Entidad Patrocinadora y Entidad Deportiva o Club.<\/p>\n\n\n\n<p>La atenci\u00f3n principal estar\u00e1 centrada en la elecci\u00f3n de Mejor Deportista Absoluto, que cuenta entre los nominados con deportistas como la futbolista Adriana Nanclares, el atleta David Gonz\u00e1lez, la nadadora Marta Fern\u00e1ndez, la ciclista Sara Mart\u00edn, el jugador de tenis de mesa Daniel Berzosa, el jugador del rugby Adri\u00e1n Garc\u00eda y el de balonmano  Pablo G\u00f3mez, entre otros deportistas que han destacado por su trayectoria durante 2025.  <\/p>\n\n\n\n<p>El acceso al Teatro Principal de Burgos se llevar\u00e1 a cabo mediante invitaci\u00f3n. Como siempre no quedar\u00e1 ni una butaca libre y se espera la asistencia de las principales autoridades burgalesas.<\/p>\n","protected":false},"excerpt":{"rendered":"<p>Se desarrolla en el Teatro Principal de Burgos d\u00e1ndose a conocer los premiados en los distintos apartados y la elecci\u00f3n del Mejor Deportista Burgal\u00e9s. Este jueves, a las 20.00 horas en el Teatro Principal de Burgos, se celebrar\u00e1 la Gala Provincial del Deporte Burgal\u00e9s organizada por la Asociaci\u00f3n de la Prensa Deportiva de Burgos (APDB) [&hellip;]<\/p>\n","protected":false},"author":10,"featured_media":153143,"comment_status":"closed","ping_status":"closed","sticky":false,"template":"","format":"standard","meta":{"_monsterinsights_skip_tracking":false,"_monsterinsights_sitenote_active":false,"_monsterinsights_sitenote_note":"","_monsterinsights_sitenote_category":0,"footnotes":""},"categories":[15,8],"tags":[162,320],"class_list":{"0":"post-153142","1":"post","2":"type-post","3":"status-publish","4":"format-standard","5":"has-post-thumbnail","7":"category-otros","8":"category-tipo-noticia","9":"tag-asociacionprensadeportiva","10":"tag-galadeldeporteburgales"},"views":329,"_links":{"self":[{"href":"https:\/\/www.burgosdeporte.com\/index.php?rest_route=\/wp\/v2\/posts\/153142","targetHints":{"allow":["GET"]}}],"collection":[{"href":"https:\/\/www.burgosdeporte.com\/index.php?rest_route=\/wp\/v2\/posts"}],"about":[{"href":"https:\/\/www.burgosdeporte.com\/index.php?rest_route=\/wp\/v2\/types\/post"}],"author":[{"embeddable":true,"href":"https:\/\/www.burgosdeporte.com\/index.php?rest_route=\/wp\/v2\/users\/10"}],"replies":[{"embeddable":true,"href":"https:\/\/www.burgosdeporte.com\/index.php?rest_route=%2Fwp%2Fv2%2Fcomments&post=153142"}],"version-history":[{"count":2,"href":"https:\/\/www.burgosdeporte.com\/index.php?rest_route=\/wp\/v2\/posts\/153142\/revisions"}],"predecessor-version":[{"id":153145,"href":"https:\/\/www.burgosdeporte.com\/index.php?rest_route=\/wp\/v2\/posts\/153142\/revisions\/153145"}],"wp:featuredmedia":[{"embeddable":true,"href":"https:\/\/www.burgosdeporte.com\/index.php?rest_route=\/wp\/v2\/media\/153143"}],"wp:attachment":[{"href":"https:\/\/www.burgosdeporte.com\/index.php?rest_route=%2Fwp%2Fv2%2Fmedia&parent=153142"}],"wp:term":[{"taxonomy":"category","embeddable":true,"href":"https:\/\/www.burgosdeporte.com\/index.php?rest_route=%2Fwp%2Fv2%2Fcategories&post=153142"},{"taxonomy":"post_tag","embeddable":true,"href":"https:\/\/www.burgosdeporte.com\/index.php?rest_route=%2Fwp%2Fv2%2Ftags&post=153142"}],"curies":[{"name":"wp","href":"https:\/\/api.w.org\/{rel}","templated":true}]}}