{"id":153109,"date":"2026-04-09T14:22:46","date_gmt":"2026-04-09T12:22:46","guid":{"rendered":"https:\/\/www.burgosdeporte.com\/?p=153109"},"modified":"2026-04-10T16:44:24","modified_gmt":"2026-04-10T14:44:24","slug":"interesante-y-participada-mesa-redonda-sobre-la-ley-del-deporte","status":"publish","type":"post","link":"https:\/\/www.burgosdeporte.com\/?p=153109","title":{"rendered":"Interesante y participada mesa redonda sobre la Ley del Deporte"},"content":{"rendered":"\n<p><strong><em>Se desarroll\u00f3 en la Universidad de Burgos con una conferencia del Catedr\u00e1tico de Derecho Administrativo, Santiago Bello, y el CEO del Burgos CF, Alejandro Grandinetti<\/em><\/strong><\/p>\n\n\n\n<p class=\"has-text-align-right\">(<em>Fotograf\u00edas: APDB\/Fernando Miguel<\/em>)<\/p>\n\n\n<div class=\"wp-block-image\">\n<figure class=\"aligncenter size-full\"><a href=\"https:\/\/www.cajaviva.es\/\" target=\"_blank\" rel=\" noreferrer noopener\"><img loading=\"lazy\" decoding=\"async\" width=\"300\" height=\"250\" src=\"https:\/\/www.burgosdeporte.com\/wp-content\/uploads\/2026\/03\/BURGOS-DEPORTE-300X250.png\" alt=\"\" class=\"wp-image-152489\" srcset=\"https:\/\/www.burgosdeporte.com\/wp-content\/uploads\/2026\/03\/BURGOS-DEPORTE-300X250.png 300w, https:\/\/www.burgosdeporte.com\/wp-content\/uploads\/2026\/03\/BURGOS-DEPORTE-300X250-150x125.png 150w\" sizes=\"auto, (max-width: 300px) 100vw, 300px\" \/><\/a><\/figure>\n<\/div>\n\n\n<p>Organizada por la Asociaci\u00f3n de la Prensa Deportiva de Burgos tuvo lugar este mi\u00e9rcoles en el Aula de Romeros de la Universidad de Burgos, una mesa redonda sobre la actual Ley del Deporte de 2022.<\/p>\n\n\n\n<p>El acto, presentado por el periodista, Jos\u00e9 Luis L\u00f3pez, se inici\u00f3 con una conferencia del Catedr\u00e1tico de Derecho Administrativo, Santiago Bello, sobre los avatares que rodearon la puesta en marcha de la nueva Ley, que incluye importantes novedades para la gesti\u00f3n del Deporte en Espa\u00f1a.<\/p>\n\n\n\n<p>Santiago Bello destac\u00f3 como uno de los elementos m\u00e1s significativos la no exigencia de que los clubes se constituyan en Sociedad An\u00f3nima Deportiva para poder competir en el deporte profesional. Destac\u00f3 que la decisi\u00f3n estuvo motivada por presiones pol\u00edticas, al haber ascendido a Segunda Divisi\u00f3n el equipo vasco del Amorebieta, cuya estructura le hac\u00eda imposible competir en esta categor\u00eda si no se eliminaba el requisito de la SAD.<\/p>\n\n\n\n<figure class=\"wp-block-image size-large\"><img loading=\"lazy\" decoding=\"async\" width=\"1024\" height=\"729\" src=\"https:\/\/www.burgosdeporte.com\/wp-content\/uploads\/2026\/04\/Mesa-redonda-Ley-del-Deporte-APDB-2-1024x729.jpg\" alt=\"\" class=\"wp-image-153111\" srcset=\"https:\/\/www.burgosdeporte.com\/wp-content\/uploads\/2026\/04\/Mesa-redonda-Ley-del-Deporte-APDB-2-1024x729.jpg 1024w, https:\/\/www.burgosdeporte.com\/wp-content\/uploads\/2026\/04\/Mesa-redonda-Ley-del-Deporte-APDB-2-300x214.jpg 300w, https:\/\/www.burgosdeporte.com\/wp-content\/uploads\/2026\/04\/Mesa-redonda-Ley-del-Deporte-APDB-2-768x547.jpg 768w, https:\/\/www.burgosdeporte.com\/wp-content\/uploads\/2026\/04\/Mesa-redonda-Ley-del-Deporte-APDB-2-150x107.jpg 150w, https:\/\/www.burgosdeporte.com\/wp-content\/uploads\/2026\/04\/Mesa-redonda-Ley-del-Deporte-APDB-2-696x495.jpg 696w, https:\/\/www.burgosdeporte.com\/wp-content\/uploads\/2026\/04\/Mesa-redonda-Ley-del-Deporte-APDB-2-1068x760.jpg 1068w, https:\/\/www.burgosdeporte.com\/wp-content\/uploads\/2026\/04\/Mesa-redonda-Ley-del-Deporte-APDB-2-100x70.jpg 100w, https:\/\/www.burgosdeporte.com\/wp-content\/uploads\/2026\/04\/Mesa-redonda-Ley-del-Deporte-APDB-2.jpg 1200w\" sizes=\"auto, (max-width: 1024px) 100vw, 1024px\" \/><figcaption class=\"wp-element-caption\">Santiago Bello, durante su intervenci\u00f3n hablando de la Ley del Deporte.<\/figcaption><\/figure>\n\n\n\n<p>Bello tambi\u00e9n a\u00f1adi\u00f3 que la actual Ley del Deporte no se ha podido desarrollar en su totalidad por la falta de instrumentos para ello. En su opini\u00f3n, pese a sus carencias, presenta aspectos positivos al plantear una notable descentralizaci\u00f3n respecto a la gesti\u00f3n estatal en beneficio de los agentes privados, lo cual acerca la legislaci\u00f3n a la actual normativa europea.<\/p>\n\n\n\n<p>Por su parte,&nbsp; el CEO del Burgos, Alejandro Gradinetti, que intervino a continuaci\u00f3n, consider\u00f3 la actual Ley del Deporte de Espa\u00f1a muy positiva por permitir e incentivar el crecimiento de los clubes y hacer posible que, con peque\u00f1os presupuestos, puedan competir con los grandes equipos. A este respecto asegur\u00f3 que el Burgos CF puede estar preparado para un posible ascenso de categor\u00eda en poco tiempo y destac\u00f3 el esfuerzo de todos los estamentos del Club para mejorar d\u00eda a d\u00eda en los distintos \u00e1mbitos de gesti\u00f3n.<\/p>\n\n\n\n<p>Interesantes exposiciones, que dieron paso posteriormente a las preguntas de los asistentes al acto, en un animado coloquio. Desde la Asociaci\u00f3n de la Prensa Deportiva se hace una valoraci\u00f3n muy positiva de esta iniciativa, que ha sido posible gracias a la colaboraci\u00f3n de la Universidad de Burgos.<\/p>\n","protected":false},"excerpt":{"rendered":"<p>Se desarroll\u00f3 en la Universidad de Burgos con una conferencia del Catedr\u00e1tico de Derecho Administrativo, Santiago Bello, y el CEO del Burgos CF, Alejandro Grandinetti (Fotograf\u00edas: APDB\/Fernando Miguel) Organizada por la Asociaci\u00f3n de la Prensa Deportiva de Burgos tuvo lugar este mi\u00e9rcoles en el Aula de Romeros de la Universidad de Burgos, una mesa redonda [&hellip;]<\/p>\n","protected":false},"author":3,"featured_media":153110,"comment_status":"closed","ping_status":"closed","sticky":false,"template":"","format":"standard","meta":{"_monsterinsights_skip_tracking":false,"_monsterinsights_sitenote_active":false,"_monsterinsights_sitenote_note":"","_monsterinsights_sitenote_category":0,"footnotes":""},"categories":[15],"tags":[1553,398,1846],"class_list":{"0":"post-153109","1":"post","2":"type-post","3":"status-publish","4":"format-standard","5":"has-post-thumbnail","7":"category-otros","8":"tag-actualidad-2","9":"tag-apdburgos","10":"tag-jornadasdeldeporteburgales-2"},"views":59,"_links":{"self":[{"href":"https:\/\/www.burgosdeporte.com\/index.php?rest_route=\/wp\/v2\/posts\/153109","targetHints":{"allow":["GET"]}}],"collection":[{"href":"https:\/\/www.burgosdeporte.com\/index.php?rest_route=\/wp\/v2\/posts"}],"about":[{"href":"https:\/\/www.burgosdeporte.com\/index.php?rest_route=\/wp\/v2\/types\/post"}],"author":[{"embeddable":true,"href":"https:\/\/www.burgosdeporte.com\/index.php?rest_route=\/wp\/v2\/users\/3"}],"replies":[{"embeddable":true,"href":"https:\/\/www.burgosdeporte.com\/index.php?rest_route=%2Fwp%2Fv2%2Fcomments&post=153109"}],"version-history":[{"count":1,"href":"https:\/\/www.burgosdeporte.com\/index.php?rest_route=\/wp\/v2\/posts\/153109\/revisions"}],"predecessor-version":[{"id":153112,"href":"https:\/\/www.burgosdeporte.com\/index.php?rest_route=\/wp\/v2\/posts\/153109\/revisions\/153112"}],"wp:featuredmedia":[{"embeddable":true,"href":"https:\/\/www.burgosdeporte.com\/index.php?rest_route=\/wp\/v2\/media\/153110"}],"wp:attachment":[{"href":"https:\/\/www.burgosdeporte.com\/index.php?rest_route=%2Fwp%2Fv2%2Fmedia&parent=153109"}],"wp:term":[{"taxonomy":"category","embeddable":true,"href":"https:\/\/www.burgosdeporte.com\/index.php?rest_route=%2Fwp%2Fv2%2Fcategories&post=153109"},{"taxonomy":"post_tag","embeddable":true,"href":"https:\/\/www.burgosdeporte.com\/index.php?rest_route=%2Fwp%2Fv2%2Ftags&post=153109"}],"curies":[{"name":"wp","href":"https:\/\/api.w.org\/{rel}","templated":true}]}}