{"id":153106,"date":"2026-04-09T14:14:55","date_gmt":"2026-04-09T12:14:55","guid":{"rendered":"https:\/\/www.burgosdeporte.com\/?p=153106"},"modified":"2026-04-10T16:44:31","modified_gmt":"2026-04-10T14:44:31","slug":"daniel-cavia-y-sinuhe-destacados-para-el-burgos-burpellet-bh-en-sus-carreras","status":"publish","type":"post","link":"https:\/\/www.burgosdeporte.com\/?p=153106","title":{"rendered":"Daniel Cavia y Sinuh\u00e9, destacados para el Burgos Burpellet BH en sus carreras"},"content":{"rendered":"\n<p><strong><em>Daniel Cavia acaba 12\u00ba en el Scheldeprijs y Sinuh\u00e9 se muestra en la fuga de la Itzulia<\/em><\/strong><\/p>\n\n\n\n<p class=\"has-text-align-right\">(<em>Fotograf\u00eda: Vincent Kalut \/ Sprint Cycling Agency<\/em>)<\/p>\n\n\n<div class=\"wp-block-image\">\n<figure class=\"aligncenter size-full is-resized\"><a href=\"https:\/\/www.hotelciudaddeburgos.com\/es\/\" target=\"_blank\" rel=\" noreferrer noopener\"><img loading=\"lazy\" decoding=\"async\" width=\"989\" height=\"431\" src=\"https:\/\/www.burgosdeporte.com\/wp-content\/uploads\/2025\/05\/LOGO-SPIRIT-HCB-NEGRO.png\" alt=\"\" class=\"wp-image-140419\" style=\"aspect-ratio:2.2946285279482748;width:324px;height:auto\" srcset=\"https:\/\/www.burgosdeporte.com\/wp-content\/uploads\/2025\/05\/LOGO-SPIRIT-HCB-NEGRO.png 989w, https:\/\/www.burgosdeporte.com\/wp-content\/uploads\/2025\/05\/LOGO-SPIRIT-HCB-NEGRO-300x131.png 300w, https:\/\/www.burgosdeporte.com\/wp-content\/uploads\/2025\/05\/LOGO-SPIRIT-HCB-NEGRO-768x335.png 768w, https:\/\/www.burgosdeporte.com\/wp-content\/uploads\/2025\/05\/LOGO-SPIRIT-HCB-NEGRO-150x65.png 150w, https:\/\/www.burgosdeporte.com\/wp-content\/uploads\/2025\/05\/LOGO-SPIRIT-HCB-NEGRO-696x303.png 696w\" sizes=\"auto, (max-width: 989px) 100vw, 989px\" \/><\/a><\/figure>\n<\/div>\n\n\n<p>Daniel Cavia se qued\u00f3 a las puertas del top-10 en la cl\u00e1sica belga Scheldeprijs tras completar un gran sprint final en la localidad de Schoten. El vallisoletano del Burgos Burpellet BH acab\u00f3 12\u00ba en la volata masiva. C\u00e9sar Mac\u00edas (19\u00ba) y Rodrigo \u00c1lvarez (28\u00ba) sumaron tambi\u00e9n puntos UCI en una llegada con mucha tensi\u00f3n y algunas ca\u00eddas. Los morados se desenvolvieron a la perfecci\u00f3n y mantuvieron sus opciones hasta la recta final. En la Itzulia Basque Country, el equipo burgal\u00e9s volvi\u00f3 a mostrarse en la escapada por medio de Sinuh\u00e9 Fern\u00e1ndez, que fue atrapado por el pelot\u00f3n a cinco kil\u00f3metros del final. Adem\u00e1s, Josh Burnett ya se encuentra en Australia para disputar este jueves y viernes el Campeonato de Ocean\u00eda.<\/p>\n\n\n\n<p>El Burgos Burpellet BH firm\u00f3 una gran actuaci\u00f3n en otra de las cl\u00e1sicas flamencas que disputa esta primavera. El Scheldeprijs -o Gran Premio del Escalda- se decidi\u00f3, como estaba previsto, con un sprint masivo de mucha tensi\u00f3n en el que los morados tuvieron siempre claro su objetivo. El tramo adoquinado de Broekstraat no fue suficientemente duro como para seleccionar el grupo, pero las ca\u00eddas s\u00ed provocaron varios cortes en la \u00faltima vuelta al circuito final. Ning\u00fan ciclista burgal\u00e9s se fue al suelo, pero Km\u00ednek, Sainbayar o Bouglas quedaron eliminados de la pelea, que se redujo a unos 40 ciclistas.<\/p>\n\n\n\n<p>En este grupo delantero aguantaron Rodrigo \u00c1lvarez, C\u00e9sar Mac\u00edas y Daniel Cavia. Los tres supieron moverse en el pelot\u00f3n, buscar los huecos y ganar posiciones. El burgal\u00e9s lleg\u00f3 a situarse casi en cabeza ejerciendo de lanzador y sus compa\u00f1eros esprintaron para acabar dentro del top-20. El vallisoletano termin\u00f3 12\u00ba y el mexicano, 19\u00ba. Una gran actuaci\u00f3n colectiva que premia el trabajo realizado en B\u00e9lgica en las \u00faltimas semanas. Las cl\u00e1sicas en este pa\u00eds continuar\u00e1n para el Burgos Burpellet BH la pr\u00f3xima semana, con el Tour de Limburgo y la Flecha Brabanzona.<\/p>\n\n\n\n<p>En la Vuelta al Pa\u00eds Vasco, el equipo burgal\u00e9s repiti\u00f3 presencia en la escapada en la tercera etapa. En esta ocasi\u00f3n fue Sinuh\u00e9 Fern\u00e1ndez quien entr\u00f3 en un grupo delantero de 16 ciclistas que se form\u00f3 a mitad de carrera. Durante las dos primeras horas, se sucedieron los ataques e intentos de fuga, con un Carlos Garc\u00eda Pierna muy activo en busca de la escapada. No fue hasta la subida a Barrerilla cuando se form\u00f3 el grupo definitivo que acabar\u00eda disput\u00e1ndose la victoria parcial.<\/p>\n\n\n\n<p>Sinuh\u00e9 aguant\u00f3 en cabeza de carrera hasta el encadenado de subidas a Bikotx-Gane y Sarasola, donde qued\u00f3 descolgado. Sin embargo, se uni\u00f3 a dos ciclistas que hab\u00edan saltado desde el pelot\u00f3n y aguant\u00f3 por delante del grupo principal hasta el repecho de Zaratamo, a cinco kil\u00f3metros de la meta. En el final en ascenso en Basauri, Lorenzo Quartucci acab\u00f3 en las primeras posiciones del pelot\u00f3n, donde tambi\u00e9n llegaron Jos\u00e9 Luis Faura, Jos\u00e9 Manuel D\u00edaz y Carlos Garc\u00eda Pierna. Todos ellos escalan en la clasificaci\u00f3n general, mientras que el Burgos Burpellet BH ya es s\u00e9ptimo en el ranking por equipos.<\/p>\n\n\n\n<p>La cuarta etapa de la Itzulia Basque Country traer\u00e1 de nuevo la monta\u00f1a con un recorrido marca de la casa. Hasta ocho ascensos enlazados a lo largo de los 168 kil\u00f3metros con inicio y final en Gald\u00e1cano. Un trazado circular en direcci\u00f3n a la costa a trav\u00e9s de Guernica y Bermeo y de regreso por Lezama y Derio. La subida a Aretxabalgane (4 km al 5%) ayudar\u00e1 a formar a la fuga, antes de que comiencen a encadenarse los ascensos a San Pelaio (5 km al 4%), Jata (4 km al 6%) y Unbe (2 km al 7%). Elorritxueta (8 km al 5%) a\u00f1adir\u00e1 m\u00e1s dureza a mitad de carrera, antes de los dos \u00faltimos obst\u00e1culos monta\u00f1osos: un nuevo paso por El Vivero (4 km al 8%), pero por otra de sus vertientes, y Legina (3 km al 7%). La llegada a Gald\u00e1cano ser\u00e1 tambi\u00e9n en un duro repecho final para escaladores.<\/p>\n\n\n\n<p>El Burgos Burpellet BH competir\u00e1 en un nuevo frente esta semana. Josh Burnett se encuentra en Mount Walker (Australia) para disputar el Campeonato de Ocean\u00eda. El neozeland\u00e9s disputar\u00e1 la contrarreloj individual en la madrugada del jueves sobre un recorrido de 18 kil\u00f3metros. El viernes volver\u00e1 a la acci\u00f3n el viernes en la prueba en ruta, que tendr\u00e1 lugar en un circuito de 28 kil\u00f3metros relativamente quebrados al que se dar\u00e1n cinco vueltas. La \u00faltima participaci\u00f3n de los morados en estos campeonatos se sald\u00f3 con una medalla de oro y una de plata, por parte de Aaron Gate en 2024, ya que el evento continental no se celebr\u00f3 en 2025.<\/p>\n","protected":false},"excerpt":{"rendered":"<p>Daniel Cavia acaba 12\u00ba en el Scheldeprijs y Sinuh\u00e9 se muestra en la fuga de la Itzulia (Fotograf\u00eda: Vincent Kalut \/ Sprint Cycling Agency) Daniel Cavia se qued\u00f3 a las puertas del top-10 en la cl\u00e1sica belga Scheldeprijs tras completar un gran sprint final en la localidad de Schoten. El vallisoletano del Burgos Burpellet BH [&hellip;]<\/p>\n","protected":false},"author":10,"featured_media":153107,"comment_status":"closed","ping_status":"closed","sticky":false,"template":"","format":"standard","meta":{"_monsterinsights_skip_tracking":false,"_monsterinsights_sitenote_active":false,"_monsterinsights_sitenote_note":"","_monsterinsights_sitenote_category":0,"footnotes":""},"categories":[63],"tags":[1553,11,64],"class_list":{"0":"post-153106","1":"post","2":"type-post","3":"status-publish","4":"format-standard","5":"has-post-thumbnail","7":"category-ciclismo","8":"tag-actualidad-2","9":"tag-burgosbh","10":"tag-ciclismo"},"views":28,"_links":{"self":[{"href":"https:\/\/www.burgosdeporte.com\/index.php?rest_route=\/wp\/v2\/posts\/153106","targetHints":{"allow":["GET"]}}],"collection":[{"href":"https:\/\/www.burgosdeporte.com\/index.php?rest_route=\/wp\/v2\/posts"}],"about":[{"href":"https:\/\/www.burgosdeporte.com\/index.php?rest_route=\/wp\/v2\/types\/post"}],"author":[{"embeddable":true,"href":"https:\/\/www.burgosdeporte.com\/index.php?rest_route=\/wp\/v2\/users\/10"}],"replies":[{"embeddable":true,"href":"https:\/\/www.burgosdeporte.com\/index.php?rest_route=%2Fwp%2Fv2%2Fcomments&post=153106"}],"version-history":[{"count":1,"href":"https:\/\/www.burgosdeporte.com\/index.php?rest_route=\/wp\/v2\/posts\/153106\/revisions"}],"predecessor-version":[{"id":153108,"href":"https:\/\/www.burgosdeporte.com\/index.php?rest_route=\/wp\/v2\/posts\/153106\/revisions\/153108"}],"wp:featuredmedia":[{"embeddable":true,"href":"https:\/\/www.burgosdeporte.com\/index.php?rest_route=\/wp\/v2\/media\/153107"}],"wp:attachment":[{"href":"https:\/\/www.burgosdeporte.com\/index.php?rest_route=%2Fwp%2Fv2%2Fmedia&parent=153106"}],"wp:term":[{"taxonomy":"category","embeddable":true,"href":"https:\/\/www.burgosdeporte.com\/index.php?rest_route=%2Fwp%2Fv2%2Fcategories&post=153106"},{"taxonomy":"post_tag","embeddable":true,"href":"https:\/\/www.burgosdeporte.com\/index.php?rest_route=%2Fwp%2Fv2%2Ftags&post=153106"}],"curies":[{"name":"wp","href":"https:\/\/api.w.org\/{rel}","templated":true}]}}