{"id":153093,"date":"2026-04-08T13:54:22","date_gmt":"2026-04-08T11:54:22","guid":{"rendered":"https:\/\/www.burgosdeporte.com\/?p=153093"},"modified":"2026-04-09T17:10:55","modified_gmt":"2026-04-09T15:10:55","slug":"encaramos-estas-ocho-jornadas-con-mucha-ilusion","status":"publish","type":"post","link":"https:\/\/www.burgosdeporte.com\/?p=153093","title":{"rendered":"\u201cEncaramos estas ocho jornadas con mucha ilusi\u00f3n\u201d"},"content":{"rendered":"\n<p><strong><em>El delantero del Burgos CF, Fer Ni\u00f1o, habla en la previa del partido frente al Sporting de Gij\u00f3n<\/em><\/strong><\/p>\n\n\n<div class=\"wp-block-image\">\n<figure class=\"aligncenter size-full\"><a href=\"https:\/\/www.cajaviva.es\/\" target=\"_blank\" rel=\" noreferrer noopener\"><img loading=\"lazy\" decoding=\"async\" width=\"300\" height=\"250\" src=\"https:\/\/www.burgosdeporte.com\/wp-content\/uploads\/2026\/03\/BURGOS-DEPORTE-300X250.png\" alt=\"\" class=\"wp-image-152489\" srcset=\"https:\/\/www.burgosdeporte.com\/wp-content\/uploads\/2026\/03\/BURGOS-DEPORTE-300X250.png 300w, https:\/\/www.burgosdeporte.com\/wp-content\/uploads\/2026\/03\/BURGOS-DEPORTE-300X250-150x125.png 150w\" sizes=\"auto, (max-width: 300px) 100vw, 300px\" \/><\/a><\/figure>\n<\/div>\n\n\n<p>Fer Ni\u00f1o ha sido el encargado de comparecer este mi\u00e9rcoles en rueda de prensa para analizar la previa del pr\u00f3ximo partido del Burgos CF, que recibir\u00e1 al Sporting de Gij\u00f3n, este s\u00e1bado, a las 16:15 horas, en El Plant\u00edo. El delantero ha hablado del buen momento personal y de los objetivos de los de Ramis para esta recta final de curso.<\/p>\n\n\n\n<p><strong>Ilusi\u00f3n para la recta final. <\/strong>\u201cParece un t\u00f3pico, pero encaramos estas ocho jornadas con mucha ilusi\u00f3n. Desde que estoy aqu\u00ed, nunca hab\u00eda vivido esta situaci\u00f3n. El a\u00f1o pasado por ejemplo mir\u00e1bamos m\u00e1s hacia abajo, y este a\u00f1o solo estamos mirando para arriba. Ahora que llega el momento y solo quedan ocho partidos, la recta final y lo m\u00e1s importante, veo al equipo con much\u00edsima ilusi\u00f3n, y sobre todo s\u00faper motivado\u201d.<\/p>\n\n\n\n<p><strong>An\u00e1lisis de la zona alta. <\/strong>\u201cLos de arriba siguen ganando todos, si no llega a ser porque M\u00e1laga CF y D\u00e9por empatan entre ellos, pues seguro que hubieran ganado tambi\u00e9n. Est\u00e1 el playoff muy caro, son todo equipazos, muy completos y no pinchan. A pesar de la racha que llevamos estamos empatados con otros 3 equipos. Si damos un \u00faltimo apret\u00f3n seguro que alg\u00fan equipo se desinfla, as\u00ed que esperemos que no seamos nosotros\u201d.<\/p>\n\n\n\n<p><strong>Grupo humano en el vestuario. <\/strong>\u201cCreo que pocos equipos en la categor\u00eda tienen el grupo humano que tenemos nosotros. Los locos que nos hemos juntado estamos todos de risas, pas\u00e1ndolo bien juntos, y creo que lo tienen pocos equipos porque yo nunca lo he vivido en otro sitio. Eso nos est\u00e1 haciendo pelear por lo que estamos peleando\u201d. \u201cLo que se vio en el v\u00eddeo del vestuario es lo que pasa todos los d\u00edas. Venimos a entrenar y venimos a pas\u00e1rnoslo bien, en otros sitios vas a entrenar y ya, pero aqu\u00ed venimos a trabajar obviamente, pero a disfrutar tambi\u00e9n. Esa es una baza a nuestro favor, y por eso creo que podemos luchar por algo muy bonito\u201d.<\/p>\n\n\n\n<p><strong>Mejor momento del equipo.<\/strong>\u201cEstamos en el mejor momento del a\u00f1o con diferencia, estamos en l\u00ednea ascendente, tanto ofensiva como defensivamente. Tenemos ocasiones de gol y nos est\u00e1 ayudando. La hoja de ruta ahora mismo es solo el Real Sporting, no vamos a obsesionarnos con el futuro cuando tenemos ahora un partido muy importante\u201d.<\/p>\n\n\n\n<p><strong>Buen rendimiento personal. <\/strong>\u201cLo m\u00e1s importante en el aspecto personal para m\u00ed es la paternidad. Me encuentro muy feliz por el nacimiento de mi hija, y creo que se est\u00e1 trasladando al campo. Espero que siga a este nivel en el resto de ocho jornadas\u201d. \u201cSiempre lo digo. Con el nacimiento de mi hija somos una familia blanquinegra, ella naci\u00f3 aqu\u00ed y es una Hija del Fr\u00edo. Nunca me arrepentir\u00e9 de renovar, porque es una de las mejores decisiones que he tomado. Aunque lleguen ofertas golosas, he decidido quedarme aqu\u00ed porque soy feliz, recibo mucho cari\u00f1o por la calle, por el estadio, as\u00ed que estoy contento de seguir mucho tiempo\u201d.<\/p>\n\n\n\n<p><strong>Cambios individuales. <\/strong>\u201cHe cambiado mucho en los a\u00f1os que llevo en Burgos. Vine siendo tres a\u00f1os m\u00e1s joven, hac\u00eda muchas cosas mal, algo propio de la juventud, y gracias a la gente del club, que me cuida todos los d\u00edas (fisios, nutri, cuerpo t\u00e9cnico), y a trav\u00e9s de la paternidad que tambi\u00e9n te cambia, pues he mejorado mucho. Quiero seguir as\u00ed, ser m\u00e1s profesional y mejorar todo lo posible para ser el futbolista que quiero ser\u201d.<\/p>\n\n\n\n<p><strong>Atentos para recibir al Sporting. <\/strong>\u201cYa sabemos c\u00f3mo es la \u201cHypertensiones\u201d. Cualquiera puede ganar a cualquiera, creo que adem\u00e1s el Sporting tiene uno de los mejores equipos de la categor\u00eda, tienen algunos grandes jugadores, entonces como nos despistemos nos la pueden liar. Si seguimos el plan de juego del m\u00edster, podremos llevarnos el partido\u201d. \u201cNo te puedes despistar contra ning\u00fan rival. Ya lo vimos el otro d\u00eda con el Racing ante el Zaragoza, perdiendo all\u00ed. Todos los equipos son muy buenos, con mejores o peores momentos, pero cualquiera te puede meter un gol. Tenemos que estar concentrados y con la ilusi\u00f3n al m\u00e1ximo para poder llevarnos el partido\u201d.<\/p>\n\n\n\n<p><strong>Apoyo de la afici\u00f3n. <\/strong>\u201cHago un llamamiento, aunque no hace ni falta porque la gente est\u00e1 muy ilusionada y se nota, de hecho, el otro d\u00eda contra el Ceuta que yo estaba en la grada estaba flipando con el ambiente que hab\u00eda un mi\u00e9rcoles, pero s\u00ed que espero que contra el Sporting se vea una marea blanquinegra. Aunque de ellos vengan bastantes aficionados, yo espero que El Plant\u00edo sea una marea blanquinegra y nos lleven en volandas para ganar el partido\u201d.<\/p>\n","protected":false},"excerpt":{"rendered":"<p>El delantero del Burgos CF, Fer Ni\u00f1o, habla en la previa del partido frente al Sporting de Gij\u00f3n Fer Ni\u00f1o ha sido el encargado de comparecer este mi\u00e9rcoles en rueda de prensa para analizar la previa del pr\u00f3ximo partido del Burgos CF, que recibir\u00e1 al Sporting de Gij\u00f3n, este s\u00e1bado, a las 16:15 horas, en [&hellip;]<\/p>\n","protected":false},"author":10,"featured_media":153095,"comment_status":"closed","ping_status":"closed","sticky":false,"template":"","format":"standard","meta":{"_monsterinsights_skip_tracking":false,"_monsterinsights_sitenote_active":false,"_monsterinsights_sitenote_note":"","_monsterinsights_sitenote_category":0,"footnotes":""},"categories":[4],"tags":[1553,29,651,32,2308],"class_list":{"0":"post-153093","1":"post","2":"type-post","3":"status-publish","4":"format-standard","5":"has-post-thumbnail","7":"category-futbol","8":"tag-actualidad-2","9":"tag-burgoscf","10":"tag-fernino","11":"tag-futbol","12":"tag-sportingdegijon"},"views":59,"_links":{"self":[{"href":"https:\/\/www.burgosdeporte.com\/index.php?rest_route=\/wp\/v2\/posts\/153093","targetHints":{"allow":["GET"]}}],"collection":[{"href":"https:\/\/www.burgosdeporte.com\/index.php?rest_route=\/wp\/v2\/posts"}],"about":[{"href":"https:\/\/www.burgosdeporte.com\/index.php?rest_route=\/wp\/v2\/types\/post"}],"author":[{"embeddable":true,"href":"https:\/\/www.burgosdeporte.com\/index.php?rest_route=\/wp\/v2\/users\/10"}],"replies":[{"embeddable":true,"href":"https:\/\/www.burgosdeporte.com\/index.php?rest_route=%2Fwp%2Fv2%2Fcomments&post=153093"}],"version-history":[{"count":1,"href":"https:\/\/www.burgosdeporte.com\/index.php?rest_route=\/wp\/v2\/posts\/153093\/revisions"}],"predecessor-version":[{"id":153096,"href":"https:\/\/www.burgosdeporte.com\/index.php?rest_route=\/wp\/v2\/posts\/153093\/revisions\/153096"}],"wp:featuredmedia":[{"embeddable":true,"href":"https:\/\/www.burgosdeporte.com\/index.php?rest_route=\/wp\/v2\/media\/153095"}],"wp:attachment":[{"href":"https:\/\/www.burgosdeporte.com\/index.php?rest_route=%2Fwp%2Fv2%2Fmedia&parent=153093"}],"wp:term":[{"taxonomy":"category","embeddable":true,"href":"https:\/\/www.burgosdeporte.com\/index.php?rest_route=%2Fwp%2Fv2%2Fcategories&post=153093"},{"taxonomy":"post_tag","embeddable":true,"href":"https:\/\/www.burgosdeporte.com\/index.php?rest_route=%2Fwp%2Fv2%2Ftags&post=153093"}],"curies":[{"name":"wp","href":"https:\/\/api.w.org\/{rel}","templated":true}]}}