{"id":153087,"date":"2026-04-08T13:37:20","date_gmt":"2026-04-08T11:37:20","guid":{"rendered":"https:\/\/www.burgosdeporte.com\/?p=153087"},"modified":"2026-04-09T14:32:43","modified_gmt":"2026-04-09T12:32:43","slug":"adrian-fajardo-en-la-fuga-de-la-etapa-navarra-de-la-itzulia","status":"publish","type":"post","link":"https:\/\/www.burgosdeporte.com\/?p=153087","title":{"rendered":"Adri\u00e1n Fajardo, en la fuga de la etapa navarra de la Itzulia"},"content":{"rendered":"\n<p><strong><em>El Burgos Burpellet BH arranc\u00f3 la Vuelta al Pa\u00eds Vasco con su joven albacete\u00f1o en la escapada y con tres ciclistas cerca del top-30 en la llegada a la Cueva de Mendukilo<\/em><\/strong><\/p>\n\n\n\n<p class=\"has-text-align-right\">(<em>Fotograf\u00eda: Luis \u00c1ngel G\u00f3mez \/ Sprint Cycling Agency<\/em>)<\/p>\n\n\n<div class=\"wp-block-image\">\n<figure class=\"aligncenter size-full is-resized\"><a href=\"https:\/\/www.tandemgyd.com\/\" target=\"_blank\" rel=\" noreferrer noopener\"><img loading=\"lazy\" decoding=\"async\" width=\"750\" height=\"265\" src=\"https:\/\/www.burgosdeporte.com\/wp-content\/uploads\/2025\/09\/tandem750x265.fw_.png\" alt=\"\" class=\"wp-image-144121\" style=\"aspect-ratio:2.8302401385284846;width:345px;height:auto\" srcset=\"https:\/\/www.burgosdeporte.com\/wp-content\/uploads\/2025\/09\/tandem750x265.fw_.png 750w, https:\/\/www.burgosdeporte.com\/wp-content\/uploads\/2025\/09\/tandem750x265.fw_-300x106.png 300w, https:\/\/www.burgosdeporte.com\/wp-content\/uploads\/2025\/09\/tandem750x265.fw_-150x53.png 150w, https:\/\/www.burgosdeporte.com\/wp-content\/uploads\/2025\/09\/tandem750x265.fw_-696x246.png 696w\" sizes=\"auto, (max-width: 750px) 100vw, 750px\" \/><\/a><\/figure>\n<\/div>\n\n\n<p>La Itzulia Basque Country (Vuelta al Pa\u00eds Vasco) arranc\u00f3 con presencia del Burgos Burpellet BH en la escapada de la primera etapa en l\u00ednea. Despu\u00e9s de la contrarreloj inicial en Bilbao, la carrera recorri\u00f3 Navarra en una dura jornada de monta\u00f1a que cont\u00f3 con el joven Adri\u00e1n Fajardo al frente de la carrera. El ciclista de 22 a\u00f1os de Almansa, en su debut en el UCI WorldTour, form\u00f3 parte de una fuga de mucho nivel. La carrera se decidi\u00f3 en el puerto de San Miguel de Aralar y hasta tres morados -Okamika, Faura y D\u00edaz Gallego- acabaron dentro o cerca del top-30. Una buena actuaci\u00f3n colectiva que sit\u00faa al conjunto burgal\u00e9s en el noveno puesto del ranking por equipos.<\/p>\n\n\n\n<p>La primera escapada de esta Itzulia se form\u00f3 pronto tras la salida desde Pamplona. Adri\u00e1n Fajardo entr\u00f3 en un grupo de cinco ciclistas que despu\u00e9s creci\u00f3 hasta las siete unidades en el ascenso a Etxauri, donde el albacete\u00f1o sum\u00f3 sus primeros puntos de la monta\u00f1a. El neoprofesional del Burgos Burpellet BH se estrenaba en una cita del m\u00e1ximo nivel, tras disputar sus primeras carreras del a\u00f1o en la India, Marsella, Murcia, Almer\u00eda y Tarragona. El pelot\u00f3n nunca dio mucho margen a la escapada en las subidas a Lezaun y el Alto de Lizarraga.<\/p>\n\n\n\n<p>La aventura de Fajardo termin\u00f3 pronto, al verse descolgado a mitad de carrera en el ascenso a Zuarrarrate. El grupo de favoritos pisaba los talones a la fuga y la brecha se cerr\u00f3 en el puerto de San Miguel de Aralar (9 km al 8%), donde atac\u00f3 el maillot amarillo. La carrera se rompi\u00f3 completamente y tres corredores morados aguantaron en uno de los primeros grupos. Ander Okamika, Jos\u00e9 Luis Faura y Jos\u00e9 Manuel D\u00edaz coronaron juntos el puerto y llegaron a la meta en la Cueva de Mendukilo a cuatro minutos del ganador, en los puestos 30\u00ba, 34\u00ba y 35\u00ba, respectivamente.<\/p>\n\n\n\n<p>Adri\u00e1n Fajardo: \u00abMuy contento por verme rodando ah\u00ed delante. He podido coger una fuga de mucho nivel en una carrera muy importante. Vi arrancar a los otros escapados y sal\u00ed a por ellos, aunque un poco a destiempo. Me toc\u00f3 perseguir unos 10 o 12 kil\u00f3metros en solitario hasta alcanzarlos. Me llevaron todo el d\u00eda sufriendo, pero es lo que toca ahora. Estoy aprendiendo mucho y &#8216;haciendo la mili&#8217;, como me han dicho los compa\u00f1eros al llegar a meta\u00bb.<\/p>\n\n\n\n<p>La tercera etapa de la Itzulia Basque Country ser\u00e1 la menos monta\u00f1osa, pero no por ello sencilla. Los 153 kil\u00f3metros de recorrido circular con salida y llegada en Basauri incluyen tres subidas puntuables y una gran cantidad de exigentes repechos. Toda la parte inicial de la jornada en direcci\u00f3n a Balmaseda y Amurrio, con una breve incursi\u00f3n en la provincia de Burgos, presenta varias subidas no categorizadas, camino del ascenso a Barrerilla (5 km al 6%) a mitad de carrera. Los pasos por Bikotx-Gane (8 km al 5%) y Sarasola (2 km al 5%) seguir\u00e1n endureciendo la carrera en el tramo de retorno hacia la localidad de llegada. En los \u00faltimos kil\u00f3metros quedar\u00e1n dos peque\u00f1as trampas en Zaratamo (1,5 km al 7%) y la rampa final en Basauri (1 km al 6%), con pendientes cercanas al 9% de desnivel.<\/p>\n","protected":false},"excerpt":{"rendered":"<p>El Burgos Burpellet BH arranc\u00f3 la Vuelta al Pa\u00eds Vasco con su joven albacete\u00f1o en la escapada y con tres ciclistas cerca del top-30 en la llegada a la Cueva de Mendukilo (Fotograf\u00eda: Luis \u00c1ngel G\u00f3mez \/ Sprint Cycling Agency) La Itzulia Basque Country (Vuelta al Pa\u00eds Vasco) arranc\u00f3 con presencia del Burgos Burpellet BH [&hellip;]<\/p>\n","protected":false},"author":10,"featured_media":153088,"comment_status":"closed","ping_status":"closed","sticky":false,"template":"","format":"standard","meta":{"_monsterinsights_skip_tracking":false,"_monsterinsights_sitenote_active":false,"_monsterinsights_sitenote_note":"","_monsterinsights_sitenote_category":0,"footnotes":""},"categories":[63],"tags":[1553,11,64],"class_list":{"0":"post-153087","1":"post","2":"type-post","3":"status-publish","4":"format-standard","5":"has-post-thumbnail","7":"category-ciclismo","8":"tag-actualidad-2","9":"tag-burgosbh","10":"tag-ciclismo"},"views":24,"_links":{"self":[{"href":"https:\/\/www.burgosdeporte.com\/index.php?rest_route=\/wp\/v2\/posts\/153087","targetHints":{"allow":["GET"]}}],"collection":[{"href":"https:\/\/www.burgosdeporte.com\/index.php?rest_route=\/wp\/v2\/posts"}],"about":[{"href":"https:\/\/www.burgosdeporte.com\/index.php?rest_route=\/wp\/v2\/types\/post"}],"author":[{"embeddable":true,"href":"https:\/\/www.burgosdeporte.com\/index.php?rest_route=\/wp\/v2\/users\/10"}],"replies":[{"embeddable":true,"href":"https:\/\/www.burgosdeporte.com\/index.php?rest_route=%2Fwp%2Fv2%2Fcomments&post=153087"}],"version-history":[{"count":2,"href":"https:\/\/www.burgosdeporte.com\/index.php?rest_route=\/wp\/v2\/posts\/153087\/revisions"}],"predecessor-version":[{"id":153090,"href":"https:\/\/www.burgosdeporte.com\/index.php?rest_route=\/wp\/v2\/posts\/153087\/revisions\/153090"}],"wp:featuredmedia":[{"embeddable":true,"href":"https:\/\/www.burgosdeporte.com\/index.php?rest_route=\/wp\/v2\/media\/153088"}],"wp:attachment":[{"href":"https:\/\/www.burgosdeporte.com\/index.php?rest_route=%2Fwp%2Fv2%2Fmedia&parent=153087"}],"wp:term":[{"taxonomy":"category","embeddable":true,"href":"https:\/\/www.burgosdeporte.com\/index.php?rest_route=%2Fwp%2Fv2%2Fcategories&post=153087"},{"taxonomy":"post_tag","embeddable":true,"href":"https:\/\/www.burgosdeporte.com\/index.php?rest_route=%2Fwp%2Fv2%2Ftags&post=153087"}],"curies":[{"name":"wp","href":"https:\/\/api.w.org\/{rel}","templated":true}]}}