{"id":153073,"date":"2026-04-07T16:33:14","date_gmt":"2026-04-07T14:33:14","guid":{"rendered":"https:\/\/www.burgosdeporte.com\/?p=153073"},"modified":"2026-04-08T13:55:28","modified_gmt":"2026-04-08T11:55:28","slug":"la-temporada-de-clasicas-del-burgos-burpellet-bh-avanza-con-el-scheldeprijs","status":"publish","type":"post","link":"https:\/\/www.burgosdeporte.com\/?p=153073","title":{"rendered":"La temporada de cl\u00e1sicas del Burgos Burpellet BH avanza con el Scheldeprijs"},"content":{"rendered":"\n<p><strong><em>El equipo morado disputa este mi\u00e9rcoles la carrera belga para sprinters con varios tramos adoquinados e inicio en los Pa\u00edses Bajos<\/em><\/strong><\/p>\n\n\n\n<p class=\"has-text-align-right\">(<em>Fotograf\u00eda: Luca Bettini \/ Sprint Cycling Agency<\/em>)<\/p>\n\n\n<div class=\"wp-block-image\">\n<figure class=\"aligncenter size-full\"><a href=\"https:\/\/castillafloristeria.com\/\" target=\"_blank\" rel=\" noreferrer noopener\"><img loading=\"lazy\" decoding=\"async\" width=\"300\" height=\"90\" src=\"https:\/\/www.burgosdeporte.com\/wp-content\/uploads\/2023\/10\/floristeria_castilla.fw_.png\" alt=\"\" class=\"wp-image-108421\" srcset=\"https:\/\/www.burgosdeporte.com\/wp-content\/uploads\/2023\/10\/floristeria_castilla.fw_.png 300w, https:\/\/www.burgosdeporte.com\/wp-content\/uploads\/2023\/10\/floristeria_castilla.fw_-150x45.png 150w\" sizes=\"auto, (max-width: 300px) 100vw, 300px\" \/><\/a><\/figure>\n<\/div>\n\n\n<p>El Burgos Burpellet BH complet\u00f3 el domingo en Flandes su bloque de carreras del UCI WorldTour en B\u00e9lgica, pero su temporada de cl\u00e1sicas a\u00fan se extender\u00e1 varias semanas m\u00e1s. El equipo morado disputar\u00e1 en los pr\u00f3ximos d\u00edas otras tres carreras de un d\u00eda con adoquines o colinas, comenzando este mi\u00e9rcoles 8 con el Scheldeprijs. Otra prueba centenaria que est\u00e1 dirigida a los velocistas y que incluye varios tramos de pav\u00e9s en su tramo final. Daniel Cavia y C\u00e9sar Mac\u00edas liderar\u00e1n el bloque de hombres r\u00e1pidos del UCI ProTeam burgal\u00e9s de cara a un nuevo debut en suelo flamenco.<\/p>\n\n\n\n<p>Pese a ser una prueba belga, la salida se dar\u00e1 en los Pa\u00edses Bajos, en la localidad de Terneuzen. En los primeros kil\u00f3metros, los ciclistas cruzar\u00e1n bajo el agua el T\u00fanel del Escalda Occidental y, despu\u00e9s, circular\u00e1n por carreteras neerlandesas en las dos horas iniciales de carrera. El recorrido es igualmente llano una vez se entra en B\u00e9lgica, buscando el circuito final en torno al municipio de Schoten. Tras el breve sector de pav\u00e9s de Sint Jobsteenweg, el pelot\u00f3n pasar\u00e1 por primera vez por el Broekstraat y sus 1500 metros de adoquines.<\/p>\n\n\n\n<p>Este camino sin asfaltar se deber\u00e1 repetir otras tres veces en las respectivas vueltas que se dar\u00e1n al bucle final. Se prev\u00e9 un final al sprint tras los 205 kil\u00f3metros de recorrido, por lo que el Burgos Burpellet BH acude con sus principales velocistas y rodadores. C\u00e9sar Mac\u00edas, Daniel Cavia y Georgios Bouglas llegar\u00e1n escoltados por Rodrigo \u00c1lvarez, Jambaljamts Sainbayar, Vojtech Km\u00ednek y Tomoya Koyama. Todos ellos ya han podido estrenarse en los adoquines flamencos en las \u00faltimas semanas en las cl\u00e1sicas del m\u00e1ximo nivel, acumulando una experiencia valiosa de cara a nuevos objetivos como este Scheldeprijs.<\/p>\n","protected":false},"excerpt":{"rendered":"<p>El equipo morado disputa este mi\u00e9rcoles la carrera belga para sprinters con varios tramos adoquinados e inicio en los Pa\u00edses Bajos (Fotograf\u00eda: Luca Bettini \/ Sprint Cycling Agency) El Burgos Burpellet BH complet\u00f3 el domingo en Flandes su bloque de carreras del UCI WorldTour en B\u00e9lgica, pero su temporada de cl\u00e1sicas a\u00fan se extender\u00e1 varias [&hellip;]<\/p>\n","protected":false},"author":10,"featured_media":153074,"comment_status":"closed","ping_status":"closed","sticky":false,"template":"","format":"standard","meta":{"_monsterinsights_skip_tracking":false,"_monsterinsights_sitenote_active":false,"_monsterinsights_sitenote_note":"","_monsterinsights_sitenote_category":0,"footnotes":""},"categories":[63],"tags":[1553,11,64],"class_list":{"0":"post-153073","1":"post","2":"type-post","3":"status-publish","4":"format-standard","5":"has-post-thumbnail","7":"category-ciclismo","8":"tag-actualidad-2","9":"tag-burgosbh","10":"tag-ciclismo"},"views":28,"_links":{"self":[{"href":"https:\/\/www.burgosdeporte.com\/index.php?rest_route=\/wp\/v2\/posts\/153073","targetHints":{"allow":["GET"]}}],"collection":[{"href":"https:\/\/www.burgosdeporte.com\/index.php?rest_route=\/wp\/v2\/posts"}],"about":[{"href":"https:\/\/www.burgosdeporte.com\/index.php?rest_route=\/wp\/v2\/types\/post"}],"author":[{"embeddable":true,"href":"https:\/\/www.burgosdeporte.com\/index.php?rest_route=\/wp\/v2\/users\/10"}],"replies":[{"embeddable":true,"href":"https:\/\/www.burgosdeporte.com\/index.php?rest_route=%2Fwp%2Fv2%2Fcomments&post=153073"}],"version-history":[{"count":1,"href":"https:\/\/www.burgosdeporte.com\/index.php?rest_route=\/wp\/v2\/posts\/153073\/revisions"}],"predecessor-version":[{"id":153075,"href":"https:\/\/www.burgosdeporte.com\/index.php?rest_route=\/wp\/v2\/posts\/153073\/revisions\/153075"}],"wp:featuredmedia":[{"embeddable":true,"href":"https:\/\/www.burgosdeporte.com\/index.php?rest_route=\/wp\/v2\/media\/153074"}],"wp:attachment":[{"href":"https:\/\/www.burgosdeporte.com\/index.php?rest_route=%2Fwp%2Fv2%2Fmedia&parent=153073"}],"wp:term":[{"taxonomy":"category","embeddable":true,"href":"https:\/\/www.burgosdeporte.com\/index.php?rest_route=%2Fwp%2Fv2%2Fcategories&post=153073"},{"taxonomy":"post_tag","embeddable":true,"href":"https:\/\/www.burgosdeporte.com\/index.php?rest_route=%2Fwp%2Fv2%2Ftags&post=153073"}],"curies":[{"name":"wp","href":"https:\/\/api.w.org\/{rel}","templated":true}]}}