{"id":153067,"date":"2026-04-07T16:23:49","date_gmt":"2026-04-07T14:23:49","guid":{"rendered":"https:\/\/www.burgosdeporte.com\/?p=153067"},"modified":"2026-04-09T14:33:11","modified_gmt":"2026-04-09T12:33:11","slug":"la-apdb-organiza-una-mesa-redonda-sobre-la-ley-del-deporte-de-2022","status":"publish","type":"post","link":"https:\/\/www.burgosdeporte.com\/?p=153067","title":{"rendered":"La APDB organiza una mesa redonda sobre la Ley del Deporte de 2022"},"content":{"rendered":"\n<p><strong><em>La conferencia tendr\u00e1 lugar este mi\u00e9rcoles, a las 19:00 horas, en el Aula Romeros de la UBU<\/em><\/strong><\/p>\n\n\n<div class=\"wp-block-image\">\n<figure class=\"aligncenter size-full is-resized\"><a href=\"https:\/\/www.grupodesantiago.es\/vehiculo-nuevo\/nuevo-micra?utm_source=burgosdeporte&amp;utm_medium=banner&amp;utm_campaign=burgosdeporte_nissanmicra_marzo26\" target=\"_blank\" rel=\" noreferrer noopener\"><img loading=\"lazy\" decoding=\"async\" width=\"300\" height=\"250\" src=\"https:\/\/www.burgosdeporte.com\/wp-content\/uploads\/2026\/03\/NissanMicra_17-31marzo2026.gif\" alt=\"\" class=\"wp-image-152159\" style=\"width:300px;height:auto\"\/><\/a><\/figure>\n<\/div>\n\n\n<p>Incluida dentro de las XXVIII Jornadas del Deporte Burgal\u00e9s previas a la Gala Provincial del Deporte, la Asociaci\u00f3n de la Prensa Deportiva de Burgos, con la colaboraci\u00f3n de la Universidad de Burgos, celebrar\u00e1 este mi\u00e9rcoles 8 de abril a las 19:00 horas, en el Aula Romeros de la UBU, una mesa redonda sobre la Ley del Deporte de 2022.<\/p>\n\n\n\n<p>El Decano de la Facultad de Derecho de la Universidad de Burgos, Santiago Bello, Catedr\u00e1tico de Derecho Administrativo, disertar\u00e1 sobre los fundamentos de una Ley del Deporte que entr\u00f3 en vigor en enero de 2023. Esta nueva ley establece el nuevo marco jur\u00eddico del deporte espa\u00f1ol y actualiza la legislaci\u00f3n vigente desde el a\u00f1o 1990, previo a los Juegos Ol\u00edmpicos de Barcelona de 1992. Adem\u00e1s, junto a Santiago Bello estar\u00e1 presente en la mesa redonda al CEO del Burgos Club de F\u00fatbol, Alejandro Grandinetti, con profundos conocimientos del Derecho Deportivo.<\/p>\n\n\n\n<p>La nueva Ley del Deporte tiene varios aspectos novedosos como el reconocimiento expreso de la actividad f\u00edsica y el deporte como actividades esenciales; la defensa de la igualdad y la inclusi\u00f3n en todos los niveles de la pr\u00e1ctica deportiva; la dotaci\u00f3n de mayor seguridad jur\u00eddica a las personas deportistas; y la actualizaci\u00f3n del modelo de las diferentes entidades deportivas profesionales, regulando y ampliando las competencias del propio Consejo Superior de Deportes<\/p>\n\n\n\n<p>La Ley del Deporte de 2022 tambi\u00e9n incluye aspectos como la transici\u00f3n ecol\u00f3gica, el impulso al deporte rural, la cohesi\u00f3n territorial y la innovaci\u00f3n digital en el sector.<\/p>\n\n\n\n<p>El Aula Romeros de la Universidad de Burgos acoger\u00e1 esta conferencia este mi\u00e9rcoles 8 de abril desde las 19:00 horas con entrada libre hasta completar el aforo. Ser\u00e1 el \u00faltimo acto de las Jornadas del Deporte Burgal\u00e9s previo a la Gala Provincial del Deporte que se celebrar\u00e1 en el Teatro Principal de Burgos al d\u00eda siguiente, el jueves 9 de abril a las 20:00 horas.<\/p>\n","protected":false},"excerpt":{"rendered":"<p>La conferencia tendr\u00e1 lugar este mi\u00e9rcoles, a las 19:00 horas, en el Aula Romeros de la UBU Incluida dentro de las XXVIII Jornadas del Deporte Burgal\u00e9s previas a la Gala Provincial del Deporte, la Asociaci\u00f3n de la Prensa Deportiva de Burgos, con la colaboraci\u00f3n de la Universidad de Burgos, celebrar\u00e1 este mi\u00e9rcoles 8 de abril [&hellip;]<\/p>\n","protected":false},"author":10,"featured_media":153068,"comment_status":"closed","ping_status":"closed","sticky":false,"template":"","format":"standard","meta":{"_monsterinsights_skip_tracking":false,"_monsterinsights_sitenote_active":false,"_monsterinsights_sitenote_note":"","_monsterinsights_sitenote_category":0,"footnotes":""},"categories":[15],"tags":[1553,398,1846],"class_list":{"0":"post-153067","1":"post","2":"type-post","3":"status-publish","4":"format-standard","5":"has-post-thumbnail","7":"category-otros","8":"tag-actualidad-2","9":"tag-apdburgos","10":"tag-jornadasdeldeporteburgales-2"},"views":48,"_links":{"self":[{"href":"https:\/\/www.burgosdeporte.com\/index.php?rest_route=\/wp\/v2\/posts\/153067","targetHints":{"allow":["GET"]}}],"collection":[{"href":"https:\/\/www.burgosdeporte.com\/index.php?rest_route=\/wp\/v2\/posts"}],"about":[{"href":"https:\/\/www.burgosdeporte.com\/index.php?rest_route=\/wp\/v2\/types\/post"}],"author":[{"embeddable":true,"href":"https:\/\/www.burgosdeporte.com\/index.php?rest_route=\/wp\/v2\/users\/10"}],"replies":[{"embeddable":true,"href":"https:\/\/www.burgosdeporte.com\/index.php?rest_route=%2Fwp%2Fv2%2Fcomments&post=153067"}],"version-history":[{"count":1,"href":"https:\/\/www.burgosdeporte.com\/index.php?rest_route=\/wp\/v2\/posts\/153067\/revisions"}],"predecessor-version":[{"id":153069,"href":"https:\/\/www.burgosdeporte.com\/index.php?rest_route=\/wp\/v2\/posts\/153067\/revisions\/153069"}],"wp:featuredmedia":[{"embeddable":true,"href":"https:\/\/www.burgosdeporte.com\/index.php?rest_route=\/wp\/v2\/media\/153068"}],"wp:attachment":[{"href":"https:\/\/www.burgosdeporte.com\/index.php?rest_route=%2Fwp%2Fv2%2Fmedia&parent=153067"}],"wp:term":[{"taxonomy":"category","embeddable":true,"href":"https:\/\/www.burgosdeporte.com\/index.php?rest_route=%2Fwp%2Fv2%2Fcategories&post=153067"},{"taxonomy":"post_tag","embeddable":true,"href":"https:\/\/www.burgosdeporte.com\/index.php?rest_route=%2Fwp%2Fv2%2Ftags&post=153067"}],"curies":[{"name":"wp","href":"https:\/\/api.w.org\/{rel}","templated":true}]}}