{"id":153057,"date":"2026-04-06T19:01:32","date_gmt":"2026-04-06T17:01:32","guid":{"rendered":"https:\/\/www.burgosdeporte.com\/?p=153057"},"modified":"2026-04-08T13:55:59","modified_gmt":"2026-04-08T11:55:59","slug":"en-plena-forma-esta-noche-en-tiempo-extra-2300-h","status":"publish","type":"post","link":"https:\/\/www.burgosdeporte.com\/?p=153057","title":{"rendered":"Tiempo Extra #140 | En plena forma"},"content":{"rendered":"\n<h2 class=\"wp-block-heading\">El programa analiza la actualidad del Burgos CF y se emite a las 23,00 h. en el canal YouTube de Burgosdeporte. Tambi\u00e9n en Ivoox y Spotify.<\/h2>\n\n\n\n<p>El Burgos CF sigue lanzado y consigui\u00f3 sumar 7 de los \u00faltimos nueve puntos en una semana que no ha sido nada f\u00e1cil debido a la disputa de la jornada intersemanal que provoc\u00f3 rotaciones en la plantilla.<\/p>\n\n\n\n<p>Aun as\u00ed, se consigui\u00f3 un empate en casa ante el Ceuta y la victoria en el Carlos Berlmonte ante el Albacete, que sirve para seguir agarrado a esa lucha por los puestos de playoff de ascenso a falta de ocho jornada para el final.<\/p>\n\n\n\n<p>En este nuevo programa de Tiempo Extra hablaremos de los siguientes temas:<\/p>\n\n\n\n<ul class=\"wp-block-list\">\n<li>Golpe de autoridad en Albacete.<\/li>\n\n\n\n<li>La clasificaci\u00f3n, mas apretada que nunca en este tramo final de temporada.<\/li>\n\n\n\n<li>Casi ning\u00fan rival cede: Almer\u00eda, Deportivo, Las Palmas, M\u00e1laga, Burgos, Castell\u00f3n, Eibar\u2026<\/li>\n\n\n\n<li>\u00bfCu\u00e1les ser\u00e1n los rivales clave?<\/li>\n\n\n\n<li>Pr\u00f3ximo rival: el Real Sporting<\/li>\n\n\n\n<li>Este jueves 09 de abril, Gala del Deporte Burgal\u00e9s.<\/li>\n<\/ul>\n\n\n\n<p>Para ello contaremos con los habituales: el entrenador F\u00e9lix Arn\u00e1iz Lucas y el periodista Paco Pe\u00f1acoba, con la presentaci\u00f3n de Julio C\u00e9sar Rico. Tambi\u00e9n contaremos con Rom\u00e1n Romero, de Cadena Ser, Forofos Burgos y presidente de la Asociaci\u00f3n de la Prensa Deportiva de Burgos.<\/p>\n\n\n\n<p>Una vez terminado el programa, tambi\u00e9n estar\u00e1 disponible a modo de podcast en Ivoox y Spotify.<\/p>\n\n\n\n<iframe data-testid=\"embed-iframe\" style=\"border-radius:12px\" src=\"https:\/\/open.spotify.com\/embed\/episode\/6YLfhsxJ5TU9egZZbreS9X?utm_source=generator\" width=\"100%\" height=\"152\" frameBorder=\"0\" allowfullscreen=\"\" allow=\"autoplay; clipboard-write; encrypted-media; fullscreen; picture-in-picture\" loading=\"lazy\"><\/iframe>\n\n\n\n<iframe src=\"https:\/\/www.ivoox.com\/player_ej_171409275_6_1.html?c1=1e4a52\" width=\"100%\" height=\"200\" frameborder=\"0\" allowfullscreen=\"\" scrolling=\"no\" loading=\"lazy\"><\/iframe>\n\n\n\n<figure class=\"wp-block-embed is-type-video is-provider-youtube wp-block-embed-youtube wp-embed-aspect-4-3 wp-has-aspect-ratio\"><div class=\"wp-block-embed__wrapper\">\n<div class=\"youtube-embed\" data-video_id=\"\"><iframe loading=\"lazy\" title=\"Tiempo Extra #140 | En plena forma (06-04-2026)\" width=\"696\" height=\"522\" src=\"https:\/\/www.youtube.com\/embed\/YHRYKKf8Axw?feature=oembed&#038;enablejsapi=1\" frameborder=\"0\" allow=\"accelerometer; autoplay; clipboard-write; encrypted-media; gyroscope; picture-in-picture; web-share\" referrerpolicy=\"strict-origin-when-cross-origin\" allowfullscreen><\/iframe><\/div>\n<\/div><\/figure>\n","protected":false},"excerpt":{"rendered":"<p>El programa analiza la actualidad del Burgos CF y se emite a las 23,00 h. en el canal YouTube de Burgosdeporte. Tambi\u00e9n en Ivoox y Spotify. El Burgos CF sigue lanzado y consigui\u00f3 sumar 7 de los \u00faltimos nueve puntos en una semana que no ha sido nada f\u00e1cil debido a la disputa de la [&hellip;]<\/p>\n","protected":false},"author":10,"featured_media":153059,"comment_status":"closed","ping_status":"closed","sticky":false,"template":"","format":"standard","meta":{"_monsterinsights_skip_tracking":false,"_monsterinsights_sitenote_active":false,"_monsterinsights_sitenote_note":"","_monsterinsights_sitenote_category":0,"footnotes":""},"categories":[4],"tags":[1553,29,32,38],"class_list":{"0":"post-153057","1":"post","2":"type-post","3":"status-publish","4":"format-standard","5":"has-post-thumbnail","7":"category-futbol","8":"tag-actualidad-2","9":"tag-burgoscf","10":"tag-futbol","11":"tag-tiempoextra"},"views":87,"_links":{"self":[{"href":"https:\/\/www.burgosdeporte.com\/index.php?rest_route=\/wp\/v2\/posts\/153057","targetHints":{"allow":["GET"]}}],"collection":[{"href":"https:\/\/www.burgosdeporte.com\/index.php?rest_route=\/wp\/v2\/posts"}],"about":[{"href":"https:\/\/www.burgosdeporte.com\/index.php?rest_route=\/wp\/v2\/types\/post"}],"author":[{"embeddable":true,"href":"https:\/\/www.burgosdeporte.com\/index.php?rest_route=\/wp\/v2\/users\/10"}],"replies":[{"embeddable":true,"href":"https:\/\/www.burgosdeporte.com\/index.php?rest_route=%2Fwp%2Fv2%2Fcomments&post=153057"}],"version-history":[{"count":3,"href":"https:\/\/www.burgosdeporte.com\/index.php?rest_route=\/wp\/v2\/posts\/153057\/revisions"}],"predecessor-version":[{"id":153063,"href":"https:\/\/www.burgosdeporte.com\/index.php?rest_route=\/wp\/v2\/posts\/153057\/revisions\/153063"}],"wp:featuredmedia":[{"embeddable":true,"href":"https:\/\/www.burgosdeporte.com\/index.php?rest_route=\/wp\/v2\/media\/153059"}],"wp:attachment":[{"href":"https:\/\/www.burgosdeporte.com\/index.php?rest_route=%2Fwp%2Fv2%2Fmedia&parent=153057"}],"wp:term":[{"taxonomy":"category","embeddable":true,"href":"https:\/\/www.burgosdeporte.com\/index.php?rest_route=%2Fwp%2Fv2%2Fcategories&post=153057"},{"taxonomy":"post_tag","embeddable":true,"href":"https:\/\/www.burgosdeporte.com\/index.php?rest_route=%2Fwp%2Fv2%2Ftags&post=153057"}],"curies":[{"name":"wp","href":"https:\/\/api.w.org\/{rel}","templated":true}]}}