{"id":153054,"date":"2026-04-06T18:12:25","date_gmt":"2026-04-06T16:12:25","guid":{"rendered":"https:\/\/www.burgosdeporte.com\/?p=153054"},"modified":"2026-04-08T00:43:51","modified_gmt":"2026-04-07T22:43:51","slug":"burgos-unido-hacia-la-media-maraton-del-25-de-octubre","status":"publish","type":"post","link":"https:\/\/www.burgosdeporte.com\/?p=153054","title":{"rendered":"Burgos unido, hacia la media marat\u00f3n del 25 de octubre"},"content":{"rendered":"\n<h2 class=\"wp-block-heading\"> Articulo de opini\u00f3n de Jos\u00e9 Luis L\u00f3pez. vicepresidente de la Asociaci\u00f3n de la Prensa Deportiva de Burgos. <\/h2>\n\n\n\n<p>\u00a1Mira los de Burgos! Han agotado 1.000 dorsales en menos de cuatro horas. \u00a1Qu\u00e9 pasada! Pero Burgos\u2026 \u00a1Qu\u00e9 locura de recibimiento nos hab\u00e9is dado! Hemos agotado los 1.000 dorsales que ten\u00edamos para la distancia de media marat\u00f3n\u2026 \u00a1En menos de cuatro horas!&nbsp;<\/p>\n\n\n\n<p>Se hace necesario volver al pasado, mirar al retrovisor para saber, en parte, por qu\u00e9 Burgos ha tenido esa respuesta, tan positiva. Si una imagen vale m\u00e1s que mil palabras, parte de la reacci\u00f3n sorpresiva que la ciudad, la provincia y otras puntos adyacentes han mostrado est\u00e1 en leer la imagen que presenta este art\u00edculo.<\/p>\n\n\n\n<p>Antes de entrar en ese an\u00e1lisis el retrovisor nos apunta que ha habido obligaciones imperativas para no hacer la media Marat\u00f3n, que ha habido desencuentros, excusas, egos \u2026 un poco de todo. Nos vamos hasta 2020 con dos medias maratones en el calendario y ninguna de ellas se hizo. Vino la pandemia. Con la llegada de la pandemia todo lo previsto qued\u00f3 primero en el alero, luego en ya veremos, y finalmente en el olvido. Durante este \u2018<em>tiempo de impasse<\/em>\u2019 varias han sido las voces que se han preguntado qu\u00e9 pasaba en la ciudad que no hab\u00eda una media marat\u00f3n.&nbsp;<\/p>\n\n\n\n<p>Ser\u00eda de desear que a partir de este momento, donde se ha presentado un buen proyecto, una nueva imagen de la ciudad m\u00e1s renovada y moderna, ser\u00eda de desear que se aprenda de los errores. Ha habido una marat\u00f3n que ya no est\u00e1 en el calendario, han llegado a coincidir carreras de larga distancia que nunca llegaron a coordinarse para unificar criterios y con la llegada de la pandemia, lo que apareci\u00f3, lo que floreci\u00f3, fue el cansancio, el hartazgo y el normal desgaste de algunos de sus protagonistas.<\/p>\n\n\n\n<p>La noticia salt\u00f3 este mes de febrero con la presentaci\u00f3n de una media marat\u00f3n con la que algunos hemos so\u00f1ado desde hace muchos a\u00f1os. En la imagen que nos acompa\u00f1a est\u00e1n los protagonistas, los deportistas y quienes apoyan a los deportistas, l\u00e9ase organizadores de la prueba y representantes de entidades colaboradoras. Desde aqu\u00ed vaya por delante la enhorabuena para el Ayuntamiento de la ciudad y Rub\u00e9n Pablo Carreras Solidarias, que junto a Runvasport son los principales impulsores y organizadores de la prueba. &nbsp;Carolina \u00c1lvarez, como concejala de deportes del Ayuntamiento, Pablo Ib\u00e1\u00f1ez como director de las carreras, Jairo Grijalvo y Cristina Ruiz, pero se hace preciso un alto en el camino en tres deportistas.<\/p>\n\n\n\n<p>Rub\u00e9n Castrillo conoce el atletismo desde la faceta deportiva, desde la organizaci\u00f3n de eventos y sabe c\u00f3mo conseguir una rentabilidad no solo econ\u00f3mica -porque no todo es la econom\u00eda- sino en el \u00e1mbito social y sociativo. Desde la ni\u00f1ez ha vivido de cerca el esp\u00edritu de sacrificio y ahora va a echar el resto por su ciudad. Solo hay que ver el rictus en la imagen.<\/p>\n\n\n\n<p>Y quedan dos deportistas que forman parte del patrimonio de la ciudad y de la provincia de Burgos. Pocos descubrimientos se pueden hacer sobre Jos\u00e9 Ram\u00f3n Torres Peanilla y sobre Carmelo de la Fuente P\u00e1ramo, porque sus gentes, sus paisanos les conocen. Esa es la imagen que Burgos debe mostrar en su ciudad para organizar una prueba como la media marat\u00f3n. Este conjunto de estrellas que pocas provincias puedan llegar a juntar.<\/p>\n\n\n\n<p>Cuando atletas de la talla de Abel Ant\u00f3n, Mart\u00edn Fiz, Jos\u00e9 Manuel Abascal o Santiago de la Parte \u2026 por escribir algunos ejemplos, se preguntan por qu\u00e9 no cuenta su ciudad con ellos, no hay respuesta. Sencillamente porque les asiste la raz\u00f3n, se\u00f1or\u00eda.<\/p>\n\n\n\n<p>Jos\u00e9 Ram\u00f3n Torres ha llevado el nombre de la ciudad y de la provincia por los cinco continentes. Tiene una marca en marat\u00f3n de 2.15.11 (Rotterdam, 1999), con la que puede codearse con quien le parezca.<\/p>\n\n\n\n<p>Carmelo de la Fuente cumple 47 a\u00f1os en el atletismo. \u00bfM\u00e9ritos? Con un apunte sencillo, sobra. En dos ocasiones ha participado en la marat\u00f3n de Nueva York, a\u00f1os 1994 y 2000. En ambas cerr\u00f3 la carrera entre los 50 primeros de la general absoluta.<\/p>\n\n\n\n<p>Pues ha llegado el momento de hacer las cosas bien, de juntar aquello que suma para conseguir un todo muy potente, como es el caso. Adem\u00e1s como prueba de aportar cosas buenas y nuevas, una de las carreras llevar\u00e1 el nombre de Jos\u00e9 Ram\u00f3n Torres, en la distancia de 5K \u2018Josito\u2019. Enhorabuena a quienes conforman esta foto y a quienes han hecho posible esa composici\u00f3n tan m\u00e1gica. Tambi\u00e9n es de esperar el apoyo de los clubes de atletismo de la ciudad y de la provincia. Ah\u00ed estar\u00e1n en esa l\u00ednea de salida.&nbsp;<\/p>\n\n\n\n<p>Como colof\u00f3n, me viene a la mente una frase de un pensador dan\u00e9s. Este hombre era muy particular porque para \u00e9l, la verdad no est\u00e1 solo en los libros, sino en las decisiones personales que dan sentido a la vida. Kierkegaard cre\u00eda que \u201cla vida solo puede entenderse hacia atr\u00e1s, pero debe vivirse hacia adelante\u201d. En el tema que nos ocupa todos miran hacia adelante y el resultado a priori, pinta bien, muy bien. Tras este punto final, me inscribo en&nbsp;<strong><u><a href=\"https:\/\/burgos21k.com\/\" target=\"_blank\" rel=\"noreferrer noopener\">https:\/\/burgos21k.com\/<\/a><\/u><\/strong><\/p>\n","protected":false},"excerpt":{"rendered":"<p>Articulo de opini\u00f3n de Jos\u00e9 Luis L\u00f3pez. vicepresidente de la Asociaci\u00f3n de la Prensa Deportiva de Burgos. \u00a1Mira los de Burgos! Han agotado 1.000 dorsales en menos de cuatro horas. \u00a1Qu\u00e9 pasada! Pero Burgos\u2026 \u00a1Qu\u00e9 locura de recibimiento nos hab\u00e9is dado! Hemos agotado los 1.000 dorsales que ten\u00edamos para la distancia de media marat\u00f3n\u2026 \u00a1En [&hellip;]<\/p>\n","protected":false},"author":18,"featured_media":153055,"comment_status":"closed","ping_status":"closed","sticky":false,"template":"","format":"standard","meta":{"_monsterinsights_skip_tracking":false,"_monsterinsights_sitenote_active":false,"_monsterinsights_sitenote_note":"","_monsterinsights_sitenote_category":0,"footnotes":""},"categories":[24],"tags":[1553,217,2753],"class_list":{"0":"post-153054","1":"post","2":"type-post","3":"status-publish","4":"format-standard","5":"has-post-thumbnail","7":"category-atletismo","8":"tag-actualidad-2","9":"tag-aytoburgos","10":"tag-mediamaratonburgos"},"views":239,"_links":{"self":[{"href":"https:\/\/www.burgosdeporte.com\/index.php?rest_route=\/wp\/v2\/posts\/153054","targetHints":{"allow":["GET"]}}],"collection":[{"href":"https:\/\/www.burgosdeporte.com\/index.php?rest_route=\/wp\/v2\/posts"}],"about":[{"href":"https:\/\/www.burgosdeporte.com\/index.php?rest_route=\/wp\/v2\/types\/post"}],"author":[{"embeddable":true,"href":"https:\/\/www.burgosdeporte.com\/index.php?rest_route=\/wp\/v2\/users\/18"}],"replies":[{"embeddable":true,"href":"https:\/\/www.burgosdeporte.com\/index.php?rest_route=%2Fwp%2Fv2%2Fcomments&post=153054"}],"version-history":[{"count":1,"href":"https:\/\/www.burgosdeporte.com\/index.php?rest_route=\/wp\/v2\/posts\/153054\/revisions"}],"predecessor-version":[{"id":153056,"href":"https:\/\/www.burgosdeporte.com\/index.php?rest_route=\/wp\/v2\/posts\/153054\/revisions\/153056"}],"wp:featuredmedia":[{"embeddable":true,"href":"https:\/\/www.burgosdeporte.com\/index.php?rest_route=\/wp\/v2\/media\/153055"}],"wp:attachment":[{"href":"https:\/\/www.burgosdeporte.com\/index.php?rest_route=%2Fwp%2Fv2%2Fmedia&parent=153054"}],"wp:term":[{"taxonomy":"category","embeddable":true,"href":"https:\/\/www.burgosdeporte.com\/index.php?rest_route=%2Fwp%2Fv2%2Fcategories&post=153054"},{"taxonomy":"post_tag","embeddable":true,"href":"https:\/\/www.burgosdeporte.com\/index.php?rest_route=%2Fwp%2Fv2%2Ftags&post=153054"}],"curies":[{"name":"wp","href":"https:\/\/api.w.org\/{rel}","templated":true}]}}