{"id":153050,"date":"2026-04-06T14:33:08","date_gmt":"2026-04-06T12:33:08","guid":{"rendered":"https:\/\/www.burgosdeporte.com\/?p=153050"},"modified":"2026-04-07T16:35:00","modified_gmt":"2026-04-07T14:35:00","slug":"el-burgos-burpellet-bh-encara-una-exigente-itzulia-basque-country","status":"publish","type":"post","link":"https:\/\/www.burgosdeporte.com\/?p=153050","title":{"rendered":"El Burgos Burpellet BH encara una exigente Itzulia Basque Country"},"content":{"rendered":"\n<p><strong><em>El equipo morado acude por octava vez a la Vuelta al Pa\u00eds Vasco, carrera del UCI WorldTour que mantiene su identidad con varias etapas para escaladores y una contrarreloj inicial en Bilbao<\/em><\/strong><\/p>\n\n\n\n<p class=\"has-text-align-right\">(<em>Fotograf\u00eda: Oriol Batista \/ BH Bikes<\/em>)<\/p>\n\n\n<div class=\"wp-block-image\">\n<figure class=\"aligncenter size-full is-resized\"><a href=\"https:\/\/www.hotelciudaddeburgos.com\/es\/\" target=\"_blank\" rel=\" noreferrer noopener\"><img loading=\"lazy\" decoding=\"async\" width=\"989\" height=\"431\" src=\"https:\/\/www.burgosdeporte.com\/wp-content\/uploads\/2025\/05\/LOGO-SPIRIT-HCB-NEGRO.png\" alt=\"\" class=\"wp-image-140419\" style=\"aspect-ratio:2.2946285279482748;width:399px;height:auto\" srcset=\"https:\/\/www.burgosdeporte.com\/wp-content\/uploads\/2025\/05\/LOGO-SPIRIT-HCB-NEGRO.png 989w, https:\/\/www.burgosdeporte.com\/wp-content\/uploads\/2025\/05\/LOGO-SPIRIT-HCB-NEGRO-300x131.png 300w, https:\/\/www.burgosdeporte.com\/wp-content\/uploads\/2025\/05\/LOGO-SPIRIT-HCB-NEGRO-768x335.png 768w, https:\/\/www.burgosdeporte.com\/wp-content\/uploads\/2025\/05\/LOGO-SPIRIT-HCB-NEGRO-150x65.png 150w, https:\/\/www.burgosdeporte.com\/wp-content\/uploads\/2025\/05\/LOGO-SPIRIT-HCB-NEGRO-696x303.png 696w\" sizes=\"auto, (max-width: 989px) 100vw, 989px\" \/><\/a><\/figure>\n<\/div>\n\n\n<p>No cesan los desaf\u00edos de la m\u00e1xima categor\u00eda para el Burgos Burpellet BH. Despu\u00e9s de haber completado la Volta a Catalunya y varias cl\u00e1sicas belgas del UCI WorldTour, llega el turno para la Itzulia Basque Country (Vuelta al Pa\u00eds Vasco), que se desarrollar\u00e1 del lunes 6 al s\u00e1bado 11. Su recorrido se mantiene tan monta\u00f1oso como en ediciones previas e incorpora una contrarreloj inicial en Bilbao destinada tambi\u00e9n a los escaladores. No faltar\u00e1 a la cita el vizca\u00edno Ander Okamika, que ejercer\u00e1 de capit\u00e1n de ruta en su tierra, acompa\u00f1ado por un bloque morado integrado por escaladores.<\/p>\n\n\n\n<p>La Itzulia Basque Country arrancar\u00e1 este lunes 6 en Bilbao con una contrarreloj individual de 14 kil\u00f3metros. Los corredores saldr\u00e1n desde la Bas\u00edlica de Nuestra Se\u00f1ora de Bego\u00f1a y ascender\u00e1n a Santo Domingo (2,5 km al 7%). Despu\u00e9s afrontar\u00e1n un r\u00e1pido descenso hasta Deusto y circular\u00e1n junto a la r\u00eda, finalizando en peque\u00f1o repecho en el Parque Etxebarria con rampas de hasta el 19% de desnivel.<\/p>\n\n\n\n<p>La segunda etapa recorrer\u00e1 la Comunidad Foral de Navarra a lo largo de 164 kil\u00f3metros. Un trazado con inicio en Pamplona y final en las Cuevas de Mendukilo, que incluir\u00e1 hasta cuatro puertos de monta\u00f1a. Etxauri (7 km al 6%) har\u00e1 da\u00f1o de salida, Zuarrarrate (7 km al 5%) dar\u00e1 continuidad en el ecuador de la jornada y el mayor desaf\u00edo ser\u00e1 la subida a San Miguel de Aralar (9 km al 8%), que se corona a 20 kil\u00f3metros de la meta.<\/p>\n\n\n\n<p>La carrera regresar\u00e1 el mi\u00e9rcoles a Vizcaya para vivir la etapa menos monta\u00f1osa. Habr\u00e1 tres subidas puntuables en los 152 kil\u00f3metros de recorrido con salida y llegada en Basauri, donde los puncheurs tendr\u00e1n su mejor oportunidad en un final en ligero ascenso. El jueves se vivir\u00e1 la primera gran etapa de monta\u00f1a en el norte de esta misma provincia. El recorrido de 167 kil\u00f3metros saldr\u00e1 desde Gald\u00e1cano, se dirigir\u00e1 hacia la costa buscando las subidas a San Pelaio, Jata y Unbe y regresar\u00e1 al mismo punto de partida tras ascender en dos ocasiones a Elorritxueta (4 km al 8% en su vertiente m\u00e1s dura) y Legina (3 km al 7%).<\/p>\n\n\n\n<p>Las dos jornadas finales de la Itzulia se vivir\u00e1n en Guip\u00fazcoa. \u00c9ibar acoge en esta ocasi\u00f3n el quinto d\u00eda de competici\u00f3n y no la etapa final. Ser\u00e1n 176 kil\u00f3metros de aut\u00e9ntico sufrimiento, enlazando hasta ocho subidas puntuables como Azurki (5 km al 7%) o Etumeta (4 km al 7%) en la parte inicial, Krabelin (5 km al 9%) en el ecuador y el encadenado final de Trabakua (3 km al 7%), Izua (4 km al 9%) y Urkaregi (3 km al 4%) antes de regresar a \u00c9ibar.<\/p>\n\n\n\n<p>Por si fuera poco, quedar\u00e1 el fin de fiesta el s\u00e1bado con un recorrido de 135 kil\u00f3metros y seis puertos de monta\u00f1a. Se dar\u00e1 la salida en las instalaciones de la empresa Goizper en Anzuola, subiendo inmediatamente a Asentzio (5 km al 6%). Se continuar\u00e1 con un circuito en torno a Elgoibar, con la doble subida a Elosua (7 km al 7%) y Azkarate (3 km al 6%). Desde all\u00ed se busacar\u00e1 la meta en Bergara tras un paso por la otra vertiente de Asentzio (7 km al 5%).<\/p>\n\n\n\n<p>La alineaci\u00f3n del Burgos Burpellet BH para la Itzulia Basque Country ser\u00e1 parecida a la del Gran Premio Miguel Indurain, realizando dos modificaciones. Jos\u00e9 Luis Faura y Adri\u00e1n Fajardo se incorporan al grupo que corri\u00f3 en Navarra, conformado por Ander Okamika, Jos\u00e9 Manuel D\u00edaz, Carlos Garc\u00eda Pierna, Sinuh\u00e9 Fern\u00e1ndez y Lorenzo Quartucci. Los morados intentar\u00e1n ser protagonistas nuevamente desde las escapadas, pelear los finales de etapa y completar una buena clasificaci\u00f3n general. En 2025, D\u00edaz Gallego acab\u00f3 en el puesto 26\u00ba.<\/p>\n","protected":false},"excerpt":{"rendered":"<p>El equipo morado acude por octava vez a la Vuelta al Pa\u00eds Vasco, carrera del UCI WorldTour que mantiene su identidad con varias etapas para escaladores y una contrarreloj inicial en Bilbao (Fotograf\u00eda: Oriol Batista \/ BH Bikes) No cesan los desaf\u00edos de la m\u00e1xima categor\u00eda para el Burgos Burpellet BH. Despu\u00e9s de haber completado [&hellip;]<\/p>\n","protected":false},"author":10,"featured_media":153051,"comment_status":"closed","ping_status":"closed","sticky":false,"template":"","format":"standard","meta":{"_monsterinsights_skip_tracking":false,"_monsterinsights_sitenote_active":false,"_monsterinsights_sitenote_note":"","_monsterinsights_sitenote_category":0,"footnotes":""},"categories":[63],"tags":[1553,11,64],"class_list":{"0":"post-153050","1":"post","2":"type-post","3":"status-publish","4":"format-standard","5":"has-post-thumbnail","7":"category-ciclismo","8":"tag-actualidad-2","9":"tag-burgosbh","10":"tag-ciclismo"},"views":34,"_links":{"self":[{"href":"https:\/\/www.burgosdeporte.com\/index.php?rest_route=\/wp\/v2\/posts\/153050","targetHints":{"allow":["GET"]}}],"collection":[{"href":"https:\/\/www.burgosdeporte.com\/index.php?rest_route=\/wp\/v2\/posts"}],"about":[{"href":"https:\/\/www.burgosdeporte.com\/index.php?rest_route=\/wp\/v2\/types\/post"}],"author":[{"embeddable":true,"href":"https:\/\/www.burgosdeporte.com\/index.php?rest_route=\/wp\/v2\/users\/10"}],"replies":[{"embeddable":true,"href":"https:\/\/www.burgosdeporte.com\/index.php?rest_route=%2Fwp%2Fv2%2Fcomments&post=153050"}],"version-history":[{"count":1,"href":"https:\/\/www.burgosdeporte.com\/index.php?rest_route=\/wp\/v2\/posts\/153050\/revisions"}],"predecessor-version":[{"id":153052,"href":"https:\/\/www.burgosdeporte.com\/index.php?rest_route=\/wp\/v2\/posts\/153050\/revisions\/153052"}],"wp:featuredmedia":[{"embeddable":true,"href":"https:\/\/www.burgosdeporte.com\/index.php?rest_route=\/wp\/v2\/media\/153051"}],"wp:attachment":[{"href":"https:\/\/www.burgosdeporte.com\/index.php?rest_route=%2Fwp%2Fv2%2Fmedia&parent=153050"}],"wp:term":[{"taxonomy":"category","embeddable":true,"href":"https:\/\/www.burgosdeporte.com\/index.php?rest_route=%2Fwp%2Fv2%2Fcategories&post=153050"},{"taxonomy":"post_tag","embeddable":true,"href":"https:\/\/www.burgosdeporte.com\/index.php?rest_route=%2Fwp%2Fv2%2Ftags&post=153050"}],"curies":[{"name":"wp","href":"https:\/\/api.w.org\/{rel}","templated":true}]}}