{"id":153044,"date":"2026-04-06T13:52:22","date_gmt":"2026-04-06T11:52:22","guid":{"rendered":"https:\/\/www.burgosdeporte.com\/?p=153044"},"modified":"2026-04-07T16:35:15","modified_gmt":"2026-04-07T14:35:15","slug":"el-tirador-del-saes-bu-jose-miguel-martin-en-el-mundial-junior","status":"publish","type":"post","link":"https:\/\/www.burgosdeporte.com\/?p=153044","title":{"rendered":"El tirador del SAES-BU, Jos\u00e9 Miguel Mart\u00edn, en el Mundial J\u00fanior"},"content":{"rendered":"\n<p><strong><em>El deportista se desplaza a Brasil para competir en el torneo internacional<\/em><\/strong><\/p>\n\n\n<div class=\"wp-block-image\">\n<figure class=\"aligncenter size-full\"><a href=\"https:\/\/www.cajaviva.es\/\" target=\"_blank\" rel=\" noreferrer noopener\"><img loading=\"lazy\" decoding=\"async\" width=\"300\" height=\"250\" src=\"https:\/\/www.burgosdeporte.com\/wp-content\/uploads\/2026\/03\/BURGOS-DEPORTE-300X250.png\" alt=\"\" class=\"wp-image-152489\" srcset=\"https:\/\/www.burgosdeporte.com\/wp-content\/uploads\/2026\/03\/BURGOS-DEPORTE-300X250.png 300w, https:\/\/www.burgosdeporte.com\/wp-content\/uploads\/2026\/03\/BURGOS-DEPORTE-300X250-150x125.png 150w\" sizes=\"auto, (max-width: 300px) 100vw, 300px\" \/><\/a><\/figure>\n<\/div>\n\n\n<p>El tirador de la Sala de Esgrima de Burgos, Jos\u00e9 Miguel Mart\u00edn (Despachos BK ETL Global), se desplaza hacia el que ser\u00e1 su \u00faltimo mundial j\u00fanior de espada<\/p>\n\n\n\n<p>en R\u00edo de Janeiro con la selecci\u00f3n nacional. Durante sus tres a\u00f1os anteriores dentro de esta categor\u00eda de menores de 20 a\u00f1os, ha conseguido la clasificaci\u00f3n en todos los grandes campeonatos, europeos y mundiales, sin duda este es especial.<\/p>\n\n\n\n<p>El burgal\u00e9s que ha sido seleccionado como n\u00famero 1 espa\u00f1ol, ser\u00e1, durante la pr\u00f3xima semana, el \u00fanico burgal\u00e9s, castellano leon\u00e9s y tirador de espada masculina j\u00fanior de fuera de la comunidad de Madrid, dato importante sobre el gran trabajo que se realiza con el burgal\u00e9s cada d\u00eda en la planificaci\u00f3n de la Sala de Esgrima de Burgos y el centro de Alto Rendimiento de la Federaci\u00f3n Espa\u00f1ola que tiene sus entrenamientos en el CAR de Valladolid a las ordenes de su entrenador Carlos Zayas.<\/p>\n\n\n\n<p>El martes 7 de abril participar\u00e1 en la modalidad individual con un total de 204 inscritos de m\u00e1s de 40 pa\u00edses, solo los 4 mejores espadistas de cada pa\u00eds del mundo que sean llamados por sus federaciones nacionales pueden optar al t\u00edtulo mundial. Jos\u00e9 Miguel llega con un gran nivel, durante esta temporada ha conseguido ser el mejor espa\u00f1ol en la Copa del Mundo de&nbsp; Egipto entrando en el top 20, Campe\u00f3n de Espa\u00f1a sub23 y medalla de bronce en la categor\u00eda j\u00fanior, adem\u00e1s, de ser pieza fundamental en el equipo senior de primera divisi\u00f3n de la Sala de Esgrima Burgos, equipo que se ha clasificado directamente al Campeonato de Espa\u00f1a por equipos directamente donde solo los 8 mejores clubes podr\u00e1n participar.<\/p>\n\n\n\n<p>El jueves 9 de abril ser\u00e1 el d\u00eda del Campeonato del Mundo por equipos, 49 equipos est\u00e1n inscritos, la selecci\u00f3n espa\u00f1ola estar\u00e1 formada por los madrile\u00f1os Ricardo S\u00e1nchez, Rayan Rami, Rub\u00e9n Garc\u00eda y el burgal\u00e9s Jos\u00e9 Miguel Mart\u00edn Gamazo. El n\u00famero del equipo espa\u00f1ol en el cuadro de eliminaci\u00f3n vendr\u00e1 dado por los puntos de la modalidad individual junto a los puntos de las copas del mundo que ya se disputaron en Suiza, Serbia y Egipto. Este mismo equipo consegu\u00eda le medalla de bronce en el europeo del a\u00f1o 2025, dando ilusi\u00f3n a la medalla mundial en Brasil 2026.<\/p>\n","protected":false},"excerpt":{"rendered":"<p>El deportista se desplaza a Brasil para competir en el torneo internacional El tirador de la Sala de Esgrima de Burgos, Jos\u00e9 Miguel Mart\u00edn (Despachos BK ETL Global), se desplaza hacia el que ser\u00e1 su \u00faltimo mundial j\u00fanior de espada en R\u00edo de Janeiro con la selecci\u00f3n nacional. Durante sus tres a\u00f1os anteriores dentro de [&hellip;]<\/p>\n","protected":false},"author":10,"featured_media":153045,"comment_status":"closed","ping_status":"closed","sticky":false,"template":"","format":"standard","meta":{"_monsterinsights_skip_tracking":false,"_monsterinsights_sitenote_active":false,"_monsterinsights_sitenote_note":"","_monsterinsights_sitenote_category":0,"footnotes":""},"categories":[53,15],"tags":[1553,54,55],"class_list":{"0":"post-153044","1":"post","2":"type-post","3":"status-publish","4":"format-standard","5":"has-post-thumbnail","7":"category-esgrima","8":"category-otros","9":"tag-actualidad-2","10":"tag-esgrima","11":"tag-saesbu"},"views":58,"_links":{"self":[{"href":"https:\/\/www.burgosdeporte.com\/index.php?rest_route=\/wp\/v2\/posts\/153044","targetHints":{"allow":["GET"]}}],"collection":[{"href":"https:\/\/www.burgosdeporte.com\/index.php?rest_route=\/wp\/v2\/posts"}],"about":[{"href":"https:\/\/www.burgosdeporte.com\/index.php?rest_route=\/wp\/v2\/types\/post"}],"author":[{"embeddable":true,"href":"https:\/\/www.burgosdeporte.com\/index.php?rest_route=\/wp\/v2\/users\/10"}],"replies":[{"embeddable":true,"href":"https:\/\/www.burgosdeporte.com\/index.php?rest_route=%2Fwp%2Fv2%2Fcomments&post=153044"}],"version-history":[{"count":1,"href":"https:\/\/www.burgosdeporte.com\/index.php?rest_route=\/wp\/v2\/posts\/153044\/revisions"}],"predecessor-version":[{"id":153046,"href":"https:\/\/www.burgosdeporte.com\/index.php?rest_route=\/wp\/v2\/posts\/153044\/revisions\/153046"}],"wp:featuredmedia":[{"embeddable":true,"href":"https:\/\/www.burgosdeporte.com\/index.php?rest_route=\/wp\/v2\/media\/153045"}],"wp:attachment":[{"href":"https:\/\/www.burgosdeporte.com\/index.php?rest_route=%2Fwp%2Fv2%2Fmedia&parent=153044"}],"wp:term":[{"taxonomy":"category","embeddable":true,"href":"https:\/\/www.burgosdeporte.com\/index.php?rest_route=%2Fwp%2Fv2%2Fcategories&post=153044"},{"taxonomy":"post_tag","embeddable":true,"href":"https:\/\/www.burgosdeporte.com\/index.php?rest_route=%2Fwp%2Fv2%2Ftags&post=153044"}],"curies":[{"name":"wp","href":"https:\/\/api.w.org\/{rel}","templated":true}]}}