{"id":153040,"date":"2026-04-06T13:47:11","date_gmt":"2026-04-06T11:47:11","guid":{"rendered":"https:\/\/www.burgosdeporte.com\/?p=153040"},"modified":"2026-04-07T16:35:24","modified_gmt":"2026-04-07T14:35:24","slug":"el-gimnasta-rodrigo-martinez-afronta-su-segundo-europeo-absoluto-de-tumbling","status":"publish","type":"post","link":"https:\/\/www.burgosdeporte.com\/?p=153040","title":{"rendered":"El gimnasta Rodrigo Mart\u00ednez afronta su segundo Europeo Absoluto de Tumbling"},"content":{"rendered":"\n<p><strong><em>El deportista del Club Gimnasia Burgos viaja este lunes a Portugal<\/em><\/strong><\/p>\n\n\n<div class=\"wp-block-image\">\n<figure class=\"aligncenter size-full\"><a href=\"https:\/\/castillafloristeria.com\/\" target=\"_blank\" rel=\" noreferrer noopener\"><img loading=\"lazy\" decoding=\"async\" width=\"300\" height=\"90\" src=\"https:\/\/www.burgosdeporte.com\/wp-content\/uploads\/2023\/10\/floristeria_castilla.fw_.png\" alt=\"\" class=\"wp-image-108421\" srcset=\"https:\/\/www.burgosdeporte.com\/wp-content\/uploads\/2023\/10\/floristeria_castilla.fw_.png 300w, https:\/\/www.burgosdeporte.com\/wp-content\/uploads\/2023\/10\/floristeria_castilla.fw_-150x45.png 150w\" sizes=\"auto, (max-width: 300px) 100vw, 300px\" \/><\/a><\/figure>\n<\/div>\n\n\n<p>Rodrigo Mart\u00ednez gimnasta del Club Gimnasia Burgos viaja este lunes a Portim\u00e3o con el equipo nacional de Trampol\u00edn para participar en su segundo campeonato de Europa absoluto en la modalidad de tumbling.<\/p>\n\n\n\n<p>Tras un exigente proceso clasificatorio Rodrigo ser\u00e1 el \u00fanico representante en esta categor\u00eda y modalidad, siendo el mejor gimnasta espa\u00f1ol que ha obtenido la puntuaci\u00f3n m\u00ednima exigida para participar en esta competici\u00f3n.<\/p>\n\n\n\n<p>Para \u00e9l ser\u00e1 su segundo Europeo absoluto y su tercera competici\u00f3n internacional con la selecci\u00f3n y lo afronta con ganas e ilusi\u00f3n. Quiere demostrar el trabajo realizado y la evoluci\u00f3n que est\u00e1 teniendo en una disciplina de gran nivel internacional donde Espa\u00f1a&nbsp; est\u00e1 progresando de forma notable.<\/p>\n\n\n\n<p>El lunes viajar\u00e1 con la expedici\u00f3n espa\u00f1ola para realizar los entrenamientos oficiales el martes y el mi\u00e9rcoles al mediod\u00eda disputar\u00e1 su competici\u00f3n.<\/p>\n\n\n\n<p>Rodrigo Mart\u00ednez es un ejemplo de trabajo, constancia y superaci\u00f3n, para todo el equipo CGB es un gran referente y desde su club le desean mucha suerte en esta gran experiencia que afronta y por supuesto desear los m\u00e1ximos \u00e9xitos a todo el equipo nacional que representar\u00e1 a Espa\u00f1a en este Europeo.<\/p>\n","protected":false},"excerpt":{"rendered":"<p>El deportista del Club Gimnasia Burgos viaja este lunes a Portugal Rodrigo Mart\u00ednez gimnasta del Club Gimnasia Burgos viaja este lunes a Portim\u00e3o con el equipo nacional de Trampol\u00edn para participar en su segundo campeonato de Europa absoluto en la modalidad de tumbling. Tras un exigente proceso clasificatorio Rodrigo ser\u00e1 el \u00fanico representante en esta [&hellip;]<\/p>\n","protected":false},"author":10,"featured_media":153041,"comment_status":"closed","ping_status":"closed","sticky":false,"template":"","format":"standard","meta":{"_monsterinsights_skip_tracking":false,"_monsterinsights_sitenote_active":false,"_monsterinsights_sitenote_note":"","_monsterinsights_sitenote_category":0,"footnotes":""},"categories":[191,15],"tags":[1553,278,192],"class_list":{"0":"post-153040","1":"post","2":"type-post","3":"status-publish","4":"format-standard","5":"has-post-thumbnail","7":"category-gimnasia","8":"category-otros","9":"tag-actualidad-2","10":"tag-clubgimnasiaburgos","11":"tag-gimnasia"},"views":34,"_links":{"self":[{"href":"https:\/\/www.burgosdeporte.com\/index.php?rest_route=\/wp\/v2\/posts\/153040","targetHints":{"allow":["GET"]}}],"collection":[{"href":"https:\/\/www.burgosdeporte.com\/index.php?rest_route=\/wp\/v2\/posts"}],"about":[{"href":"https:\/\/www.burgosdeporte.com\/index.php?rest_route=\/wp\/v2\/types\/post"}],"author":[{"embeddable":true,"href":"https:\/\/www.burgosdeporte.com\/index.php?rest_route=\/wp\/v2\/users\/10"}],"replies":[{"embeddable":true,"href":"https:\/\/www.burgosdeporte.com\/index.php?rest_route=%2Fwp%2Fv2%2Fcomments&post=153040"}],"version-history":[{"count":1,"href":"https:\/\/www.burgosdeporte.com\/index.php?rest_route=\/wp\/v2\/posts\/153040\/revisions"}],"predecessor-version":[{"id":153042,"href":"https:\/\/www.burgosdeporte.com\/index.php?rest_route=\/wp\/v2\/posts\/153040\/revisions\/153042"}],"wp:featuredmedia":[{"embeddable":true,"href":"https:\/\/www.burgosdeporte.com\/index.php?rest_route=\/wp\/v2\/media\/153041"}],"wp:attachment":[{"href":"https:\/\/www.burgosdeporte.com\/index.php?rest_route=%2Fwp%2Fv2%2Fmedia&parent=153040"}],"wp:term":[{"taxonomy":"category","embeddable":true,"href":"https:\/\/www.burgosdeporte.com\/index.php?rest_route=%2Fwp%2Fv2%2Fcategories&post=153040"},{"taxonomy":"post_tag","embeddable":true,"href":"https:\/\/www.burgosdeporte.com\/index.php?rest_route=%2Fwp%2Fv2%2Ftags&post=153040"}],"curies":[{"name":"wp","href":"https:\/\/api.w.org\/{rel}","templated":true}]}}