{"id":152950,"date":"2026-04-05T01:07:40","date_gmt":"2026-04-04T23:07:40","guid":{"rendered":"https:\/\/www.burgosdeporte.com\/?p=152950"},"modified":"2026-04-06T00:17:10","modified_gmt":"2026-04-05T22:17:10","slug":"doble-escapada-del-burgos-burpellet-bh-en-el-gp-indurain","status":"publish","type":"post","link":"https:\/\/www.burgosdeporte.com\/?p=152950","title":{"rendered":"Doble escapada del Burgos Burpellet BH en el GP Indurain"},"content":{"rendered":"\n<h2 class=\"wp-block-heading\">Carlos Garc\u00eda Pierna y Sinuh\u00e9 Fern\u00e1ndez entraron en la fuga, Jes\u00fas Herrada y Ander Okamika atacaron en el final de la carrera y Jos\u00e9 Manuel D\u00edaz acab\u00f3 18\u00ba en la llegada a Estella.<\/h2>\n\n\n<div class=\"wp-block-image\">\n<figure class=\"aligncenter size-full\"><img loading=\"lazy\" decoding=\"async\" width=\"300\" height=\"90\" src=\"https:\/\/www.burgosdeporte.com\/wp-content\/uploads\/2023\/10\/Felix_rubio_2.gif\" alt=\"\" class=\"wp-image-108903\"\/><\/figure>\n<\/div>\n\n\n<p>El Burgos Burpellet BH dio una gran imagen en el Gran Premio Miguel Indurain disputado este s\u00e1bado en Estella (Navarra), dando la cara en todas las fases de la carrera. Carlos Garc\u00eda Pierna y Sinuh\u00e9 Fern\u00e1ndez formaron parte de la escapada del d\u00eda, pelearon por las clasificaciones secundarias y aguantaron en cabeza hasta los \u00faltimos 50 kil\u00f3metros. Jes\u00fas Herrada y Ander Okamika pasaron al ataque en el tercio decisivo de la carrera entrando en sendos cortes peligrosos, mientras que Jos\u00e9 Manuel D\u00edaz fue el primer morado en meta, en la 18\u00aa posici\u00f3n.<\/p>\n\n\n\n<p>Antes de afrontar su segunda vuelta por etapas del UCI WorldTour de la temporada, la Itzulia Basque Country, el Burgos Burpellet BH acudi\u00f3 con un gran bloque de escaladores al Gran Premio Miguel Indurain. El equipo morado tuvo doble presencia en la fuga, al entrar Carlos Garc\u00eda Pierna y Sinuh\u00e9 Fern\u00e1ndez en un grupo delantero de cinco corredores. Ambos llevaban varias semanas sin competir y acud\u00edan a la cita con ganas de mostrarse desde la escapada. El grupo alcanz\u00f3 pronto los cinco minutos de ventaja m\u00e1xima en el primero de los cuatro circuitos en torno a Estella.<\/p>\n\n\n\n<figure class=\"wp-block-image size-large\"><img loading=\"lazy\" decoding=\"async\" width=\"1024\" height=\"682\" src=\"https:\/\/www.burgosdeporte.com\/wp-content\/uploads\/2026\/04\/3d429f4f-3496-3b6a-a93b-880d4a8c6b51-1024x682.jpg\" alt=\"\" class=\"wp-image-152954\" srcset=\"https:\/\/www.burgosdeporte.com\/wp-content\/uploads\/2026\/04\/3d429f4f-3496-3b6a-a93b-880d4a8c6b51-1024x682.jpg 1024w, https:\/\/www.burgosdeporte.com\/wp-content\/uploads\/2026\/04\/3d429f4f-3496-3b6a-a93b-880d4a8c6b51-300x200.jpg 300w, https:\/\/www.burgosdeporte.com\/wp-content\/uploads\/2026\/04\/3d429f4f-3496-3b6a-a93b-880d4a8c6b51-768x512.jpg 768w, https:\/\/www.burgosdeporte.com\/wp-content\/uploads\/2026\/04\/3d429f4f-3496-3b6a-a93b-880d4a8c6b51-1536x1024.jpg 1536w, https:\/\/www.burgosdeporte.com\/wp-content\/uploads\/2026\/04\/3d429f4f-3496-3b6a-a93b-880d4a8c6b51-150x100.jpg 150w, https:\/\/www.burgosdeporte.com\/wp-content\/uploads\/2026\/04\/3d429f4f-3496-3b6a-a93b-880d4a8c6b51-696x464.jpg 696w, https:\/\/www.burgosdeporte.com\/wp-content\/uploads\/2026\/04\/3d429f4f-3496-3b6a-a93b-880d4a8c6b51-1068x712.jpg 1068w, https:\/\/www.burgosdeporte.com\/wp-content\/uploads\/2026\/04\/3d429f4f-3496-3b6a-a93b-880d4a8c6b51-1920x1280.jpg 1920w, https:\/\/www.burgosdeporte.com\/wp-content\/uploads\/2026\/04\/3d429f4f-3496-3b6a-a93b-880d4a8c6b51.jpg 2000w\" sizes=\"auto, (max-width: 1024px) 100vw, 1024px\" \/><figcaption class=\"wp-element-caption\">Garc\u00eda Pierna rueda al frente de la escapada. Foto: Luis \u00c1ngel G\u00f3mez \/ Sprint Cycling Agency<\/figcaption><\/figure>\n\n\n\n<p>Sinuh\u00e9 puntu\u00f3 en los primeros sprints intermedios, aunque ambos se enfocaron en la pelea por la monta\u00f1a, sumando en el Alto de Eraul y el Alto de Guirguillano. Sin embargo, al final de la jornada un solo punto separ\u00f3 al asturiano del Burgos Burpellet BH del premio de los escaladores. Fue precisamente tras el Alto de Guiguillano cuando la fuga lleg\u00f3 a su fin tras casi 150 kil\u00f3metros por delante del pelot\u00f3n. El grupo principal pisaba los talones a los hombres de cabeza y Fern\u00e1ndez decidi\u00f3 atacar, manteni\u00e9ndose por delante casi hasta el Alto de Lezaun, a 50 kil\u00f3metros de la conclusi\u00f3n.<\/p>\n\n\n\n<p>Comenzaron entonces los movimientos entre los favoritos a la victoria y Jes\u00fas Herrada dio un paso adelante, entrando en un grupo que se march\u00f3 por delante del pelot\u00f3n. La carrera se unific\u00f3 despu\u00e9s de cruzar la meta por pen\u00faltima vez y, tras el Alto de Irache, se form\u00f3 otro grupo numeroso en el que entr\u00f3 Ander Okamika. En el \u00faltimo ascenso a Eraul, el grupo fue absorbido tras un buen trabajo del vizca\u00edno y Herrada tom\u00f3 el mando del pelot\u00f3n en la cima.<\/p>\n\n\n\n<figure class=\"wp-block-image size-large\"><img loading=\"lazy\" decoding=\"async\" width=\"1024\" height=\"682\" src=\"https:\/\/www.burgosdeporte.com\/wp-content\/uploads\/2026\/04\/41cd65d8-6cbf-3bbb-1517-dfeec44456ef-1024x682.jpg\" alt=\"\" class=\"wp-image-152953\" srcset=\"https:\/\/www.burgosdeporte.com\/wp-content\/uploads\/2026\/04\/41cd65d8-6cbf-3bbb-1517-dfeec44456ef-1024x682.jpg 1024w, https:\/\/www.burgosdeporte.com\/wp-content\/uploads\/2026\/04\/41cd65d8-6cbf-3bbb-1517-dfeec44456ef-300x200.jpg 300w, https:\/\/www.burgosdeporte.com\/wp-content\/uploads\/2026\/04\/41cd65d8-6cbf-3bbb-1517-dfeec44456ef-768x512.jpg 768w, https:\/\/www.burgosdeporte.com\/wp-content\/uploads\/2026\/04\/41cd65d8-6cbf-3bbb-1517-dfeec44456ef-1536x1024.jpg 1536w, https:\/\/www.burgosdeporte.com\/wp-content\/uploads\/2026\/04\/41cd65d8-6cbf-3bbb-1517-dfeec44456ef-150x100.jpg 150w, https:\/\/www.burgosdeporte.com\/wp-content\/uploads\/2026\/04\/41cd65d8-6cbf-3bbb-1517-dfeec44456ef-696x464.jpg 696w, https:\/\/www.burgosdeporte.com\/wp-content\/uploads\/2026\/04\/41cd65d8-6cbf-3bbb-1517-dfeec44456ef-1068x712.jpg 1068w, https:\/\/www.burgosdeporte.com\/wp-content\/uploads\/2026\/04\/41cd65d8-6cbf-3bbb-1517-dfeec44456ef-1920x1280.jpg 1920w, https:\/\/www.burgosdeporte.com\/wp-content\/uploads\/2026\/04\/41cd65d8-6cbf-3bbb-1517-dfeec44456ef.jpg 2000w\" sizes=\"auto, (max-width: 1024px) 100vw, 1024px\" \/><figcaption class=\"wp-element-caption\">Ander Okamika comanda el grupo de atacantes en el Alto de Eraul. Foto: Luis \u00c1ngel G\u00f3mez \/ Sprint Cycling Agency<\/figcaption><\/figure>\n\n\n\n<p>Jos\u00e9 Manuel D\u00edaz, Lorenzo Quartucci y Merhawi Kudus se manten\u00edan tambi\u00e9n entre los m\u00e1s fuertes, aunque el eritreo sufri\u00f3 una ca\u00edda y qued\u00f3 eliminado de la pelea. Tres corredores se marcharon por delante y los ciclistas del Burgos Burpellet BH hicieron su \u00faltimo esfuerzo en el muro de Ibarra, donde Jos\u00e9 Manuel D\u00edaz aguant\u00f3 en posiciones delanteras y pudo llegar a la meta en Estella en la 18\u00aa plaza. Ander Okamika acab\u00f3 23\u00ba y Jes\u00fas Herrada concluy\u00f3 en el puesto 25\u00ba.<\/p>\n","protected":false},"excerpt":{"rendered":"<p>Carlos Garc\u00eda Pierna y Sinuh\u00e9 Fern\u00e1ndez entraron en la fuga, Jes\u00fas Herrada y Ander Okamika atacaron en el final de la carrera y Jos\u00e9 Manuel D\u00edaz acab\u00f3 18\u00ba en la llegada a Estella. El Burgos Burpellet BH dio una gran imagen en el Gran Premio Miguel Indurain disputado este s\u00e1bado en Estella (Navarra), dando la [&hellip;]<\/p>\n","protected":false},"author":10,"featured_media":152951,"comment_status":"closed","ping_status":"closed","sticky":false,"template":"","format":"standard","meta":{"_monsterinsights_skip_tracking":false,"_monsterinsights_sitenote_active":false,"_monsterinsights_sitenote_note":"","_monsterinsights_sitenote_category":0,"footnotes":""},"categories":[63],"tags":[1553,2284,64],"class_list":{"0":"post-152950","1":"post","2":"type-post","3":"status-publish","4":"format-standard","5":"has-post-thumbnail","7":"category-ciclismo","8":"tag-actualidad-2","9":"tag-burgosburpelletbh","10":"tag-ciclismo"},"views":21,"_links":{"self":[{"href":"https:\/\/www.burgosdeporte.com\/index.php?rest_route=\/wp\/v2\/posts\/152950","targetHints":{"allow":["GET"]}}],"collection":[{"href":"https:\/\/www.burgosdeporte.com\/index.php?rest_route=\/wp\/v2\/posts"}],"about":[{"href":"https:\/\/www.burgosdeporte.com\/index.php?rest_route=\/wp\/v2\/types\/post"}],"author":[{"embeddable":true,"href":"https:\/\/www.burgosdeporte.com\/index.php?rest_route=\/wp\/v2\/users\/10"}],"replies":[{"embeddable":true,"href":"https:\/\/www.burgosdeporte.com\/index.php?rest_route=%2Fwp%2Fv2%2Fcomments&post=152950"}],"version-history":[{"count":1,"href":"https:\/\/www.burgosdeporte.com\/index.php?rest_route=\/wp\/v2\/posts\/152950\/revisions"}],"predecessor-version":[{"id":152956,"href":"https:\/\/www.burgosdeporte.com\/index.php?rest_route=\/wp\/v2\/posts\/152950\/revisions\/152956"}],"wp:featuredmedia":[{"embeddable":true,"href":"https:\/\/www.burgosdeporte.com\/index.php?rest_route=\/wp\/v2\/media\/152951"}],"wp:attachment":[{"href":"https:\/\/www.burgosdeporte.com\/index.php?rest_route=%2Fwp%2Fv2%2Fmedia&parent=152950"}],"wp:term":[{"taxonomy":"category","embeddable":true,"href":"https:\/\/www.burgosdeporte.com\/index.php?rest_route=%2Fwp%2Fv2%2Fcategories&post=152950"},{"taxonomy":"post_tag","embeddable":true,"href":"https:\/\/www.burgosdeporte.com\/index.php?rest_route=%2Fwp%2Fv2%2Ftags&post=152950"}],"curies":[{"name":"wp","href":"https:\/\/api.w.org\/{rel}","templated":true}]}}