{"id":152864,"date":"2026-04-03T13:06:48","date_gmt":"2026-04-03T11:06:48","guid":{"rendered":"https:\/\/www.burgosdeporte.com\/?p=152864"},"modified":"2026-04-04T01:54:13","modified_gmt":"2026-04-03T23:54:13","slug":"los-escaladores-del-burgos-burpellet-bh-listos-para-el-gp-miguel-indurain","status":"publish","type":"post","link":"https:\/\/www.burgosdeporte.com\/?p=152864","title":{"rendered":"Los escaladores del Burgos Burpellet BH, listos para el GP Miguel Indurain"},"content":{"rendered":"\n<h2 class=\"wp-block-heading\">La carrera se disputa este s\u00e1bado en Estella y supone un nuevo desaf\u00edo para el equipo morado y un anticipo a la Itzulia Basque Country de la semana que viene.<\/h2>\n\n\n<div class=\"wp-block-image\">\n<figure class=\"aligncenter size-full\"><img loading=\"lazy\" decoding=\"async\" width=\"300\" height=\"250\" src=\"https:\/\/www.burgosdeporte.com\/wp-content\/uploads\/2026\/03\/BURGOS-DEPORTE-300X250.png\" alt=\"\" class=\"wp-image-152489\" srcset=\"https:\/\/www.burgosdeporte.com\/wp-content\/uploads\/2026\/03\/BURGOS-DEPORTE-300X250.png 300w, https:\/\/www.burgosdeporte.com\/wp-content\/uploads\/2026\/03\/BURGOS-DEPORTE-300X250-150x125.png 150w\" sizes=\"auto, (max-width: 300px) 100vw, 300px\" \/><\/figure>\n<\/div>\n\n\n<p>El Burgos Burpellet BH arranca el mes de abril con la misma intensidad y carga competitiva que termin\u00f3 marzo. Los morados se desplazan este s\u00e1bado hasta Estella (Navarra) para disputar el prestigioso Gran Premio Miguel Indurain, que un a\u00f1o m\u00e1s sirve de aperitivo previo a la Itzulia Basque Country (Vuelta al Pa\u00eds Vasco). Jos\u00e9 Manuel D\u00edaz y Jes\u00fas Herrada encabezan el potente grupo de escaladores que afrontar\u00e1 las numerosas subidas de un recorrido que conserva la esencia de los \u00faltimos a\u00f1os y donde los burgaleses intentar\u00e1n ser protagonistas.<\/p>\n\n\n\n<p>El Gran Premio Miguel Indurain mantiene un recorrido similar al de los \u00faltimos a\u00f1os, con sus principales subidas y circuitos en torno al municipio de Estella. El recorrido de 204 kil\u00f3metros est\u00e1 repleto de repechos y ascensos desafiantes. El primer bucle es el m\u00e1s asequible, pero incluye ya un primer paso por el Alto de Muru (1,5 km al 4%) y el muro de Ibarra (0,5 km al 10%) justo antes de la meta.<\/p>\n\n\n\n<p>En el segundo circuito se incorporan el Alto de Irache (3 km al 4%), el Alto de Olejua (1 km al 7%) y el Alto de Eraul (4 km al 5%), mientras que el tercero suma dureza con el Alto de Guirguillano (2 km al 6%) y el Alto de Lezaun (4 km al 5%). Restar\u00e1 un \u00faltimo tramo en el que se repetir\u00e1n por \u00faltima vez los pasos por Irache, Eraul, Ibarra y Muru, antes de llegar a la meta en Estella.<\/p>\n\n\n\n<p>Encabezan la alineaci\u00f3n del Burgos Burpellet BH Jos\u00e9 Manuel D\u00edaz, que el a\u00f1o pasado acab\u00f3 20\u00ba en esta carrera, y Jes\u00fas Herrada. Junto a ellos tomar\u00e1n la salida escaladores como Carlos Garc\u00eda Pierna y Sinuh\u00e9 Fern\u00e1ndez, que retoman la competici\u00f3n tras un mes de marzo centrado en los entrenamientos; el campe\u00f3n de \u00c1frica Merhawi Kudus, el explosivo Lorenzo Quartucci y un todoterreno como Ander Okamika.<\/p>\n\n\n\n<figure class=\"wp-block-image size-large\"><img loading=\"lazy\" decoding=\"async\" width=\"576\" height=\"1024\" src=\"https:\/\/www.burgosdeporte.com\/wp-content\/uploads\/2026\/04\/0a9fc5d1-c78d-55c2-d3f2-5d99a5d4ecf2-576x1024.jpg\" alt=\"\" class=\"wp-image-152865\" srcset=\"https:\/\/www.burgosdeporte.com\/wp-content\/uploads\/2026\/04\/0a9fc5d1-c78d-55c2-d3f2-5d99a5d4ecf2-576x1024.jpg 576w, https:\/\/www.burgosdeporte.com\/wp-content\/uploads\/2026\/04\/0a9fc5d1-c78d-55c2-d3f2-5d99a5d4ecf2-169x300.jpg 169w, https:\/\/www.burgosdeporte.com\/wp-content\/uploads\/2026\/04\/0a9fc5d1-c78d-55c2-d3f2-5d99a5d4ecf2-768x1365.jpg 768w, https:\/\/www.burgosdeporte.com\/wp-content\/uploads\/2026\/04\/0a9fc5d1-c78d-55c2-d3f2-5d99a5d4ecf2-864x1536.jpg 864w, https:\/\/www.burgosdeporte.com\/wp-content\/uploads\/2026\/04\/0a9fc5d1-c78d-55c2-d3f2-5d99a5d4ecf2-1152x2048.jpg 1152w, https:\/\/www.burgosdeporte.com\/wp-content\/uploads\/2026\/04\/0a9fc5d1-c78d-55c2-d3f2-5d99a5d4ecf2-150x267.jpg 150w, https:\/\/www.burgosdeporte.com\/wp-content\/uploads\/2026\/04\/0a9fc5d1-c78d-55c2-d3f2-5d99a5d4ecf2-300x533.jpg 300w, https:\/\/www.burgosdeporte.com\/wp-content\/uploads\/2026\/04\/0a9fc5d1-c78d-55c2-d3f2-5d99a5d4ecf2-696x1237.jpg 696w, https:\/\/www.burgosdeporte.com\/wp-content\/uploads\/2026\/04\/0a9fc5d1-c78d-55c2-d3f2-5d99a5d4ecf2-1068x1898.jpg 1068w, https:\/\/www.burgosdeporte.com\/wp-content\/uploads\/2026\/04\/0a9fc5d1-c78d-55c2-d3f2-5d99a5d4ecf2-1920x3413.jpg 1920w, https:\/\/www.burgosdeporte.com\/wp-content\/uploads\/2026\/04\/0a9fc5d1-c78d-55c2-d3f2-5d99a5d4ecf2-scaled.jpg 1440w\" sizes=\"auto, (max-width: 576px) 100vw, 576px\" \/><\/figure>\n","protected":false},"excerpt":{"rendered":"<p>La carrera se disputa este s\u00e1bado en Estella y supone un nuevo desaf\u00edo para el equipo morado y un anticipo a la Itzulia Basque Country de la semana que viene. El Burgos Burpellet BH arranca el mes de abril con la misma intensidad y carga competitiva que termin\u00f3 marzo. Los morados se desplazan este s\u00e1bado [&hellip;]<\/p>\n","protected":false},"author":10,"featured_media":152866,"comment_status":"closed","ping_status":"closed","sticky":false,"template":"","format":"standard","meta":{"_monsterinsights_skip_tracking":false,"_monsterinsights_sitenote_active":false,"_monsterinsights_sitenote_note":"","_monsterinsights_sitenote_category":0,"footnotes":""},"categories":[63],"tags":[1553,2284],"class_list":{"0":"post-152864","1":"post","2":"type-post","3":"status-publish","4":"format-standard","5":"has-post-thumbnail","7":"category-ciclismo","8":"tag-actualidad-2","9":"tag-burgosburpelletbh"},"views":25,"_links":{"self":[{"href":"https:\/\/www.burgosdeporte.com\/index.php?rest_route=\/wp\/v2\/posts\/152864","targetHints":{"allow":["GET"]}}],"collection":[{"href":"https:\/\/www.burgosdeporte.com\/index.php?rest_route=\/wp\/v2\/posts"}],"about":[{"href":"https:\/\/www.burgosdeporte.com\/index.php?rest_route=\/wp\/v2\/types\/post"}],"author":[{"embeddable":true,"href":"https:\/\/www.burgosdeporte.com\/index.php?rest_route=\/wp\/v2\/users\/10"}],"replies":[{"embeddable":true,"href":"https:\/\/www.burgosdeporte.com\/index.php?rest_route=%2Fwp%2Fv2%2Fcomments&post=152864"}],"version-history":[{"count":1,"href":"https:\/\/www.burgosdeporte.com\/index.php?rest_route=\/wp\/v2\/posts\/152864\/revisions"}],"predecessor-version":[{"id":152867,"href":"https:\/\/www.burgosdeporte.com\/index.php?rest_route=\/wp\/v2\/posts\/152864\/revisions\/152867"}],"wp:featuredmedia":[{"embeddable":true,"href":"https:\/\/www.burgosdeporte.com\/index.php?rest_route=\/wp\/v2\/media\/152866"}],"wp:attachment":[{"href":"https:\/\/www.burgosdeporte.com\/index.php?rest_route=%2Fwp%2Fv2%2Fmedia&parent=152864"}],"wp:term":[{"taxonomy":"category","embeddable":true,"href":"https:\/\/www.burgosdeporte.com\/index.php?rest_route=%2Fwp%2Fv2%2Fcategories&post=152864"},{"taxonomy":"post_tag","embeddable":true,"href":"https:\/\/www.burgosdeporte.com\/index.php?rest_route=%2Fwp%2Fv2%2Ftags&post=152864"}],"curies":[{"name":"wp","href":"https:\/\/api.w.org\/{rel}","templated":true}]}}