{"id":152787,"date":"2026-03-31T16:43:55","date_gmt":"2026-03-31T14:43:55","guid":{"rendered":"https:\/\/www.burgosdeporte.com\/?p=152787"},"modified":"2026-03-31T23:06:35","modified_gmt":"2026-03-31T21:06:35","slug":"el-burgos-burpellet-bh-se-estrena-en-el-tour-de-flandes-y-la-lieja-bastona-lieja","status":"publish","type":"post","link":"https:\/\/www.burgosdeporte.com\/?p=152787","title":{"rendered":"El Burgos Burpellet BH se estrena en el Tour de Flandes y la Lieja Basto\u00f1a Lieja"},"content":{"rendered":"\n<p><strong><em>El equipo morado disputar\u00e1 por primera vez en su historia <\/em><\/strong><strong><em>dos de las carreras prestigiosas del mundo del ciclismo que culminan las Cl\u00e1sicas de Flandes y las Ardenas<\/em><\/strong><\/p>\n\n\n\n<p class=\"has-text-align-right\">(<em>Fotograf\u00eda: Rafa G\u00f3mez \/ Sprint Cycling Agency<\/em>)<\/p>\n\n\n<div class=\"wp-block-image\">\n<figure class=\"aligncenter size-full is-resized\"><a href=\"https:\/\/www.tandemgyd.com\/\" target=\"_blank\" rel=\" noreferrer noopener\"><img loading=\"lazy\" decoding=\"async\" width=\"750\" height=\"265\" src=\"https:\/\/www.burgosdeporte.com\/wp-content\/uploads\/2025\/09\/tandem750x265.fw_.png\" alt=\"\" class=\"wp-image-144121\" style=\"aspect-ratio:2.8302401385284846;width:436px;height:auto\" srcset=\"https:\/\/www.burgosdeporte.com\/wp-content\/uploads\/2025\/09\/tandem750x265.fw_.png 750w, https:\/\/www.burgosdeporte.com\/wp-content\/uploads\/2025\/09\/tandem750x265.fw_-300x106.png 300w, https:\/\/www.burgosdeporte.com\/wp-content\/uploads\/2025\/09\/tandem750x265.fw_-150x53.png 150w, https:\/\/www.burgosdeporte.com\/wp-content\/uploads\/2025\/09\/tandem750x265.fw_-696x246.png 696w\" sizes=\"auto, (max-width: 750px) 100vw, 750px\" \/><\/a><\/figure>\n<\/div>\n\n\n<p>La temporada 2026 sigue brindando grandes oportunidades al Burgos Burpellet BH, que est\u00e1 afrontando un amplio calendario de cl\u00e1sicas en B\u00e9lgica y ha debutado en numerosas pruebas del UCI WorldTour. El equipo morado seguir\u00e1 haciendo historia este mes, ya que disputar\u00e1 por primera vez dos de los llamados &#8216;monumentos&#8217; del ciclismo: el Tour de Flandes y la Lieja-Basto\u00f1a-Lieja. Carreras que reciben este nombre por su dilatada historia -m\u00e1s de 100 ediciones-, su extenso kilometraje -siempre muy por encima de los 200 km- y su reconocido prestigio en el pelot\u00f3n internacional. Cl\u00e1sicas que todo ciclista sue\u00f1a con ganar y que el conjunto burgal\u00e9s afrontar\u00e1 este mes de abril con la mayor de las ilusiones.<\/p>\n\n\n\n<p>Como muestra del crecimiento que est\u00e1 experimentando el Burgos Burpellet BH en los \u00faltimos a\u00f1os y como premio a su buen trabajo, la estructura ha recibido dos de las anheladas invitaciones que otorgan los organizadores de dichas carreras a unos pocos UCI ProTeams. Dos pruebas que se disputan en B\u00e9lgica, pero con trazados completamente distintos. El Tour de Flandes (Ronde van Vlaanderen) recorre la regi\u00f3n Flamenca y se caracteriza por sus tramos adoquinados o de &#8216;pav\u00e9s&#8217; y sus colinas de grandes pendientes. Por su parte, la Lieja-Basto\u00f1a-Lieja se celebra en la regi\u00f3n de Ardenas, contando en su recorrido con colinas igualmente duras, pero mayoritariamente asfaltadas.<\/p>\n\n\n\n<p>La 110\u00aa edici\u00f3n del Tour de Flandes tendr\u00e1 lugar el domingo 5 de abril sobre un trazado de 279 kil\u00f3metros entre Amberes y Oudenaarde. En &#8216;De Ronde&#8217;, los ciclistas se enfrentar\u00e1n a un total de 16 colinas y 16 tramos adoquinados. No faltar\u00e1n ascensiones emblem\u00e1ticas como el Oude Kwaremont, el Paterberg, el Kruisberg o el Koppenberg, algunas de las cuales ya han descubierto los ciclistas morados en las recientes cl\u00e1sicas en B\u00e9lgica. El equipo burgal\u00e9s acudir\u00e1 bien preparado con un grupo de rodadores, escaladores y clasic\u00f3manos que han acumulado una valiosa experiencia en sus primeras carreras de la primavera.<\/p>\n\n\n\n<p>Tres semanas despu\u00e9s, el domingo 26 de abril, se celebrar\u00e1 la 112\u00aa edici\u00f3n de la Lieja-Basto\u00f1a-Lieja. Su recorrido lo componen 259 kil\u00f3metros con salida y llegada en la ciudad de Lieja, atravesando por el camino una veintena de peque\u00f1as y exigentes cotas. Su mayor dureza se concentra en la parte final del recorrido, ascendi\u00e9ndose las c\u00e9lebres C\u00f4te de la Redoute, C\u00f4te de Forges o C\u00f4te de la Roche-aux-Facons, entre otras. No ser\u00e1 la primera vez que el Burgos Burpellet BH se enfrente a una de las Cl\u00e1sicas de las Ardenas. En 2023, los morados debutaron en La Flecha Valona, mostr\u00e1ndose desde la fuga por medio del ahora director deportivo, Jetse Bol.<\/p>\n\n\n\n<p>Damien Garcia (director deportivo): \u00abEs una oportunidad enorme que nos dan los organizadores, tanto Flanders Classics como A.S.O., y estamos muy agradecidos por ello. El Tour de Flandes es una carrera muy particular, tanto por la afici\u00f3n que hay alrededor, como por su recorrido, con las colinas adoquinadas. Estamos deseando descubrir esa prueba y dar la mejor imagen del equipo. Sabemos que el nivel ser\u00e1 alt\u00edsimo, pero es un paso m\u00e1s en el crecimiento del Burgos Burpellet BH. Vamos a ir con intenci\u00f3n de hacerlo bien y aprender con nuestros j\u00f3venes ciclistas. La Lieja-Basto\u00f1a-Lieja tiene un recorrido que, sobre el papel, se nos adapta mejor. Contamos con ciclistas que lo pueden hacer bien y que, como Jes\u00fas Herrada, tienen ya experiencia en este tipo de carreras. Trataremos de hacerlo lo mejor posible y mostraremos los colores del Burgos Burpellet BH. Es un honor estar invitados a dos monumentos e intentaremos estar a la altura\u00bb.<\/p>\n","protected":false},"excerpt":{"rendered":"<p>El equipo morado disputar\u00e1 por primera vez en su historia dos de las carreras prestigiosas del mundo del ciclismo que culminan las Cl\u00e1sicas de Flandes y las Ardenas (Fotograf\u00eda: Rafa G\u00f3mez \/ Sprint Cycling Agency) La temporada 2026 sigue brindando grandes oportunidades al Burgos Burpellet BH, que est\u00e1 afrontando un amplio calendario de cl\u00e1sicas en [&hellip;]<\/p>\n","protected":false},"author":10,"featured_media":152788,"comment_status":"closed","ping_status":"closed","sticky":false,"template":"","format":"standard","meta":{"_monsterinsights_skip_tracking":false,"_monsterinsights_sitenote_active":false,"_monsterinsights_sitenote_note":"","_monsterinsights_sitenote_category":0,"footnotes":""},"categories":[63],"tags":[1553,11,64],"class_list":{"0":"post-152787","1":"post","2":"type-post","3":"status-publish","4":"format-standard","5":"has-post-thumbnail","7":"category-ciclismo","8":"tag-actualidad-2","9":"tag-burgosbh","10":"tag-ciclismo"},"views":24,"_links":{"self":[{"href":"https:\/\/www.burgosdeporte.com\/index.php?rest_route=\/wp\/v2\/posts\/152787","targetHints":{"allow":["GET"]}}],"collection":[{"href":"https:\/\/www.burgosdeporte.com\/index.php?rest_route=\/wp\/v2\/posts"}],"about":[{"href":"https:\/\/www.burgosdeporte.com\/index.php?rest_route=\/wp\/v2\/types\/post"}],"author":[{"embeddable":true,"href":"https:\/\/www.burgosdeporte.com\/index.php?rest_route=\/wp\/v2\/users\/10"}],"replies":[{"embeddable":true,"href":"https:\/\/www.burgosdeporte.com\/index.php?rest_route=%2Fwp%2Fv2%2Fcomments&post=152787"}],"version-history":[{"count":1,"href":"https:\/\/www.burgosdeporte.com\/index.php?rest_route=\/wp\/v2\/posts\/152787\/revisions"}],"predecessor-version":[{"id":152789,"href":"https:\/\/www.burgosdeporte.com\/index.php?rest_route=\/wp\/v2\/posts\/152787\/revisions\/152789"}],"wp:featuredmedia":[{"embeddable":true,"href":"https:\/\/www.burgosdeporte.com\/index.php?rest_route=\/wp\/v2\/media\/152788"}],"wp:attachment":[{"href":"https:\/\/www.burgosdeporte.com\/index.php?rest_route=%2Fwp%2Fv2%2Fmedia&parent=152787"}],"wp:term":[{"taxonomy":"category","embeddable":true,"href":"https:\/\/www.burgosdeporte.com\/index.php?rest_route=%2Fwp%2Fv2%2Fcategories&post=152787"},{"taxonomy":"post_tag","embeddable":true,"href":"https:\/\/www.burgosdeporte.com\/index.php?rest_route=%2Fwp%2Fv2%2Ftags&post=152787"}],"curies":[{"name":"wp","href":"https:\/\/api.w.org\/{rel}","templated":true}]}}