{"id":152769,"date":"2026-03-31T13:56:37","date_gmt":"2026-03-31T11:56:37","guid":{"rendered":"https:\/\/www.burgosdeporte.com\/?p=152769"},"modified":"2026-04-01T16:31:34","modified_gmt":"2026-04-01T14:31:34","slug":"augusto-lima-no-seguira-en-el-san-pablo-burgos","status":"publish","type":"post","link":"https:\/\/www.burgosdeporte.com\/?p=152769","title":{"rendered":"Augusto Lima no seguir\u00e1 en el San Pablo Burgos"},"content":{"rendered":"\n<h2 class=\"wp-block-heading\"><strong>El club y el p\u00edvot acuerdan poner fin al contrato que un\u00eda a ambas partes para la presente temporada de Liga Endesa acb<\/strong><\/h2>\n\n\n<div class=\"wp-block-image\">\n<figure class=\"aligncenter size-full\"><img loading=\"lazy\" decoding=\"async\" width=\"300\" height=\"250\" src=\"https:\/\/www.burgosdeporte.com\/wp-content\/uploads\/2026\/03\/NissanMicra_17-31marzo2026.gif\" alt=\"\" class=\"wp-image-152159\"\/><\/figure>\n<\/div>\n\n\n<p>El San Pablo Burgos y Augusto Lima han finalizado el contrato que manten\u00eda unidas a ambas partes en la presente temporada de Liga Endesa acb.<\/p>\n\n\n\n<p>El p\u00edvot se incorpor\u00f3 a la plantilla burgalesa a mediados del mes de enero, en lo que supuso el inicio de su segunda etapa dentro del club. En estos meses, el jugador ha participado en cinco partidos de la competici\u00f3n liguera.<\/p>\n\n\n\n<p>Desde el San Pablo Burgos, agradecen a Augusto Lima todo el trabajo realizado a lo largo de esta segunda etapa como miembro del equipo burgal\u00e9s y le desean la mejor de las suertes para su futuro, tanto a nivel profesional como personal.<\/p>\n\n\n\n<figure class=\"wp-block-image size-large\"><img loading=\"lazy\" decoding=\"async\" width=\"819\" height=\"1024\" src=\"https:\/\/www.burgosdeporte.com\/wp-content\/uploads\/2026\/03\/5856_2_2-819x1024.jpg\" alt=\"\" class=\"wp-image-152770\" srcset=\"https:\/\/www.burgosdeporte.com\/wp-content\/uploads\/2026\/03\/5856_2_2-819x1024.jpg 819w, https:\/\/www.burgosdeporte.com\/wp-content\/uploads\/2026\/03\/5856_2_2-240x300.jpg 240w, https:\/\/www.burgosdeporte.com\/wp-content\/uploads\/2026\/03\/5856_2_2-768x960.jpg 768w, https:\/\/www.burgosdeporte.com\/wp-content\/uploads\/2026\/03\/5856_2_2-150x187.jpg 150w, https:\/\/www.burgosdeporte.com\/wp-content\/uploads\/2026\/03\/5856_2_2-300x375.jpg 300w, https:\/\/www.burgosdeporte.com\/wp-content\/uploads\/2026\/03\/5856_2_2-696x870.jpg 696w, https:\/\/www.burgosdeporte.com\/wp-content\/uploads\/2026\/03\/5856_2_2.jpg 821w\" sizes=\"auto, (max-width: 819px) 100vw, 819px\" \/><\/figure>\n","protected":false},"excerpt":{"rendered":"<p>El club y el p\u00edvot acuerdan poner fin al contrato que un\u00eda a ambas partes para la presente temporada de Liga Endesa acb El San Pablo Burgos y Augusto Lima han finalizado el contrato que manten\u00eda unidas a ambas partes en la presente temporada de Liga Endesa acb. El p\u00edvot se incorpor\u00f3 a la plantilla [&hellip;]<\/p>\n","protected":false},"author":10,"featured_media":152771,"comment_status":"closed","ping_status":"closed","sticky":false,"template":"","format":"standard","meta":{"_monsterinsights_skip_tracking":false,"_monsterinsights_sitenote_active":false,"_monsterinsights_sitenote_note":"","_monsterinsights_sitenote_category":0,"footnotes":""},"categories":[5],"tags":[1553,2693,2615,9],"class_list":{"0":"post-152769","1":"post","2":"type-post","3":"status-publish","4":"format-standard","5":"has-post-thumbnail","7":"category-baloncesto","8":"tag-actualidad-2","9":"tag-augustolima","10":"tag-recoletassaludsanpabloburgos","11":"tag-sanpabloburgos"},"views":94,"_links":{"self":[{"href":"https:\/\/www.burgosdeporte.com\/index.php?rest_route=\/wp\/v2\/posts\/152769","targetHints":{"allow":["GET"]}}],"collection":[{"href":"https:\/\/www.burgosdeporte.com\/index.php?rest_route=\/wp\/v2\/posts"}],"about":[{"href":"https:\/\/www.burgosdeporte.com\/index.php?rest_route=\/wp\/v2\/types\/post"}],"author":[{"embeddable":true,"href":"https:\/\/www.burgosdeporte.com\/index.php?rest_route=\/wp\/v2\/users\/10"}],"replies":[{"embeddable":true,"href":"https:\/\/www.burgosdeporte.com\/index.php?rest_route=%2Fwp%2Fv2%2Fcomments&post=152769"}],"version-history":[{"count":1,"href":"https:\/\/www.burgosdeporte.com\/index.php?rest_route=\/wp\/v2\/posts\/152769\/revisions"}],"predecessor-version":[{"id":152772,"href":"https:\/\/www.burgosdeporte.com\/index.php?rest_route=\/wp\/v2\/posts\/152769\/revisions\/152772"}],"wp:featuredmedia":[{"embeddable":true,"href":"https:\/\/www.burgosdeporte.com\/index.php?rest_route=\/wp\/v2\/media\/152771"}],"wp:attachment":[{"href":"https:\/\/www.burgosdeporte.com\/index.php?rest_route=%2Fwp%2Fv2%2Fmedia&parent=152769"}],"wp:term":[{"taxonomy":"category","embeddable":true,"href":"https:\/\/www.burgosdeporte.com\/index.php?rest_route=%2Fwp%2Fv2%2Fcategories&post=152769"},{"taxonomy":"post_tag","embeddable":true,"href":"https:\/\/www.burgosdeporte.com\/index.php?rest_route=%2Fwp%2Fv2%2Ftags&post=152769"}],"curies":[{"name":"wp","href":"https:\/\/api.w.org\/{rel}","templated":true}]}}