{"id":152681,"date":"2026-03-29T01:47:27","date_gmt":"2026-03-28T23:47:27","guid":{"rendered":"https:\/\/www.burgosdeporte.com\/?p=152681"},"modified":"2026-03-29T22:08:50","modified_gmt":"2026-03-29T20:08:50","slug":"desafio-de-maximo-nivel-ante-valencia","status":"publish","type":"post","link":"https:\/\/www.burgosdeporte.com\/?p=152681","title":{"rendered":"Desaf\u00edo de m\u00e1ximo nivel ante Valencia"},"content":{"rendered":"\n<h2 class=\"wp-block-heading\">El Recoletas Salud San Pablo Burgos afronta este domingo un reto importante por la permanencia desde las 18,00 h. en El Plant\u00edo.<\/h2>\n\n\n<div class=\"wp-block-image\">\n<figure class=\"aligncenter size-full\"><img loading=\"lazy\" decoding=\"async\" width=\"300\" height=\"90\" src=\"https:\/\/www.burgosdeporte.com\/wp-content\/uploads\/2023\/10\/Felix_rubio_2.gif\" alt=\"\" class=\"wp-image-108903\"\/><\/figure>\n<\/div>\n\n\n<p>El Recoletas Salud San Pablo Burgos afronta un desaf\u00edo de m\u00e1ximo nivel frente a Valencia Basket, al que se medir\u00e1 este domingo, a partir de las 18:00 horas, en el Coliseum. El equipo que dirige Porfi Fisac contin\u00faa inmerso en el camino hacia la permanencia y tratar\u00e1 de sorprender a uno de los conjuntos punteros de la Liga Endesa y de Euroliga. Para este compromiso, los castellanos no podr\u00e1n contar con Ethan Happ por una cl\u00e1usula en la rescisi\u00f3n de su contrato con el club valenciano.<\/p>\n\n\n\n<p><strong><mark style=\"background-color:rgba(0, 0, 0, 0)\" class=\"has-inline-color has-vivid-red-color\"> PUEDES SEGUIR EL PARTIDO EN DIRECTO EN BURGOS DEPORTE RADIO.-<\/mark><a href=\"https:\/\/www.burgosdeporte.com\/?p=111930\"> AQU\u00cd.- <\/a><mark style=\"background-color:rgba(0, 0, 0, 0)\" class=\"has-inline-color has-vivid-red-color\">EN RETRANSMISI\u00d3N CONJUNTA CON RADIO ARLANZ\u00d3N Y BURGOSNOTICIAS.  <\/mark><\/strong><\/p>\n\n\n<div class=\"wp-block-image\">\n<figure class=\"aligncenter size-full is-resized\"><a href=\"https:\/\/www.burgosdeporte.com\/?p=111930\"><img loading=\"lazy\" decoding=\"async\" width=\"900\" height=\"519\" src=\"https:\/\/www.burgosdeporte.com\/wp-content\/uploads\/2025\/05\/RADIO-ENLACE.jpg\" alt=\"\" class=\"wp-image-139442\" style=\"aspect-ratio:1.7341067649133808;width:236px;height:auto\" srcset=\"https:\/\/www.burgosdeporte.com\/wp-content\/uploads\/2025\/05\/RADIO-ENLACE.jpg 900w, https:\/\/www.burgosdeporte.com\/wp-content\/uploads\/2025\/05\/RADIO-ENLACE-300x173.jpg 300w, https:\/\/www.burgosdeporte.com\/wp-content\/uploads\/2025\/05\/RADIO-ENLACE-768x443.jpg 768w, https:\/\/www.burgosdeporte.com\/wp-content\/uploads\/2025\/05\/RADIO-ENLACE-150x87.jpg 150w, https:\/\/www.burgosdeporte.com\/wp-content\/uploads\/2025\/05\/RADIO-ENLACE-696x401.jpg 696w\" sizes=\"auto, (max-width: 900px) 100vw, 900px\" \/><\/a><\/figure>\n<\/div>\n\n\n<p>El entrenador del cuadro burgal\u00e9s hablaba en rueda de prensa de la ausencia del p\u00edvot, uno de los jugadores de referencia en este momento para el Recoletas Salud San Pablo Burgos: \u201cNunca hab\u00eda tenido una sensaci\u00f3n de tantas dificultades a la hora de conseguir que, en los partidos o en cada uno de los d\u00edas de trabajo, el equipo tuviera un grado de crecimiento. Parece que cada d\u00eda siempre hay una trampa, un problema o una circunstancia\u201d.<\/p>\n\n\n\n<p>Pese a las dificultades, Porfi Fisac recalcaba: \u201cVamos a dejarlo todo por sacar cada uno de los partidos. Da igual que sea Valencia, da igual que no jueguen los jugadores que no jueguen. No tenemos en nuestro diccionario la palabra rendirse, ni entregarse. Esta gente que tengo en mis manos me demuestra cada d\u00eda ese grado de ser ind\u00f3mitos ante una situaci\u00f3n. No nos vamos a entregar. Da igual qui\u00e9n no juegue, da igual los jugadores del U22 con los que tengamos que jugar, da igual el grado de calidad o de talento que tengamos que hacer. Jugar aqu\u00ed es un privilegio. Y ese privilegio lo tenemos que tener en la Liga Endesa acb\u201d.<\/p>\n\n\n\n<p>Para suplir la ausencia de Happ, el roster del Recoletas Salud San Pablo Burgos volver\u00e1 a contar con la presencia de Augusto Lima y cobrar\u00e1 m\u00e1s importancia la figura de Luke Fischer, al que Fisac pon\u00eda en valor: \u201cPara m\u00ed, es un ejemplo. Es una envidia de jugador, un hombre al que, si puedo, fichar\u00eda siempre. No hay nunca una mala cara por su parte, nunca un mal gesto, siempre es positivo. Me encantar\u00eda que hiciera el partido de su vida. Me encantar\u00eda porque creo que hay personas a veces en la vida que se merecen algo. Y este es uno de esos que se lo merecen\u201d.<\/p>\n\n\n\n<p>En el apartado de dudas, sobresale la de Raul Neto, sobre el que el t\u00e9cnico segoviano apuntaba que ha tenido molestias en el s\u00f3leo durante la semana y se\u00f1alaba: \u201cYa lo sufri\u00f3 un poco al principio del a\u00f1o y ahora est\u00e1 recayendo en este problema. Es algo que nos preocupa, pero sabemos que \u00e9l es un chico duro, fuerte y que aguanta bien el dolor. A ver si somos capaces de que pueda llegar para el domingo\u201d.<\/p>\n\n\n\n<p><strong>Valencia Basket, un rival de m\u00e1ximo nivel con una excelente temporada en Liga Endesa y Euroliga<\/strong><\/p>\n\n\n\n<p>Valencia Basket inicia esta vigesimocuarta jornada de Liga Endesa desde la segunda posici\u00f3n de la tabla, con un balance de 17 victorias y de 6 derrotas. El equipo de Pedro Mart\u00ednez viene de sumar el triunfo en su compromiso m\u00e1s reciente de acb, frente a Coviran Granada (107-91), un partido en el que destacaron el ala-p\u00edvot Jaime Pradilla (17 puntos y 5 rebotes para 22 cr\u00e9ditos de valoraci\u00f3n), el escolta Brancou Badio (16 puntos, 4 rebotes y 3 asistencias para 21 cr\u00e9ditos de valoraci\u00f3n) y el base Sergio de Larrea (17 puntos, 5 rebotes y 2 asistencias para 20 cr\u00e9ditos de valoraci\u00f3n).<\/p>\n\n\n\n<p>Los taronjas sobresalen como uno de los mejores equipos de la competici\u00f3n liguera: son el conjunto con mejor valoraci\u00f3n promedio de la Liga Endesa (113,57 cr\u00e9ditos por partido), el m\u00e1s anotador (95,26 puntos de media), el mejor reboteador (40,65 rebotes por encuentro), el mejor tanto en el rebote defensivo (26,61), como en el ofensivo (14,04), el m\u00e1ximo asistente (20,74 pases de canasta) y el mejor en tiros de tres (11,96 por partido).<\/p>\n\n\n\n<p>En una semana donde Valencia Basket ha disputado dos partidos de Euroliga, una competici\u00f3n en la que tambi\u00e9n est\u00e1n brillando durante esta temporada como uno de los equipos punteros, han firmado la renovaci\u00f3n de Pedro Mart\u00ednez al frente del banquillo hasta 2028. \u201cNos enfrentamos a un equipo que, ahora mismo, est\u00e1 peleando por ese top 3-4 en Europa, que est\u00e1 demostrando la longitud de roster que tienen con distintos jugadores importantes cada d\u00eda. Han hecho bien las cosas, con criterio\u201d, recalcaba Porfi Fisac en la previa.<\/p>\n\n\n\n<p>Las claves para tratar de conquistar la que ser\u00eda la s\u00e9ptima victoria de la temporada para los castellanos pasar\u00e1n por varios aspectos, que expon\u00eda el entrenador: \u201cTenemos que seguir siendo un equipo vertical, que sepa compartir muy bien el bal\u00f3n. No podemos entrar en ning\u00fan tipo de ego\u00edsmo porque ellos s\u00ed que te colapsan esas situaciones. El ritmo va a importar, pero el grado de acierto es el que m\u00e1s tiene que importar para sacar este tipo de partidos en casa. Adem\u00e1s, debemos mostrar solidez en todo el trabajo defensivo\u201d.<\/p>\n\n\n\n<p>A pesar de las dificultades para hacerse con el triunfo, Fisac subrayaba: \u201cLa mentalidad de la excusa no existe en Burgos. Aqu\u00ed existe la mentalidad de la superaci\u00f3n. Sabemos que tenemos que superar lo que hemos hecho hasta ahora y jugar mejor que cualquier d\u00eda. \u00bfEsto es dif\u00edcil? Pues s\u00ed, probablemente es dif\u00edcil, muy complicado, pero solo nos vale la mentalidad de la superaci\u00f3n. Si jugamos mejor que cualquiera de los d\u00edas anteriores, \u00bftenemos una opci\u00f3n? Tenemos una opci\u00f3n. As\u00ed a lo mejor nos vale o no nos vale. Pero la \u00fanica mentalidad que queremos es esa\u201d.<\/p>\n\n\n\n<p>Con el objetivo de dejar el m\u00e1ximo esfuerzo sobre la cancha, el Recoletas Salud San Pablo Burgos medir\u00e1 fuerzas con Valencia Basket, en un compromiso de m\u00e1ximo nivel que arrancar\u00e1 este domingo, a las 18:00 horas, en el Coliseum.<\/p>\n","protected":false},"excerpt":{"rendered":"<p>El Recoletas Salud San Pablo Burgos afronta este domingo un reto importante por la permanencia desde las 18,00 h. en El Plant\u00edo. El Recoletas Salud San Pablo Burgos afronta un desaf\u00edo de m\u00e1ximo nivel frente a Valencia Basket, al que se medir\u00e1 este domingo, a partir de las 18:00 horas, en el Coliseum. El equipo [&hellip;]<\/p>\n","protected":false},"author":10,"featured_media":149224,"comment_status":"closed","ping_status":"closed","sticky":false,"template":"","format":"standard","meta":{"_monsterinsights_skip_tracking":false,"_monsterinsights_sitenote_active":false,"_monsterinsights_sitenote_note":"","_monsterinsights_sitenote_category":0,"footnotes":""},"categories":[5],"tags":[920,2615,9],"class_list":{"0":"post-152681","1":"post","2":"type-post","3":"status-publish","4":"format-standard","5":"has-post-thumbnail","7":"category-baloncesto","8":"tag-acb","9":"tag-recoletassaludsanpabloburgos","10":"tag-sanpabloburgos"},"views":45,"_links":{"self":[{"href":"https:\/\/www.burgosdeporte.com\/index.php?rest_route=\/wp\/v2\/posts\/152681","targetHints":{"allow":["GET"]}}],"collection":[{"href":"https:\/\/www.burgosdeporte.com\/index.php?rest_route=\/wp\/v2\/posts"}],"about":[{"href":"https:\/\/www.burgosdeporte.com\/index.php?rest_route=\/wp\/v2\/types\/post"}],"author":[{"embeddable":true,"href":"https:\/\/www.burgosdeporte.com\/index.php?rest_route=\/wp\/v2\/users\/10"}],"replies":[{"embeddable":true,"href":"https:\/\/www.burgosdeporte.com\/index.php?rest_route=%2Fwp%2Fv2%2Fcomments&post=152681"}],"version-history":[{"count":2,"href":"https:\/\/www.burgosdeporte.com\/index.php?rest_route=\/wp\/v2\/posts\/152681\/revisions"}],"predecessor-version":[{"id":152688,"href":"https:\/\/www.burgosdeporte.com\/index.php?rest_route=\/wp\/v2\/posts\/152681\/revisions\/152688"}],"wp:featuredmedia":[{"embeddable":true,"href":"https:\/\/www.burgosdeporte.com\/index.php?rest_route=\/wp\/v2\/media\/149224"}],"wp:attachment":[{"href":"https:\/\/www.burgosdeporte.com\/index.php?rest_route=%2Fwp%2Fv2%2Fmedia&parent=152681"}],"wp:term":[{"taxonomy":"category","embeddable":true,"href":"https:\/\/www.burgosdeporte.com\/index.php?rest_route=%2Fwp%2Fv2%2Fcategories&post=152681"},{"taxonomy":"post_tag","embeddable":true,"href":"https:\/\/www.burgosdeporte.com\/index.php?rest_route=%2Fwp%2Fv2%2Ftags&post=152681"}],"curies":[{"name":"wp","href":"https:\/\/api.w.org\/{rel}","templated":true}]}}