{"id":152591,"date":"2026-03-27T17:18:15","date_gmt":"2026-03-27T15:18:15","guid":{"rendered":"https:\/\/www.burgosdeporte.com\/?p=152591"},"modified":"2026-03-29T01:38:15","modified_gmt":"2026-03-28T23:38:15","slug":"estreno-liguero-para-el-ubu-san-pablo-burgos-2031-de-dani-gordo-en-oviedo","status":"publish","type":"post","link":"https:\/\/www.burgosdeporte.com\/?p=152591","title":{"rendered":"Estreno liguero para el UBU San Pablo Burgos 2031 de Dani Gordo en Oviedo"},"content":{"rendered":"\n<p><strong><em>El equipo burgal\u00e9s visita al Conf\u00eda Base Oviedo en el debut liguero del t\u00e9cnico vallisoletano, en un encuentro marcado por los recientes cambios en ambos banquillos<\/em><\/strong><\/p>\n\n\n\n<p class=\"has-text-align-right\">(<em>Fotograf\u00eda: JENGA<\/em>)<\/p>\n\n\n<div class=\"wp-block-image\">\n<figure class=\"aligncenter size-full\"><a href=\"https:\/\/www.grupodesantiago.es\/vehiculo-nuevo\/nuevo-micra?utm_source=burgosdeporte&amp;utm_medium=banner&amp;utm_campaign=burgosdeporte_nissanmicra_marzo26\" target=\"_blank\" rel=\" noreferrer noopener\"><img loading=\"lazy\" decoding=\"async\" width=\"300\" height=\"250\" src=\"https:\/\/www.burgosdeporte.com\/wp-content\/uploads\/2026\/03\/NissanMicra_17-31marzo2026.gif\" alt=\"\" class=\"wp-image-152159\"\/><\/a><\/figure>\n<\/div>\n\n\n<p>El UBU San Pablo Burgos 2031 afronta este s\u00e1bado 28 de marzo, a las 18:30 horas, una exigente salida al Polideportivo de Vallob\u00edn, donde se medir\u00e1 al Conf\u00eda Base Oviedo en un encuentro marcado por el reciente cambio en ambos banquillos y, especialmente, por el estreno en liga de Dani Gordo al frente del conjunto burgal\u00e9s.<\/p>\n\n\n\n<p>El t\u00e9cnico vallisoletano inicia una nueva etapa en el equipo tras su incorporaci\u00f3n hace apenas unos d\u00edas, asumiendo el mando de un grupo que se mantiene en la zona alta de la clasificaci\u00f3n, con 32 puntos, y que afronta un tramo decisivo del calendario con el objetivo de consolidar su rendimiento, especialmente lejos de casa. Su llegada supone un refuerzo en el trabajo diario y en la exigencia del grupo.<\/p>\n\n\n\n<p>Enfrente estar\u00e1 un rival que tambi\u00e9n ha movido ficha en su banquillo. El conjunto asturiano ha incorporado recientemente a Juan Moreno, buscando un cambio de din\u00e1mica tras una temporada irregular en la que ocupa posiciones de la zona media-baja, con 17 puntos, en una clasificaci\u00f3n muy ajustada.<\/p>\n\n\n\n<p>El encuentro enfrentar\u00e1 a dos equipos con estilos claramente diferenciados. Los cidianos han destacado por su capacidad ofensiva, su ritmo alto de juego y una plantilla amplia que les permite sostener la intensidad durante los sesenta minutos. Por su parte, el Conf\u00eda Base Oviedo es un conjunto que prioriza el orden defensivo, con partidos habitualmente igualados y marcadores m\u00e1s contenidos, lo que le convierte en un rival inc\u00f3modo, especialmente cuando logra imponer su ritmo.<\/p>\n\n\n\n<p>El precedente de la primera vuelta refuerza la confianza del conjunto burgal\u00e9s, que se impuso con claridad por 26-17 en un encuentro en el que domin\u00f3 tanto en defensa como en ataque, marcando diferencias desde los primeros compases.<\/p>\n\n\n\n<p>El duelo de este s\u00e1bado estar\u00e1 condicionado en buena medida por la capacidad del Burgos para imponer su ritmo de juego ante un equipo que buscar\u00e1 llevar el partido a un escenario m\u00e1s controlado. La solidez defensiva y la gesti\u00f3n de los momentos clave volver\u00e1n a ser aspectos determinantes en un choque que exigir\u00e1 m\u00e1xima concentraci\u00f3n durante los sesenta minutos.<\/p>\n\n\n\n<p>El UBU San Pablo Burgos 2031 afronta as\u00ed una nueva jornada con la intenci\u00f3n de mantener su nivel competitivo y dar un paso adelante como visitante, en un escenario siempre exigente como es Vallob\u00edn.<\/p>\n\n\n\n<p><strong>LAS CLAVES DE DANI GORDO:<\/strong><\/p>\n\n\n\n<p>\u201cEl partido contra Oviedo es el primer partido de Liga Oficial que vamos a disputar en esta nueva etapa. Oviedo es un rival complejo en su casa, es un rival que a todos los equipos de la parte de arriba les ha puesto en aprietos; incluso a alguno le ha rascado alg\u00fan punto. Que adem\u00e1s cuenta con un nuevo entrenador, Juan Moreno, que les imprimir\u00e1 un plus si cabe m\u00e1s de car\u00e1cter, de exigencia, de intensidad.\u201d<\/p>\n\n\n\n<p>\u201cEs un partido que hay que tener todos los sentidos puestos para poder hacer algo all\u00ed y traernos algo positivo. Yo creo que tambi\u00e9n el equipo tiene el reto de dar un paso adelante a nivel competitivo en la liga, dado que llevamos todo este 2025 sin sumar dos puntos fuera de casa y, por lo visto en estos dos partidos contra equipos de ASOBAL, estamos siendo muy competitivos.\u201d<\/p>\n\n\n\n<p>\u201cLa gente se est\u00e1 vaciando, la actitud est\u00e1 siendo incre\u00edble. Vamos a ir puliendo peque\u00f1os detalles, que es lo que nos est\u00e1 limitando de cara a poder haber sido capaces de sumar victorias. Pero, bueno, en cualquiera de los casos yo creo que el equipo va por buen camino\u201d.<\/p>\n\n\n\n<p>\u201cEstamos dando pasos adelante. Hay jugadores que est\u00e1n mostrando una versi\u00f3n mucho m\u00e1s acorde con lo que se espera de ellos. Pero tenemos que seguir trabajando para que todos podamos estar satisfechos del partido que hagamos en Oviedo.\u201d<\/p>\n\n\n\n<p><strong>LAS CLAVES DE PEDRO MARTINS:<\/strong><\/p>\n\n\n\n<p>\u201cPues las sensaciones para el partido del s\u00e1bado contra el Oviedo son muy buenas, venimos trabajando muy bien esta semana. El equipo est\u00e1 con confianza y con muchas ganas de seguir arriba en la clasificaci\u00f3n. Sabemos que el Oviedo se est\u00e1 jugando mucho y que fuera de casa a nosotros nos cuesta, as\u00ed que esperamos un partido muy duro con mucha intensidad\u201d.<\/p>\n\n\n\n<p>\u201cCreo que la clave estar\u00e1 en mantener nuestra defensa fuerte desde el principio y correr cuando tengamos opci\u00f3n, pero tambi\u00e9n saber tener paciencia en ataque posicional. A nivel personal, tengo muchas ganas de que llegue el s\u00e1bado; me siento bien, con la ilusi\u00f3n de poder ayudar al equipo. Ojal\u00e1 podamos ofrecer un buen partido y sumar dos puntos m\u00e1s para seguir acerc\u00e1ndonos al objetivo de la temporada\u201d.<\/p>\n","protected":false},"excerpt":{"rendered":"<p>El equipo burgal\u00e9s visita al Conf\u00eda Base Oviedo en el debut liguero del t\u00e9cnico vallisoletano, en un encuentro marcado por los recientes cambios en ambos banquillos (Fotograf\u00eda: JENGA) El UBU San Pablo Burgos 2031 afronta este s\u00e1bado 28 de marzo, a las 18:30 horas, una exigente salida al Polideportivo de Vallob\u00edn, donde se medir\u00e1 al [&hellip;]<\/p>\n","protected":false},"author":10,"featured_media":152106,"comment_status":"closed","ping_status":"closed","sticky":false,"template":"","format":"standard","meta":{"_monsterinsights_skip_tracking":false,"_monsterinsights_sitenote_active":false,"_monsterinsights_sitenote_note":"","_monsterinsights_sitenote_category":0,"footnotes":""},"categories":[118],"tags":[119,121],"class_list":{"0":"post-152591","1":"post","2":"type-post","3":"status-publish","4":"format-standard","5":"has-post-thumbnail","7":"category-balonmano","8":"tag-balonmano","9":"tag-ubusanpablo"},"views":44,"_links":{"self":[{"href":"https:\/\/www.burgosdeporte.com\/index.php?rest_route=\/wp\/v2\/posts\/152591","targetHints":{"allow":["GET"]}}],"collection":[{"href":"https:\/\/www.burgosdeporte.com\/index.php?rest_route=\/wp\/v2\/posts"}],"about":[{"href":"https:\/\/www.burgosdeporte.com\/index.php?rest_route=\/wp\/v2\/types\/post"}],"author":[{"embeddable":true,"href":"https:\/\/www.burgosdeporte.com\/index.php?rest_route=\/wp\/v2\/users\/10"}],"replies":[{"embeddable":true,"href":"https:\/\/www.burgosdeporte.com\/index.php?rest_route=%2Fwp%2Fv2%2Fcomments&post=152591"}],"version-history":[{"count":2,"href":"https:\/\/www.burgosdeporte.com\/index.php?rest_route=\/wp\/v2\/posts\/152591\/revisions"}],"predecessor-version":[{"id":152593,"href":"https:\/\/www.burgosdeporte.com\/index.php?rest_route=\/wp\/v2\/posts\/152591\/revisions\/152593"}],"wp:featuredmedia":[{"embeddable":true,"href":"https:\/\/www.burgosdeporte.com\/index.php?rest_route=\/wp\/v2\/media\/152106"}],"wp:attachment":[{"href":"https:\/\/www.burgosdeporte.com\/index.php?rest_route=%2Fwp%2Fv2%2Fmedia&parent=152591"}],"wp:term":[{"taxonomy":"category","embeddable":true,"href":"https:\/\/www.burgosdeporte.com\/index.php?rest_route=%2Fwp%2Fv2%2Fcategories&post=152591"},{"taxonomy":"post_tag","embeddable":true,"href":"https:\/\/www.burgosdeporte.com\/index.php?rest_route=%2Fwp%2Fv2%2Ftags&post=152591"}],"curies":[{"name":"wp","href":"https:\/\/api.w.org\/{rel}","templated":true}]}}