{"id":152586,"date":"2026-03-27T17:02:20","date_gmt":"2026-03-27T15:02:20","guid":{"rendered":"https:\/\/www.burgosdeporte.com\/?p=152586"},"modified":"2026-03-28T03:22:00","modified_gmt":"2026-03-28T01:22:00","slug":"combatividad-de-merhawi-kudus-en-cataluna","status":"publish","type":"post","link":"https:\/\/www.burgosdeporte.com\/?p=152586","title":{"rendered":"Combatividad de Merhawi Kudus en Catalu\u00f1a"},"content":{"rendered":"\n<p><strong><em>El eritreo del Burgos Burpellet BH fue el encargado de buscar la escapada en la cuarta etapa de la Volta, que no pudo concluir en la cima de Vallter debido a las fuertes r\u00e1fagas de viento<\/em><\/strong><\/p>\n\n\n\n<p class=\"has-text-align-right\">(<em>Fotograf\u00eda: Luis \u00c1ngel G\u00f3mez \/ Sprint Cycling Agency<\/em>)<\/p>\n\n\n<div class=\"wp-block-image\">\n<figure class=\"aligncenter size-full is-resized\"><a href=\"https:\/\/www.hotelciudaddeburgos.com\/es\/\" target=\"_blank\" rel=\" noreferrer noopener\"><img loading=\"lazy\" decoding=\"async\" width=\"989\" height=\"431\" src=\"https:\/\/www.burgosdeporte.com\/wp-content\/uploads\/2025\/05\/LOGO-SPIRIT-HCB-NEGRO.png\" alt=\"\" class=\"wp-image-140419\" style=\"aspect-ratio:2.2946285279482748;width:346px;height:auto\" srcset=\"https:\/\/www.burgosdeporte.com\/wp-content\/uploads\/2025\/05\/LOGO-SPIRIT-HCB-NEGRO.png 989w, https:\/\/www.burgosdeporte.com\/wp-content\/uploads\/2025\/05\/LOGO-SPIRIT-HCB-NEGRO-300x131.png 300w, https:\/\/www.burgosdeporte.com\/wp-content\/uploads\/2025\/05\/LOGO-SPIRIT-HCB-NEGRO-768x335.png 768w, https:\/\/www.burgosdeporte.com\/wp-content\/uploads\/2025\/05\/LOGO-SPIRIT-HCB-NEGRO-150x65.png 150w, https:\/\/www.burgosdeporte.com\/wp-content\/uploads\/2025\/05\/LOGO-SPIRIT-HCB-NEGRO-696x303.png 696w\" sizes=\"auto, (max-width: 989px) 100vw, 989px\" \/><\/a><\/figure>\n<\/div>\n\n\n<p>El Burgos Burpellet BH complet\u00f3 su tercera escapada de la semana en la Volta a Catalunya. Merhawi Kudus fue el encargado de dar presencia al equipo morado desde la fuga, rodando casi toda la jornada en cabeza de carrera. La cuarta etapa de la ronda catalana se vio modificada por la previsi\u00f3n meteorol\u00f3gica y no se ascendi\u00f3 hasta Vallter, lo que propici\u00f3 un nuevo final al sprint. Kudus aguant\u00f3 por delante hasta los \u00faltimos 13 kil\u00f3metros, mientras que Jos\u00e9 Manuel D\u00edaz y Mario Aparicio animaron la carrera con un ataque lejano en busca de las bonificaciones del sprint intermedio de Olost.<\/p>\n\n\n\n<p>La cuarta etapa tuvo que modificar su recorrido por las fuertes rachas de viento que se esperaban en la estaci\u00f3n de esqu\u00ed de Vallter. Al suprimirse este ascenso final, los velocistas dispondr\u00edan de una nueva oportunidad, lo que conllev\u00f3 un gran control de la carrera por parte del pelot\u00f3n. El Burgos Burpellet BH sali\u00f3 dispuesto a animar la carrera desde la fuga y Jos\u00e9 Luis Faura fue el primero en atacar en el Coll de Parpers, coronando en primera posici\u00f3n. Esta escapada fue neutralizada pronto, pero no tard\u00f3 en formarse otro grupo de cuatro ciclistas tras pasar por Granollers, con la presencia de Merhawi Kudus.<\/p>\n\n\n\n<p>Este grupo alcanz\u00f3 una ventaja m\u00e1xima cercana a los tres minutos en la subida al Alt de Sant Feliu de Codines. Sin embargo, dos de los integrantes de la fuga se descolgaron tras coronar el puerto y Kudus se qued\u00f3 al frente en compa\u00f1\u00eda \u00fanicamente de Samuel Fern\u00e1ndez. Los equipos de los sprinters no dieron margen a la dupla, pero el conjunto morado no se rend\u00eda. En la aproximaci\u00f3n a Olost, Jos\u00e9 Manuel D\u00edaz y Mario Aparicio lanzaron un ataque en pareja, buscando las bonificaciones para el jienense, pero se quedaron a las puertas de lograrlas.<\/p>\n\n\n\n<p>Con esta aceleraci\u00f3n, la fuga estuvo a punto de ser neutralizada, pero hubo un par\u00f3n en el pelot\u00f3n en la subida a Perafita y el grupo de Kudus volvi\u00f3 a aumentar su ventaja hasta cerca del minuto. El ritmo tranquilo predomin\u00f3 en el pelot\u00f3n a medida que la carrera se aproximaba hacia Camprod\u00f3n, la nueva l\u00ednea de llegada, en un terreno siempre ligeramente ascendente. Merhawi y su compa\u00f1ero de viaje fueron atrapados a 13 kil\u00f3metros de la llegada, donde el campe\u00f3n africano a\u00fan tuvo fuerzas para esprintar y acabar 24\u00ba. Sin nuevas diferencias en la general, Jos\u00e9 Manuel D\u00edaz escala hasta la 37\u00aa posici\u00f3n gracias al puest\u00f3metro en meta.<\/p>\n\n\n\n<p>Merhawi Kudus: \u00abHoy me he sentido muy bien. Desde la salida hubo un ritmo bastante duro y no fue f\u00e1cil estar presentes en la escapada. Hubo muchos ataques, hasta que logramos marcharnos cuatro corredores. Rodamos bien juntos, pero el l\u00edder de la monta\u00f1a y otro corredor esperaron al pelot\u00f3n tras el puerto de primera categor\u00eda. As\u00ed que pas\u00e9 el resto de la etapa junto al ciclista del Euskaltel. Estoy contento de haber dado presencia al equipo durante todo el d\u00eda\u00bb.<\/p>\n\n\n\n<p>Este viernes llegar\u00e1 el primer gran final en alto de la Volta a Catalunya, con el ascenso al Coll de Pal, en la estaci\u00f3n de esqu\u00ed de La Molina. La que podr\u00eda considerarse etapa reina de la carrera tendr\u00e1 un recorrido de 156 kil\u00f3metros con inicio en La Seu d&#8217;Urgell. No habr\u00e1 casi tramos llanos, al encadenarse hasta cinco grandes puertos de monta\u00f1a en los Pirineos. Se comenzar\u00e1 subiendo el Port Colldornat (15 km al 5%), para despu\u00e9s continuar hacie el Coll de Josa (3 km al 7%) y el Coll de Fumanya (5 km al 9%). La Collada Sobirana (7 km al 7%) har\u00e1 una nueva selecci\u00f3n en el pelot\u00f3n antes de llegar a Bag\u00e0, donde comienza el ascenso final. El Coll de Pal (16 km al 7%), desde la vertiente del Bergued\u00e0, ser\u00e1 el coloso pirenaico que corone al ganador de la etapa.<\/p>\n","protected":false},"excerpt":{"rendered":"<p>El eritreo del Burgos Burpellet BH fue el encargado de buscar la escapada en la cuarta etapa de la Volta, que no pudo concluir en la cima de Vallter debido a las fuertes r\u00e1fagas de viento (Fotograf\u00eda: Luis \u00c1ngel G\u00f3mez \/ Sprint Cycling Agency) El Burgos Burpellet BH complet\u00f3 su tercera escapada de la semana [&hellip;]<\/p>\n","protected":false},"author":10,"featured_media":152587,"comment_status":"closed","ping_status":"closed","sticky":false,"template":"","format":"standard","meta":{"_monsterinsights_skip_tracking":false,"_monsterinsights_sitenote_active":false,"_monsterinsights_sitenote_note":"","_monsterinsights_sitenote_category":0,"footnotes":""},"categories":[63],"tags":[1553,11,64],"class_list":{"0":"post-152586","1":"post","2":"type-post","3":"status-publish","4":"format-standard","5":"has-post-thumbnail","7":"category-ciclismo","8":"tag-actualidad-2","9":"tag-burgosbh","10":"tag-ciclismo"},"views":26,"_links":{"self":[{"href":"https:\/\/www.burgosdeporte.com\/index.php?rest_route=\/wp\/v2\/posts\/152586","targetHints":{"allow":["GET"]}}],"collection":[{"href":"https:\/\/www.burgosdeporte.com\/index.php?rest_route=\/wp\/v2\/posts"}],"about":[{"href":"https:\/\/www.burgosdeporte.com\/index.php?rest_route=\/wp\/v2\/types\/post"}],"author":[{"embeddable":true,"href":"https:\/\/www.burgosdeporte.com\/index.php?rest_route=\/wp\/v2\/users\/10"}],"replies":[{"embeddable":true,"href":"https:\/\/www.burgosdeporte.com\/index.php?rest_route=%2Fwp%2Fv2%2Fcomments&post=152586"}],"version-history":[{"count":1,"href":"https:\/\/www.burgosdeporte.com\/index.php?rest_route=\/wp\/v2\/posts\/152586\/revisions"}],"predecessor-version":[{"id":152588,"href":"https:\/\/www.burgosdeporte.com\/index.php?rest_route=\/wp\/v2\/posts\/152586\/revisions\/152588"}],"wp:featuredmedia":[{"embeddable":true,"href":"https:\/\/www.burgosdeporte.com\/index.php?rest_route=\/wp\/v2\/media\/152587"}],"wp:attachment":[{"href":"https:\/\/www.burgosdeporte.com\/index.php?rest_route=%2Fwp%2Fv2%2Fmedia&parent=152586"}],"wp:term":[{"taxonomy":"category","embeddable":true,"href":"https:\/\/www.burgosdeporte.com\/index.php?rest_route=%2Fwp%2Fv2%2Fcategories&post=152586"},{"taxonomy":"post_tag","embeddable":true,"href":"https:\/\/www.burgosdeporte.com\/index.php?rest_route=%2Fwp%2Fv2%2Ftags&post=152586"}],"curies":[{"name":"wp","href":"https:\/\/api.w.org\/{rel}","templated":true}]}}