{"id":152564,"date":"2026-03-26T14:36:53","date_gmt":"2026-03-26T12:36:53","guid":{"rendered":"https:\/\/www.burgosdeporte.com\/?p=152564"},"modified":"2026-03-27T17:29:09","modified_gmt":"2026-03-27T15:29:09","slug":"fuga-de-burnett-en-cataluna-y-buen-nivel-de-macias-en-brujas","status":"publish","type":"post","link":"https:\/\/www.burgosdeporte.com\/?p=152564","title":{"rendered":"Fuga de Burnett en Catalu\u00f1a y buen nivel de Mac\u00edas en Brujas"},"content":{"rendered":"\n<p><strong><em>El neozeland\u00e9s del Burgos Burpellet BH volvi\u00f3 a pelear por el maillot de la monta\u00f1a desde la escapada y el mexicano aguant\u00f3 con los m\u00e1s fuertes en la cl\u00e1sica belga del UCI WorldTour<\/em><\/strong><\/p>\n\n\n\n<p class=\"has-text-align-right\">(<em>Fotograf\u00eda: Luis \u00c1ngel G\u00f3mez \/ Sprint Cycling Agency<\/em>)<\/p>\n\n\n<div class=\"wp-block-image\">\n<figure class=\"aligncenter size-full is-resized\"><a href=\"https:\/\/www.hotelciudaddeburgos.com\/es\/\" target=\"_blank\" rel=\" noreferrer noopener\"><img loading=\"lazy\" decoding=\"async\" width=\"989\" height=\"431\" src=\"https:\/\/www.burgosdeporte.com\/wp-content\/uploads\/2025\/05\/LOGO-SPIRIT-HCB-NEGRO.png\" alt=\"\" class=\"wp-image-140419\" style=\"aspect-ratio:2.2946285279482748;width:406px;height:auto\" srcset=\"https:\/\/www.burgosdeporte.com\/wp-content\/uploads\/2025\/05\/LOGO-SPIRIT-HCB-NEGRO.png 989w, https:\/\/www.burgosdeporte.com\/wp-content\/uploads\/2025\/05\/LOGO-SPIRIT-HCB-NEGRO-300x131.png 300w, https:\/\/www.burgosdeporte.com\/wp-content\/uploads\/2025\/05\/LOGO-SPIRIT-HCB-NEGRO-768x335.png 768w, https:\/\/www.burgosdeporte.com\/wp-content\/uploads\/2025\/05\/LOGO-SPIRIT-HCB-NEGRO-150x65.png 150w, https:\/\/www.burgosdeporte.com\/wp-content\/uploads\/2025\/05\/LOGO-SPIRIT-HCB-NEGRO-696x303.png 696w\" sizes=\"auto, (max-width: 989px) 100vw, 989px\" \/><\/a><\/figure>\n<\/div>\n\n\n<p>El Burgos Burpellet BH se enfrent\u00f3 a dos retos de nivel UCI WorldTour este mi\u00e9rcoles y obtuvo en ambos resultados satisfactorios. En la tercera etapa de la Volta a Catalunya, Josh Burnett volvi\u00f3 a entrar en la fuga, como ya hizo el pasado lunes. El neozeland\u00e9s rod\u00f3 escapado hasta los \u00faltimos 30 kil\u00f3metros de la carrera y puntu\u00f3 en todos los puertos de monta\u00f1a, situ\u00e1ndose segundo en dicha clasificaci\u00f3n. En el final marcado por los abanicos, Jos\u00e9 Manuel D\u00edaz aguant\u00f3 en el grupo de cabeza y se mantiene con el mismo tiempo que los favoritos de la general. En B\u00e9lgica, se retom\u00f3 la temporada de cl\u00e1sicas de Flandes con el Tour de Brujas, donde C\u00e9sar Mac\u00edas firm\u00f3 una destacada actuaci\u00f3n. En una dur\u00edsima carrera condicionada por el viento, resisti\u00f3 siempre en los grupos delanteros y acab\u00f3 en la 61\u00aa posici\u00f3n.<\/p>\n\n\n\n<p>En la tercera jornada de la Volta a Catalunya, los corredores recorrieron la Costa Dorada en la provincia de Tarragona. Al poco de darse el banderazo de salida, se form\u00f3 una fuga de seis ciclistas con presencia morada. Josh Burnett entr\u00f3 de nuevo en la escapada, tras haberse mostrado ya al ataque dos d\u00edas antes. El neozeland\u00e9s volvi\u00f3 a pelear por los puntos de la monta\u00f1a en cada subida, coronando en segundo lugar el Alt de la Mussara y el Coll de Capafonts. Los fugados rodaron con buen entendimiento, aunque el pelot\u00f3n lleg\u00f3 a pisarles los talones en el terreno de repechos de mitad de carrera.<\/p>\n\n\n\n<p>La ventaja creci\u00f3 de nuevo en el Coll Roig, donde Burnett sumaba m\u00e1s puntos para situarse segundo en la clasificaci\u00f3n de la monta\u00f1a al t\u00e9rmino de la jornada. El grupo principal aceler\u00f3 en la bajada y acab\u00f3 neutralizando a la fuga a 30 kil\u00f3metros de la meta. Lleg\u00f3 entonces el momento m\u00e1s ca\u00f3tico de la carrera. En una largu\u00edsima recta en direcci\u00f3n a Reus, se produjeron abanicos y se rompi\u00f3 el pelot\u00f3n en varios grupos. Jos\u00e9 Manuel D\u00edaz y el propio Burnett lograron mantenerse en el primero de ellos y llegaron a Vila-seca sin perder tiempo. El jienense escala a la 46\u00aa posici\u00f3n, empatado a\u00fan a tiempo con todos los grandes favoritos de la carrera.<\/p>\n\n\n\n<p>Los pr\u00f3ximos tres d\u00edas, se suceder\u00e1n las tres etapas de alta monta\u00f1a de la Volta a Catalunya. El primer gran final en alto ser\u00e1 en la estaci\u00f3n de esqu\u00ed de Vallter. La cuarta etapa de 167 kil\u00f3metros partir\u00e1 desde Matar\u00f3 y se dirigir\u00e1 hasta los Pirineos. El recorrido siempre ascendente no incluye grandes puertos hasta el desenlace final. La mayor dificultad de la jornada ser\u00e1 el ascenso hasta Vallter (11 km al 7%), que presenta algunos tramos por encima del 10% y que establecer\u00e1 las primeras diferencias en la clasificaci\u00f3n general.<\/p>\n\n\n\n<p>Al mismo tiempo, se disput\u00f3 la Ronde Van Brugge &#8211; Tour of Bruges, cl\u00e1sica flamenca del UCI WorldTour con la que se retoma la competici\u00f3n en B\u00e9lgica en este inicio de la primavera. Una dura jornada de m\u00e1s de 203 kil\u00f3metros en torno a la ciudad de Brujas y con el condicionante del viento. Las r\u00e1fagas que soplaron sobre el recorrido con una fuerza de 30 o 40 km\/h provocaron mucha tensi\u00f3n, ca\u00eddas y los temidos abanicos. Nunca se form\u00f3 una fuga, ya que el pelot\u00f3n rod\u00f3 desde el inicio a mucha velocidad, completando la primera hora de carrera a 48 km\/h.<\/p>\n\n\n\n<p>Los ciclistas del Burgos Burpellet BH trataron de aguantar en el grupo principal camino del circuito final, que inclu\u00eda un \u00fanico tramo adoquinado, el Brieversweg. En el ecuador de la carrera, el pelot\u00f3n ya hab\u00eda perdido a la mitad de sus integrantes y entre ellos no figuraba ya Daniel Cavia, que tuvo que abandonar tras sufrir una ca\u00edda. El punto clave de los tres bucles que se completaron fue el Damse Vaart, una larga recta junto a los canales de agua en la que el viento hizo abanicos en cada paso.<\/p>\n\n\n\n<p>C\u00e9sar Mac\u00edas se mostr\u00f3 muy atento, sorteando las ca\u00eddas y resistiendo en los grupos delanteros una vez se romp\u00eda la carrera por el viento de costado. Antes del toque de campana, lleg\u00f3 al primer pelot\u00f3n y a 25 kil\u00f3metros de meta aguantaba a\u00fan en un grupo de apenas 50 unidades. Sin embargo, en la mencionada recta unos nuevos abanicos acabaron por descolgarle, llegando a meta en un segundo gran grupo, a dos minutos del ganador, en la 61\u00aa posici\u00f3n. Una buena actuaci\u00f3n del mexicano, que en el Opening Weekend no tuvo fortuna, al sufrir pinchazos y aver\u00edas en momentos clave de la carrera.<\/p>\n\n\n\n<p>Las cl\u00e1sicas de Flandes regresar\u00e1n este viernes con la E3 Saxo Classic, que incorporar\u00e1 una decena de tramos adoquinados y hasta 16 colinas en su recorrido. La carrera de 208 kil\u00f3metros comenzar\u00e1 y finalizar\u00e1 en Harelbeke. Subidas ic\u00f3nicas como el Oude Kruisberg, el Oude Kwaremont, el Taaienberg o el Paterberg y sectores de pav\u00e9s como los del Paddestraat o el Varenstraat pondr\u00e1n a prueba a los ciclistas del Burgos Burpellet BH. En esta ocasi\u00f3n, se incorporar\u00e1n corredores con un perfil m\u00e1s escalador, como Eric Fag\u00fandez, Hugo de la Calle, Cl\u00e9ment Alleno o Jambaljamts Sainbayar.<\/p>\n","protected":false},"excerpt":{"rendered":"<p>El neozeland\u00e9s del Burgos Burpellet BH volvi\u00f3 a pelear por el maillot de la monta\u00f1a desde la escapada y el mexicano aguant\u00f3 con los m\u00e1s fuertes en la cl\u00e1sica belga del UCI WorldTour (Fotograf\u00eda: Luis \u00c1ngel G\u00f3mez \/ Sprint Cycling Agency) El Burgos Burpellet BH se enfrent\u00f3 a dos retos de nivel UCI WorldTour este [&hellip;]<\/p>\n","protected":false},"author":10,"featured_media":152565,"comment_status":"closed","ping_status":"closed","sticky":false,"template":"","format":"standard","meta":{"_monsterinsights_skip_tracking":false,"_monsterinsights_sitenote_active":false,"_monsterinsights_sitenote_note":"","_monsterinsights_sitenote_category":0,"footnotes":""},"categories":[63],"tags":[1553,11,64],"class_list":{"0":"post-152564","1":"post","2":"type-post","3":"status-publish","4":"format-standard","5":"has-post-thumbnail","7":"category-ciclismo","8":"tag-actualidad-2","9":"tag-burgosbh","10":"tag-ciclismo"},"views":30,"_links":{"self":[{"href":"https:\/\/www.burgosdeporte.com\/index.php?rest_route=\/wp\/v2\/posts\/152564","targetHints":{"allow":["GET"]}}],"collection":[{"href":"https:\/\/www.burgosdeporte.com\/index.php?rest_route=\/wp\/v2\/posts"}],"about":[{"href":"https:\/\/www.burgosdeporte.com\/index.php?rest_route=\/wp\/v2\/types\/post"}],"author":[{"embeddable":true,"href":"https:\/\/www.burgosdeporte.com\/index.php?rest_route=\/wp\/v2\/users\/10"}],"replies":[{"embeddable":true,"href":"https:\/\/www.burgosdeporte.com\/index.php?rest_route=%2Fwp%2Fv2%2Fcomments&post=152564"}],"version-history":[{"count":1,"href":"https:\/\/www.burgosdeporte.com\/index.php?rest_route=\/wp\/v2\/posts\/152564\/revisions"}],"predecessor-version":[{"id":152566,"href":"https:\/\/www.burgosdeporte.com\/index.php?rest_route=\/wp\/v2\/posts\/152564\/revisions\/152566"}],"wp:featuredmedia":[{"embeddable":true,"href":"https:\/\/www.burgosdeporte.com\/index.php?rest_route=\/wp\/v2\/media\/152565"}],"wp:attachment":[{"href":"https:\/\/www.burgosdeporte.com\/index.php?rest_route=%2Fwp%2Fv2%2Fmedia&parent=152564"}],"wp:term":[{"taxonomy":"category","embeddable":true,"href":"https:\/\/www.burgosdeporte.com\/index.php?rest_route=%2Fwp%2Fv2%2Fcategories&post=152564"},{"taxonomy":"post_tag","embeddable":true,"href":"https:\/\/www.burgosdeporte.com\/index.php?rest_route=%2Fwp%2Fv2%2Ftags&post=152564"}],"curies":[{"name":"wp","href":"https:\/\/api.w.org\/{rel}","templated":true}]}}