{"id":152525,"date":"2026-03-25T13:54:33","date_gmt":"2026-03-25T11:54:33","guid":{"rendered":"https:\/\/www.burgosdeporte.com\/?p=152525"},"modified":"2026-03-25T14:24:47","modified_gmt":"2026-03-25T12:24:47","slug":"el-image-fdr-destaca-en-el-campeonato-de-espana-sub-20-de-short-track","status":"publish","type":"post","link":"https:\/\/www.burgosdeporte.com\/?p=152525","title":{"rendered":"El Image FDR destaca en el Campeonato de Espa\u00f1a Sub-20 de Short Track"},"content":{"rendered":"\n<p><strong><em>Los atletas burgaleses compitieron en Sabadell<\/em><\/strong><\/p>\n\n\n<div class=\"wp-block-image\">\n<figure class=\"aligncenter size-full is-resized\"><a href=\"https:\/\/www.ferroplas.com\/\" target=\"_blank\" rel=\" noreferrer noopener\"><img loading=\"lazy\" decoding=\"async\" width=\"900\" height=\"412\" src=\"https:\/\/www.burgosdeporte.com\/wp-content\/uploads\/2025\/05\/Ferroplas-1.jpg\" alt=\"\" class=\"wp-image-140430\" style=\"aspect-ratio:2.1844224680599615;width:297px;height:auto\" srcset=\"https:\/\/www.burgosdeporte.com\/wp-content\/uploads\/2025\/05\/Ferroplas-1.jpg 900w, https:\/\/www.burgosdeporte.com\/wp-content\/uploads\/2025\/05\/Ferroplas-1-300x137.jpg 300w, https:\/\/www.burgosdeporte.com\/wp-content\/uploads\/2025\/05\/Ferroplas-1-768x352.jpg 768w, https:\/\/www.burgosdeporte.com\/wp-content\/uploads\/2025\/05\/Ferroplas-1-150x69.jpg 150w, https:\/\/www.burgosdeporte.com\/wp-content\/uploads\/2025\/05\/Ferroplas-1-696x319.jpg 696w\" sizes=\"auto, (max-width: 900px) 100vw, 900px\" \/><\/a><\/figure>\n<\/div>\n\n\n<p>El Image FDR firm\u00f3 una destacada actuaci\u00f3n con la presencia de sus atletas en el Campeonato de Espa\u00f1a Sub-20 de Short Track, celebrado en Sabadell.<\/p>\n\n\n\n<p>V\u00edctor Mariscal L\u00f3pez ha conseguido la medalla de bronce en los 60 metros vallas, logrando adem\u00e1s una mejor marca personal de 7,93 segundos y estableciendo un nuevo r\u00e9cord de Castilla y Le\u00f3n en la categor\u00eda.<\/p>\n\n\n\n<p>En la misma prueba, Eric Palacios Palacin finaliz\u00f3 en 9\u00aa posici\u00f3n, qued\u00e1ndose a las puertas de la final. Por su parte, Sof\u00eda Pe\u00f1a Arcos tambi\u00e9n realiz\u00f3 una meritoria actuaci\u00f3n en los 400 metros lisos, qued\u00e1ndose en semifinales.<\/p>\n","protected":false},"excerpt":{"rendered":"<p>Los atletas burgaleses compitieron en Sabadell El Image FDR firm\u00f3 una destacada actuaci\u00f3n con la presencia de sus atletas en el Campeonato de Espa\u00f1a Sub-20 de Short Track, celebrado en Sabadell. V\u00edctor Mariscal L\u00f3pez ha conseguido la medalla de bronce en los 60 metros vallas, logrando adem\u00e1s una mejor marca personal de 7,93 segundos y [&hellip;]<\/p>\n","protected":false},"author":10,"featured_media":152526,"comment_status":"closed","ping_status":"closed","sticky":false,"template":"","format":"standard","meta":{"_monsterinsights_skip_tracking":false,"_monsterinsights_sitenote_active":false,"_monsterinsights_sitenote_note":"","_monsterinsights_sitenote_category":0,"footnotes":""},"categories":[24,15],"tags":[1553,46,123],"class_list":{"0":"post-152525","1":"post","2":"type-post","3":"status-publish","4":"format-standard","5":"has-post-thumbnail","7":"category-atletismo","8":"category-otros","9":"tag-actualidad-2","10":"tag-atletismo","11":"tag-imagefdr"},"views":31,"_links":{"self":[{"href":"https:\/\/www.burgosdeporte.com\/index.php?rest_route=\/wp\/v2\/posts\/152525","targetHints":{"allow":["GET"]}}],"collection":[{"href":"https:\/\/www.burgosdeporte.com\/index.php?rest_route=\/wp\/v2\/posts"}],"about":[{"href":"https:\/\/www.burgosdeporte.com\/index.php?rest_route=\/wp\/v2\/types\/post"}],"author":[{"embeddable":true,"href":"https:\/\/www.burgosdeporte.com\/index.php?rest_route=\/wp\/v2\/users\/10"}],"replies":[{"embeddable":true,"href":"https:\/\/www.burgosdeporte.com\/index.php?rest_route=%2Fwp%2Fv2%2Fcomments&post=152525"}],"version-history":[{"count":1,"href":"https:\/\/www.burgosdeporte.com\/index.php?rest_route=\/wp\/v2\/posts\/152525\/revisions"}],"predecessor-version":[{"id":152527,"href":"https:\/\/www.burgosdeporte.com\/index.php?rest_route=\/wp\/v2\/posts\/152525\/revisions\/152527"}],"wp:featuredmedia":[{"embeddable":true,"href":"https:\/\/www.burgosdeporte.com\/index.php?rest_route=\/wp\/v2\/media\/152526"}],"wp:attachment":[{"href":"https:\/\/www.burgosdeporte.com\/index.php?rest_route=%2Fwp%2Fv2%2Fmedia&parent=152525"}],"wp:term":[{"taxonomy":"category","embeddable":true,"href":"https:\/\/www.burgosdeporte.com\/index.php?rest_route=%2Fwp%2Fv2%2Fcategories&post=152525"},{"taxonomy":"post_tag","embeddable":true,"href":"https:\/\/www.burgosdeporte.com\/index.php?rest_route=%2Fwp%2Fv2%2Ftags&post=152525"}],"curies":[{"name":"wp","href":"https:\/\/api.w.org\/{rel}","templated":true}]}}