{"id":152514,"date":"2026-03-25T02:16:23","date_gmt":"2026-03-25T00:16:23","guid":{"rendered":"https:\/\/www.burgosdeporte.com\/?p=152514"},"modified":"2026-03-26T12:03:00","modified_gmt":"2026-03-26T10:03:00","slug":"29-30-el-ubu-san-pablo-dice-adios-a-la-copa-del-rey-con-la-cabeza-alta","status":"publish","type":"post","link":"https:\/\/www.burgosdeporte.com\/?p=152514","title":{"rendered":"29-30. El UBU San Pablo dice adi\u00f3s a la Copa del Rey con la cabeza alta"},"content":{"rendered":"\n<h2 class=\"wp-block-heading\"><strong>Los burgaleses caen por la m\u00ednima ante el Huesca en El Plant\u00edo y ahora centrar\u00e1n sus esfuerzos en la liga. <\/strong><\/h2>\n\n\n<div class=\"wp-block-image\">\n<figure class=\"aligncenter size-full\"><img loading=\"lazy\" decoding=\"async\" width=\"235\" height=\"180\" src=\"https:\/\/www.burgosdeporte.com\/wp-content\/uploads\/2023\/09\/Ferroplas.gif\" alt=\"\" class=\"wp-image-107975\"\/><\/figure>\n<\/div>\n\n\n<p>El UBU San Pablo Burgos 2031 se despidi\u00f3 este martes de la Copa del Rey tras perder la segunda eliminatoria ante el Bada Huesca por la m\u00ednima (29-30). &nbsp;Los de Dani Gordo lucharon intensamente hasta el \u00faltimo minuto en un encuentro que estuvo muy igualado en todo momento, arropados por su afici\u00f3n, que no dej\u00f3 de creer en ning\u00fan momento en ellos. As\u00ed, los de Burgos dicen adi\u00f3s al torneo copero y ponen el foco en la Divisi\u00f3n de Honor Plata, donde ostentan la tercera posici\u00f3n en la clasificaci\u00f3n.<\/p>\n\n\n\n<p>El partido comenz\u00f3 por todo lo alto para los locales, que abrieron el marcador con un gol de Miguel Malo en el minuto 1.48, y pronto lograron situarse en el 3-0, gracias a dos nuevos tantos de Joao Furtado. Sin embargo, los de Huesca no quisieron quedarse atr\u00e1s y pronto igualaron el electr\u00f3nico.<\/p>\n\n\n\n<p>A partir de ese momento, el reparto de puntos entre ambos equipos marc\u00f3 el resto del encuentro, y cada vez que uno de los jugadores de Dani Gordo lograba anotar en la porter\u00eda visitante, los de ASOBAL respond\u00edan con fuerza, decididos a no dejarse vencer.<\/p>\n\n\n\n<p>Sin embargo, se encontraron de frente con un conjunto local decidido a demostrar todo su potencial, y destac\u00f3 especialmente el papel de Miguel Malo, exjugador del Huesca que vistiendo hoy de rojo y negro no se lo puso nada f\u00e1cil a su exequipo. Lo hizo anotando varios tantos en campo rival, y desatando la alegr\u00eda en las gradas de El Plant\u00edo.<\/p>\n\n\n\n<p>El fin de la primera parte lleg\u00f3 con un ajustado 14-15, que no desanim\u00f3 ni a los cidianos ni a sus seguidores, que al grito de \u201cS\u00ed se puede\u201d animaron durante los 60 minutos de juego.<\/p>\n\n\n\n<p>Tras el paso por vestuarios, los de Dani Gordo salieron enfocados en demostrar que El Plant\u00edo es su fort\u00edn, y aunque fueron los del Huesca los primeros en ampliar distancias en el electr\u00f3nico, Miguel Malo y Pedro Martins emergieron r\u00e1pidamente con la intenci\u00f3n de dar la vuelta al resultado, seguidos poco despu\u00e9s por un Jaime Fern\u00e1ndez y un Asier Pedroarena que siguieron sumando tantos y frustrando la emoci\u00f3n del visitante.<\/p>\n\n\n\n<p>Durante los &nbsp;\u00faltimos veinte minutos del duelo, el polideportivo burgal\u00e9s se convirti\u00f3 en una caldera, con una afici\u00f3n emocionada y decidida a demostrar que es fuerza, empuje y aliento para sus jugadores, animando en los momentos malos y confiando hasta el \u00faltimo segundo en la remontada.<\/p>\n\n\n\n<p>Finalmente, la victoria no pudo ser y los de Dani Gordo perdieron el partido por la m\u00ednima (29-30) a pesar de que estuvieron muy cerca del empate y con ello de la pr\u00f3rroga. Los de orillas del Arlanz\u00f3n dicen adi\u00f3s a este torneo, sin embargo, el trabajo contin\u00faa, enfoc\u00e1ndose ahora en la Divisi\u00f3n de Honor Plata, cuyo pr\u00f3ximo partido tendr\u00e1 lugar este fin de semana contra el Oviedo.<\/p>\n\n\n\n<p><strong>FICHA T\u00c9CNICA:<\/strong><strong><\/strong><\/p>\n\n\n\n<p><strong>UBU SAN PABLO BURGOS 2031 <\/strong><strong>29<\/strong><strong>:<\/strong>&nbsp;Joao Furtado (4), Pablo G\u00f3mez, Tom\u00e1s Moreira (1), Jaime Fern\u00e1ndez (5), Marcos Garc\u00eda, Sergio Sarasola (1), Juan Ortega, Jaime Gonz\u00e1lez (4), Fabrizio Casanova (2), Miguel Malo (7), Pedro Martins (2), Gerard Forns, Daniel Santamar\u00eda, Brian Est\u00e9banez, Adri\u00e1n S\u00e1nchez, Asier Pedroarena (3)<\/p>\n\n\n\n<p><strong>BADA HUESCA <\/strong><strong>30<\/strong><strong>:<\/strong>&nbsp;Daniel P\u00e9rez Bravo (2), Fabricio de Souza, Ian Pedro Moya Boix, Ignacio Su\u00e1rez (1), Alfonso Rodr\u00edguez Lario (4), Carlos P\u00e9rez Mu\u00f1oz (2), Wilson Davyes (1), Oscar Garc\u00eda (3), Tchitombi Aurelien-Morgan (3), Artur Parera, Drasko Nenadic (7), Saa Amjad (2), G\u00e1bor D\u00e9csi (1), Frank Cordies Castillo, Samuel Cordies Castillo (4), Fradj Ben Tekaya<\/p>\n\n\n\n<p><strong>\u00c1RBITROS:<\/strong>&nbsp;Alejandro Hoz Fern\u00e1ndez; Axel Riloba Pereda. Exclusiones de Joao Furtado (Min 31:40 y 50:30); Tom\u00e1s Moreira (Min. 41:56); Miguel Malo (Min. 55:57) por parte de UBU San Pablo Burgos 2031 y de Wilson Davyes (Min 13:48 y 24:24)); Drasko Nenadic (Min. 35:13) &nbsp;por parte del Bada Huesca<\/p>\n\n\n\n<p><strong>PARCIALES: <\/strong>3-1 \/<strong>&nbsp;<\/strong>5-5 \/<strong>&nbsp;<\/strong>7-8 \/<strong>&nbsp;<\/strong>10-10 \/<strong>&nbsp;<\/strong>13-11 \/<strong>&nbsp;<\/strong>14-15 \/<strong>&nbsp;<\/strong>17-18 \/<strong>&nbsp;<\/strong>18-21 \/<strong>&nbsp;<\/strong>21-23 \/<strong>&nbsp;<\/strong>24-25 \/<strong>&nbsp;<\/strong>26-27 \/<strong>&nbsp;<\/strong>29-30 <strong><\/strong><\/p>\n\n\n\n<p><strong>INCIDENCIAS<\/strong>: Partido correspondiente a la segunda eliminatoria de Copa del Rey en el Polideportivo El Plant\u00edo<\/p>\n\n\n\n<p><strong>DECLARACIONES DANI GORDO (Entrenador UBU San Pablo Burgos 2031): <\/strong><strong><\/strong><\/p>\n\n\n\n<p><em>\u201cEl equipo ha dado la cara, ha luchado, ha peleado. La l\u00e1stima es que llevamos una semana trabajando, y algunas cosas de las que hemos trabajado ya se han visto, por lo cual yo estoy muy contento y satisfecho\u201d<\/em><\/p>\n\n\n\n<p><em>\u201cHa habido otros peque\u00f1os detalles que son los que han decantado el partido. Es un partido para sacar muchas conclusiones. Es una pena que se nos haya escapado la siguiente eliminatoria, porque ten\u00edamos mucha ilusi\u00f3n en esta competici\u00f3n, pero bueno, la verdad es que es para estar satisfecho con el poco tiempo que llevo trabajando con ellos, de lo que vamos haciendo como equipo\u201d.<\/em><\/p>\n\n\n\n<p><em>\u201cSomos un equipo que estamos en construcci\u00f3n, y cuanto m\u00e1s juguemos, m\u00e1s vamos a mejorar. Nos queda ese sabor agridulce, y tenemos el cuaderno lleno de notas para el futuro. Estamos trabajando en una armon\u00eda muy positiva. Yo creo que ellos han hecho un trabajo, tanto con Jorge como con Samuel, muy bueno, en el cual nos estamos apoyando bastante. Vamos introduciendo pinceladas. Sobre todo de lo que ellos tienen ganas es de quitarse un poco un sinsabor de dos temporadas muy duras\u201d<\/em><\/p>\n\n\n\n<p><em>\u201cHoy uno de los objetivos era coger buenas sensaciones porque sabemos que el partido de Oviedo, que no ser\u00e1 un reto f\u00e1cil\u201d.<\/em><\/p>\n","protected":false},"excerpt":{"rendered":"<p>Los burgaleses caen por la m\u00ednima ante el Huesca en El Plant\u00edo y ahora centrar\u00e1n sus esfuerzos en la liga. El UBU San Pablo Burgos 2031 se despidi\u00f3 este martes de la Copa del Rey tras perder la segunda eliminatoria ante el Bada Huesca por la m\u00ednima (29-30). &nbsp;Los de Dani Gordo lucharon intensamente hasta [&hellip;]<\/p>\n","protected":false},"author":10,"featured_media":152520,"comment_status":"closed","ping_status":"closed","sticky":false,"template":"","format":"standard","meta":{"_monsterinsights_skip_tracking":false,"_monsterinsights_sitenote_active":false,"_monsterinsights_sitenote_note":"","_monsterinsights_sitenote_category":0,"footnotes":""},"categories":[118],"tags":[1553,120,496,147],"class_list":{"0":"post-152514","1":"post","2":"type-post","3":"status-publish","4":"format-standard","5":"has-post-thumbnail","7":"category-balonmano","8":"tag-actualidad-2","9":"tag-balonmanoburgos","10":"tag-copadelrey","11":"tag-ubusanpabloburgos"},"views":53,"_links":{"self":[{"href":"https:\/\/www.burgosdeporte.com\/index.php?rest_route=\/wp\/v2\/posts\/152514","targetHints":{"allow":["GET"]}}],"collection":[{"href":"https:\/\/www.burgosdeporte.com\/index.php?rest_route=\/wp\/v2\/posts"}],"about":[{"href":"https:\/\/www.burgosdeporte.com\/index.php?rest_route=\/wp\/v2\/types\/post"}],"author":[{"embeddable":true,"href":"https:\/\/www.burgosdeporte.com\/index.php?rest_route=\/wp\/v2\/users\/10"}],"replies":[{"embeddable":true,"href":"https:\/\/www.burgosdeporte.com\/index.php?rest_route=%2Fwp%2Fv2%2Fcomments&post=152514"}],"version-history":[{"count":1,"href":"https:\/\/www.burgosdeporte.com\/index.php?rest_route=\/wp\/v2\/posts\/152514\/revisions"}],"predecessor-version":[{"id":152517,"href":"https:\/\/www.burgosdeporte.com\/index.php?rest_route=\/wp\/v2\/posts\/152514\/revisions\/152517"}],"wp:featuredmedia":[{"embeddable":true,"href":"https:\/\/www.burgosdeporte.com\/index.php?rest_route=\/wp\/v2\/media\/152520"}],"wp:attachment":[{"href":"https:\/\/www.burgosdeporte.com\/index.php?rest_route=%2Fwp%2Fv2%2Fmedia&parent=152514"}],"wp:term":[{"taxonomy":"category","embeddable":true,"href":"https:\/\/www.burgosdeporte.com\/index.php?rest_route=%2Fwp%2Fv2%2Fcategories&post=152514"},{"taxonomy":"post_tag","embeddable":true,"href":"https:\/\/www.burgosdeporte.com\/index.php?rest_route=%2Fwp%2Fv2%2Ftags&post=152514"}],"curies":[{"name":"wp","href":"https:\/\/api.w.org\/{rel}","templated":true}]}}