{"id":152505,"date":"2026-03-24T15:27:09","date_gmt":"2026-03-24T13:27:09","guid":{"rendered":"https:\/\/www.burgosdeporte.com\/?p=152505"},"modified":"2026-03-25T14:25:03","modified_gmt":"2026-03-25T12:25:03","slug":"el-recoletas-salud-san-pablo-burgos-protagonista-en-las-jornadas-del-deporte","status":"publish","type":"post","link":"https:\/\/www.burgosdeporte.com\/?p=152505","title":{"rendered":"El Recoletas Salud San Pablo Burgos, protagonista en las Jornadas del Deporte"},"content":{"rendered":"\n<p><strong><em>La plantilla y el cuerpo t\u00e9cnico del equipo han visitado el Colegio Jes\u00fas Mar\u00eda<\/em><\/strong><\/p>\n\n\n\n<p class=\"has-text-align-right\">(<em>Fotograf\u00edas: SPB\/Cintia Cort\u00e9s<\/em>)<\/p>\n\n\n<div class=\"wp-block-image\">\n<figure class=\"aligncenter size-full\"><a href=\"https:\/\/www.grupodesantiago.es\/vehiculo-nuevo\/nuevo-micra?utm_source=burgosdeporte&amp;utm_medium=banner&amp;utm_campaign=burgosdeporte_nissanmicra_marzo26\" target=\"_blank\" rel=\" noreferrer noopener\"><img loading=\"lazy\" decoding=\"async\" width=\"300\" height=\"250\" src=\"https:\/\/www.burgosdeporte.com\/wp-content\/uploads\/2026\/03\/NissanMicra_17-31marzo2026.gif\" alt=\"\" class=\"wp-image-152159\"\/><\/a><\/figure>\n<\/div>\n\n\n<p>La plantilla y el cuerpo t\u00e9cnico al completo del Recoletas Salud San Pablo Burgos han compartido la ma\u00f1ana de este martes con los alumnos de todas las clases del Colegio Jes\u00fas Mar\u00eda, que han abierto sus puertas para una actividad enmarcada dentro de las XXVIII Jornadas del Deporte Burgal\u00e9s de la Asociaci\u00f3n de la Prensa Deportiva de Burgos (APDB).<\/p>\n\n\n\n<p>Tras fotografiarse en la entrada del centro escolar, los jugadores y el cuerpo t\u00e9cnico del primer equipo han acudido al sal\u00f3n de actos, al que han accedido mientras varios alumnos y alumnas del colegio interpretaban con instrumentos el himno a Burgos.<\/p>\n\n\n\n<figure class=\"wp-block-image size-large\"><img loading=\"lazy\" decoding=\"async\" width=\"1024\" height=\"683\" src=\"https:\/\/www.burgosdeporte.com\/wp-content\/uploads\/2026\/03\/Visita-Colegio-Jesus-Maria-Jornadas-del-Deporte-APDB-Firma-SPB-Cintia-Cortes-3-1024x683.jpg\" alt=\"\" class=\"wp-image-152507\" srcset=\"https:\/\/www.burgosdeporte.com\/wp-content\/uploads\/2026\/03\/Visita-Colegio-Jesus-Maria-Jornadas-del-Deporte-APDB-Firma-SPB-Cintia-Cortes-3-1024x683.jpg 1024w, https:\/\/www.burgosdeporte.com\/wp-content\/uploads\/2026\/03\/Visita-Colegio-Jesus-Maria-Jornadas-del-Deporte-APDB-Firma-SPB-Cintia-Cortes-3-300x200.jpg 300w, https:\/\/www.burgosdeporte.com\/wp-content\/uploads\/2026\/03\/Visita-Colegio-Jesus-Maria-Jornadas-del-Deporte-APDB-Firma-SPB-Cintia-Cortes-3-768x512.jpg 768w, https:\/\/www.burgosdeporte.com\/wp-content\/uploads\/2026\/03\/Visita-Colegio-Jesus-Maria-Jornadas-del-Deporte-APDB-Firma-SPB-Cintia-Cortes-3-150x100.jpg 150w, https:\/\/www.burgosdeporte.com\/wp-content\/uploads\/2026\/03\/Visita-Colegio-Jesus-Maria-Jornadas-del-Deporte-APDB-Firma-SPB-Cintia-Cortes-3-696x464.jpg 696w, https:\/\/www.burgosdeporte.com\/wp-content\/uploads\/2026\/03\/Visita-Colegio-Jesus-Maria-Jornadas-del-Deporte-APDB-Firma-SPB-Cintia-Cortes-3-1068x712.jpg 1068w, https:\/\/www.burgosdeporte.com\/wp-content\/uploads\/2026\/03\/Visita-Colegio-Jesus-Maria-Jornadas-del-Deporte-APDB-Firma-SPB-Cintia-Cortes-3.jpg 1200w\" sizes=\"auto, (max-width: 1024px) 100vw, 1024px\" \/><\/figure>\n\n\n\n<p>All\u00ed, los estudiantes de diferentes niveles han podido compartir media hora de coloquio en la que han trasladado sus preguntas a los miembros de la plantilla. Finalizada la charla, el Recoletas Salud San Pablo Burgos se ha dividido en dos grupos para continuar la jornada.<\/p>\n\n\n\n<p>Por un lado, Raul Neto, Leo Meindl, Jermaine Samuels Jr, Yannick Nzosa, Juan Rubio y Augusto Lima se han acercado a visitar las clases de Educaci\u00f3n Infantil, en las que les han recibido los alumnos m\u00e1s peque\u00f1os del centro escolar.<\/p>\n\n\n\n<p>Por su parte, J\u00f3n Axel Gudmundsson, Gonzalo Corbal\u00e1n, Pablo Almaz\u00e1n, Dani D\u00edez, Ethan Happ y Luke Fischer han salido al patio del Colegio Jes\u00fas Mar\u00eda, donde han firmado aut\u00f3grafos y se han fotografiado junto a varios grupos bajo las canastas en una soleada ma\u00f1ana.<\/p>\n","protected":false},"excerpt":{"rendered":"<p>La plantilla y el cuerpo t\u00e9cnico del equipo han visitado el Colegio Jes\u00fas Mar\u00eda (Fotograf\u00edas: SPB\/Cintia Cort\u00e9s) La plantilla y el cuerpo t\u00e9cnico al completo del Recoletas Salud San Pablo Burgos han compartido la ma\u00f1ana de este martes con los alumnos de todas las clases del Colegio Jes\u00fas Mar\u00eda, que han abierto sus puertas para [&hellip;]<\/p>\n","protected":false},"author":12,"featured_media":152506,"comment_status":"closed","ping_status":"closed","sticky":false,"template":"","format":"standard","meta":{"_monsterinsights_skip_tracking":false,"_monsterinsights_sitenote_active":false,"_monsterinsights_sitenote_note":"","_monsterinsights_sitenote_category":0,"footnotes":""},"categories":[5],"tags":[1553,398,6,1846,9],"class_list":{"0":"post-152505","1":"post","2":"type-post","3":"status-publish","4":"format-standard","5":"has-post-thumbnail","7":"category-baloncesto","8":"tag-actualidad-2","9":"tag-apdburgos","10":"tag-baloncesto","11":"tag-jornadasdeldeporteburgales-2","12":"tag-sanpabloburgos"},"views":52,"_links":{"self":[{"href":"https:\/\/www.burgosdeporte.com\/index.php?rest_route=\/wp\/v2\/posts\/152505","targetHints":{"allow":["GET"]}}],"collection":[{"href":"https:\/\/www.burgosdeporte.com\/index.php?rest_route=\/wp\/v2\/posts"}],"about":[{"href":"https:\/\/www.burgosdeporte.com\/index.php?rest_route=\/wp\/v2\/types\/post"}],"author":[{"embeddable":true,"href":"https:\/\/www.burgosdeporte.com\/index.php?rest_route=\/wp\/v2\/users\/12"}],"replies":[{"embeddable":true,"href":"https:\/\/www.burgosdeporte.com\/index.php?rest_route=%2Fwp%2Fv2%2Fcomments&post=152505"}],"version-history":[{"count":1,"href":"https:\/\/www.burgosdeporte.com\/index.php?rest_route=\/wp\/v2\/posts\/152505\/revisions"}],"predecessor-version":[{"id":152508,"href":"https:\/\/www.burgosdeporte.com\/index.php?rest_route=\/wp\/v2\/posts\/152505\/revisions\/152508"}],"wp:featuredmedia":[{"embeddable":true,"href":"https:\/\/www.burgosdeporte.com\/index.php?rest_route=\/wp\/v2\/media\/152506"}],"wp:attachment":[{"href":"https:\/\/www.burgosdeporte.com\/index.php?rest_route=%2Fwp%2Fv2%2Fmedia&parent=152505"}],"wp:term":[{"taxonomy":"category","embeddable":true,"href":"https:\/\/www.burgosdeporte.com\/index.php?rest_route=%2Fwp%2Fv2%2Fcategories&post=152505"},{"taxonomy":"post_tag","embeddable":true,"href":"https:\/\/www.burgosdeporte.com\/index.php?rest_route=%2Fwp%2Fv2%2Ftags&post=152505"}],"curies":[{"name":"wp","href":"https:\/\/api.w.org\/{rel}","templated":true}]}}