{"id":152457,"date":"2026-03-23T17:23:52","date_gmt":"2026-03-23T15:23:52","guid":{"rendered":"https:\/\/www.burgosdeporte.com\/?p=152457"},"modified":"2026-03-24T15:31:08","modified_gmt":"2026-03-24T13:31:08","slug":"el-san-pablo-burgos-renueva-su-convenio-con-la-fundacion-caja-de-burgos","status":"publish","type":"post","link":"https:\/\/www.burgosdeporte.com\/?p=152457","title":{"rendered":"El San Pablo Burgos renueva su convenio con la Fundaci\u00f3n Caja de Burgos"},"content":{"rendered":"\n<p><strong><em>El acuerdo de colaboraci\u00f3n alcanza su d\u00e9cima temporada<\/em><\/strong><\/p>\n\n\n\n<p class=\"has-text-align-right\">(<em>Fotograf\u00eda: San Pablo Burgos<\/em>)<\/p>\n\n\n<div class=\"wp-block-image\">\n<figure class=\"aligncenter size-full\"><a href=\"https:\/\/www.grupodesantiago.es\/vehiculo-nuevo\/nuevo-micra?utm_source=burgosdeporte&amp;utm_medium=banner&amp;utm_campaign=burgosdeporte_nissanmicra_marzo26\" target=\"_blank\" rel=\" noreferrer noopener\"><img loading=\"lazy\" decoding=\"async\" width=\"300\" height=\"250\" src=\"https:\/\/www.burgosdeporte.com\/wp-content\/uploads\/2026\/03\/NissanMicra_17-31marzo2026.gif\" alt=\"\" class=\"wp-image-152159\"\/><\/a><\/figure>\n<\/div>\n\n\n<p>El Edificio Nexo ha acogido este lunes la firma del convenio de patrocinio entre el San Pablo Burgos y la Fundaci\u00f3n Caja de Burgos, una colaboraci\u00f3n que alcanza en esta temporada su d\u00e9cimo aniversario. El presidente del club de baloncesto, F\u00e9lix Sancho, y el directo general de la Fundaci\u00f3n Caja de Burgos, Rafael Barbero, han sido los encargados de rubricar la renovaci\u00f3n y de presentarla ante los medios de comunicaci\u00f3n.<\/p>\n\n\n\n<p>\u201cPara nosotros es un orgullo seguir renovando este convenio y es un orgullo continuar apoyando a un equipo que est\u00e1 dando una vida a Burgos como la que le est\u00e1 dando el San Pablo Burgos y como la que vemos en el Coliseum todos los d\u00edas que hay partido\u201d, ha afirmado Rafael Barbero en su intervenci\u00f3n, donde ha agradecido la labor realizada por F\u00e9lix Sancho y por todo su equipo.<\/p>\n\n\n\n<p>El director general de la Fundaci\u00f3n Caja de Burgos ha puesto en valor el proyecto del club burgal\u00e9s: \u201cEncaja perfectamente en lo que queremos impulsar, que es conseguir que haya proyectos ganadores en Burgos, proyectos que pongan a Burgos en el mapa, y proyectos que a\u00fanen a Burgos. El proyecto del San Pablo Burgos es un proyecto que hace ciudad y que hace comunidad y para nosotros todos los proyectos de este tipo deben ser apoyados por la Fundaci\u00f3n y son apoyados por la Fundaci\u00f3n\u201d.<\/p>\n\n\n\n<p>Por su parte, el presidente del San Pablo Burgos ha recogido las palabras de agradecimiento y ha hablado de los inicios del convenio: \u201cCuando empezamos, no ten\u00edamos muchas empresas que nos empujasen y en aquel momento fue muy importante que la Fundaci\u00f3n Caja de Burgos, que este a\u00f1o est\u00e1 de centenario, y en primera persona Rafa, nos diera ese apoyo. Despu\u00e9s, en estos 10 a\u00f1os, hemos ido haciendo comuni\u00f3n con ellos, con Rafa y con todo el equipo\u201d.<\/p>\n\n\n\n<p>F\u00e9lix Sancho ha detallado en qu\u00e9 consiste la colaboraci\u00f3n: \u201cEl convenio siempre ha servido para impulsar ese ocio inclusivo que desarrolla la Fundaci\u00f3n Caja de Burgos dentro de sus m\u00faltiples actividades\u201d, adem\u00e1s de suponer \u201cen el aspecto econ\u00f3mico uno de los patrocinios m\u00e1s importantes y que lleva ya mucho tiempo con nosotros\u201d. El dirigente ha recalcado: \u201cNo puedo hacer otra cosa que agradecer a la Fundaci\u00f3n, a su director general en primera persona y a todo su equipo, por estar con el Recoletas Salud San Pablo Burgos. Y darles las gracias tambi\u00e9n por apoyar a la ciudad como lo hacen en todos los \u00e1mbitos, no solo en el deportivo, donde est\u00e1n al lado de casi todas las entidades deportivas, sino por su labor en todos los \u00e1mbitos de la ciudad\u201d.<\/p>\n","protected":false},"excerpt":{"rendered":"<p>El acuerdo de colaboraci\u00f3n alcanza su d\u00e9cima temporada (Fotograf\u00eda: San Pablo Burgos) El Edificio Nexo ha acogido este lunes la firma del convenio de patrocinio entre el San Pablo Burgos y la Fundaci\u00f3n Caja de Burgos, una colaboraci\u00f3n que alcanza en esta temporada su d\u00e9cimo aniversario. El presidente del club de baloncesto, F\u00e9lix Sancho, y [&hellip;]<\/p>\n","protected":false},"author":10,"featured_media":152458,"comment_status":"closed","ping_status":"closed","sticky":false,"template":"","format":"standard","meta":{"_monsterinsights_skip_tracking":false,"_monsterinsights_sitenote_active":false,"_monsterinsights_sitenote_note":"","_monsterinsights_sitenote_category":0,"footnotes":""},"categories":[5],"tags":[1553,6,9],"class_list":{"0":"post-152457","1":"post","2":"type-post","3":"status-publish","4":"format-standard","5":"has-post-thumbnail","7":"category-baloncesto","8":"tag-actualidad-2","9":"tag-baloncesto","10":"tag-sanpabloburgos"},"views":51,"_links":{"self":[{"href":"https:\/\/www.burgosdeporte.com\/index.php?rest_route=\/wp\/v2\/posts\/152457","targetHints":{"allow":["GET"]}}],"collection":[{"href":"https:\/\/www.burgosdeporte.com\/index.php?rest_route=\/wp\/v2\/posts"}],"about":[{"href":"https:\/\/www.burgosdeporte.com\/index.php?rest_route=\/wp\/v2\/types\/post"}],"author":[{"embeddable":true,"href":"https:\/\/www.burgosdeporte.com\/index.php?rest_route=\/wp\/v2\/users\/10"}],"replies":[{"embeddable":true,"href":"https:\/\/www.burgosdeporte.com\/index.php?rest_route=%2Fwp%2Fv2%2Fcomments&post=152457"}],"version-history":[{"count":1,"href":"https:\/\/www.burgosdeporte.com\/index.php?rest_route=\/wp\/v2\/posts\/152457\/revisions"}],"predecessor-version":[{"id":152459,"href":"https:\/\/www.burgosdeporte.com\/index.php?rest_route=\/wp\/v2\/posts\/152457\/revisions\/152459"}],"wp:featuredmedia":[{"embeddable":true,"href":"https:\/\/www.burgosdeporte.com\/index.php?rest_route=\/wp\/v2\/media\/152458"}],"wp:attachment":[{"href":"https:\/\/www.burgosdeporte.com\/index.php?rest_route=%2Fwp%2Fv2%2Fmedia&parent=152457"}],"wp:term":[{"taxonomy":"category","embeddable":true,"href":"https:\/\/www.burgosdeporte.com\/index.php?rest_route=%2Fwp%2Fv2%2Fcategories&post=152457"},{"taxonomy":"post_tag","embeddable":true,"href":"https:\/\/www.burgosdeporte.com\/index.php?rest_route=%2Fwp%2Fv2%2Ftags&post=152457"}],"curies":[{"name":"wp","href":"https:\/\/api.w.org\/{rel}","templated":true}]}}