{"id":152291,"date":"2026-03-20T16:45:19","date_gmt":"2026-03-20T14:45:19","guid":{"rendered":"https:\/\/www.burgosdeporte.com\/?p=152291"},"modified":"2026-03-20T16:55:48","modified_gmt":"2026-03-20T14:55:48","slug":"doce-gimnastas-del-club-gimnasia-burgos-reconocidos-a-nivel-autonomico","status":"publish","type":"post","link":"https:\/\/www.burgosdeporte.com\/?p=152291","title":{"rendered":"Doce gimnastas del Club Gimnasia Burgos, reconocidos a nivel auton\u00f3mico"},"content":{"rendered":"\n<p><strong><em>Los burgaleses estuvieron presentes en la XIX Gala de Gimnasia de Castilla y Le\u00f3n<\/em><\/strong><\/p>\n\n\n<div class=\"wp-block-image\">\n<figure class=\"aligncenter size-full is-resized\"><a href=\"https:\/\/www.ferroplas.com\/\" target=\"_blank\" rel=\" noreferrer noopener\"><img loading=\"lazy\" decoding=\"async\" width=\"900\" height=\"412\" src=\"https:\/\/www.burgosdeporte.com\/wp-content\/uploads\/2025\/05\/Ferroplas-1.jpg\" alt=\"\" class=\"wp-image-140430\" style=\"aspect-ratio:2.1844224680599615;width:358px;height:auto\" srcset=\"https:\/\/www.burgosdeporte.com\/wp-content\/uploads\/2025\/05\/Ferroplas-1.jpg 900w, https:\/\/www.burgosdeporte.com\/wp-content\/uploads\/2025\/05\/Ferroplas-1-300x137.jpg 300w, https:\/\/www.burgosdeporte.com\/wp-content\/uploads\/2025\/05\/Ferroplas-1-768x352.jpg 768w, https:\/\/www.burgosdeporte.com\/wp-content\/uploads\/2025\/05\/Ferroplas-1-150x69.jpg 150w, https:\/\/www.burgosdeporte.com\/wp-content\/uploads\/2025\/05\/Ferroplas-1-696x319.jpg 696w\" sizes=\"auto, (max-width: 900px) 100vw, 900px\" \/><\/a><\/figure>\n<\/div>\n\n\n<p>Doce gimnastas del Club Gimnasia Burgos fueron premiados por sus logros en 2025 en la gala de Gimnasia De Castilla y Le\u00f3n que se celebr\u00f3 en el teatro de la M\u00fasica de Arroyo de la Encomienda, Valladolid.<\/p>\n\n\n\n<p>Los galardonados fueron Juan Ruiz en la modalidad de Art\u00edstica Masculina y 9 gimnastas en la modalidad de Trampol\u00edn: Iris Ventura, Juan Ruiz, Paula V\u00e1zquez, Gloria Sancho, Vera Moreno, Luc\u00eda Sedano, Sara P\u00e9rez, Rebeca Ercilla y Diego Esteban.<\/p>\n\n\n\n<p>Adem\u00e1s, Alba Moreno, Adri\u00e1n P\u00e9rez y Rodrigo Mart\u00ednez fueron reconocidos&nbsp; por ser gimnastas internacionales con la selecci\u00f3n espa\u00f1ola en el a\u00f1o 2025, todos ellos participantes en el Mundial de Trampol\u00edn, celebrado en noviembre en Pamplona.<\/p>\n","protected":false},"excerpt":{"rendered":"<p>Los burgaleses estuvieron presentes en la XIX Gala de Gimnasia de Castilla y Le\u00f3n Doce gimnastas del Club Gimnasia Burgos fueron premiados por sus logros en 2025 en la gala de Gimnasia De Castilla y Le\u00f3n que se celebr\u00f3 en el teatro de la M\u00fasica de Arroyo de la Encomienda, Valladolid. Los galardonados fueron Juan [&hellip;]<\/p>\n","protected":false},"author":10,"featured_media":152292,"comment_status":"closed","ping_status":"closed","sticky":false,"template":"","format":"standard","meta":{"_monsterinsights_skip_tracking":false,"_monsterinsights_sitenote_active":false,"_monsterinsights_sitenote_note":"","_monsterinsights_sitenote_category":0,"footnotes":""},"categories":[191,15],"tags":[1553,278,192],"class_list":{"0":"post-152291","1":"post","2":"type-post","3":"status-publish","4":"format-standard","5":"has-post-thumbnail","7":"category-gimnasia","8":"category-otros","9":"tag-actualidad-2","10":"tag-clubgimnasiaburgos","11":"tag-gimnasia"},"views":68,"_links":{"self":[{"href":"https:\/\/www.burgosdeporte.com\/index.php?rest_route=\/wp\/v2\/posts\/152291","targetHints":{"allow":["GET"]}}],"collection":[{"href":"https:\/\/www.burgosdeporte.com\/index.php?rest_route=\/wp\/v2\/posts"}],"about":[{"href":"https:\/\/www.burgosdeporte.com\/index.php?rest_route=\/wp\/v2\/types\/post"}],"author":[{"embeddable":true,"href":"https:\/\/www.burgosdeporte.com\/index.php?rest_route=\/wp\/v2\/users\/10"}],"replies":[{"embeddable":true,"href":"https:\/\/www.burgosdeporte.com\/index.php?rest_route=%2Fwp%2Fv2%2Fcomments&post=152291"}],"version-history":[{"count":2,"href":"https:\/\/www.burgosdeporte.com\/index.php?rest_route=\/wp\/v2\/posts\/152291\/revisions"}],"predecessor-version":[{"id":152294,"href":"https:\/\/www.burgosdeporte.com\/index.php?rest_route=\/wp\/v2\/posts\/152291\/revisions\/152294"}],"wp:featuredmedia":[{"embeddable":true,"href":"https:\/\/www.burgosdeporte.com\/index.php?rest_route=\/wp\/v2\/media\/152292"}],"wp:attachment":[{"href":"https:\/\/www.burgosdeporte.com\/index.php?rest_route=%2Fwp%2Fv2%2Fmedia&parent=152291"}],"wp:term":[{"taxonomy":"category","embeddable":true,"href":"https:\/\/www.burgosdeporte.com\/index.php?rest_route=%2Fwp%2Fv2%2Fcategories&post=152291"},{"taxonomy":"post_tag","embeddable":true,"href":"https:\/\/www.burgosdeporte.com\/index.php?rest_route=%2Fwp%2Fv2%2Ftags&post=152291"}],"curies":[{"name":"wp","href":"https:\/\/api.w.org\/{rel}","templated":true}]}}