{"id":152267,"date":"2026-03-20T12:58:10","date_gmt":"2026-03-20T10:58:10","guid":{"rendered":"https:\/\/www.burgosdeporte.com\/?p=152267"},"modified":"2026-03-20T17:51:36","modified_gmt":"2026-03-20T15:51:36","slug":"el-tizona-visita-este-viernes-al-lider","status":"publish","type":"post","link":"https:\/\/www.burgosdeporte.com\/?p=152267","title":{"rendered":"El Tizona visita este viernes al l\u00edder"},"content":{"rendered":"\n<h2 class=\"wp-block-heading\">Se enfrenta a partir de las 20,30 h. al Leyma Coru\u00f1a en tierras gallegas. <\/h2>\n\n\n<div class=\"wp-block-image\">\n<figure class=\"aligncenter size-full\"><img loading=\"lazy\" decoding=\"async\" width=\"300\" height=\"226\" src=\"https:\/\/www.burgosdeporte.com\/wp-content\/uploads\/2023\/09\/FCastilla_2019.gif\" alt=\"\" class=\"wp-image-107980\"\/><\/figure>\n<\/div>\n\n\n<p>Por segunda semana consecutiva el Grupo Ureta Tizona viaja el oeste de la Pen\u00ednsula&nbsp;Ib\u00e9rica&nbsp;para medirse este viernes&nbsp;a las 20:30 horas&nbsp;al l\u00edder de la competici\u00f3n, un&nbsp;Leyma&nbsp;Coru\u00f1a que llega tras cosechar la segunda derrota liguera de la temporada en la&nbsp;\u00faltima jornada.&nbsp;&nbsp;<\/p>\n\n\n\n<p>Despu\u00e9s de lo acontecido&nbsp;el pasado s\u00e1bado&nbsp;en el Paco Paz de Ourense, el equipo de Den\u00eds&nbsp;Pombar&nbsp;tratar\u00e1 de&nbsp;mantener esos buenos minutos que mostr\u00f3 ante el equipo orensano y buscar\u00e1 la forma de generar dudas a un&nbsp;Leyma&nbsp;Coru\u00f1a&nbsp;al que ya venci\u00f3 en la Copa Espa\u00f1a all\u00e1 por el mes de noviembre. \u201cTenemos que ser capaces de repetir el nivel emocional que hemos mantenido en Ourense\u201d.&nbsp;<\/p>\n\n\n\n<p>No ha sido una semana f\u00e1cil para la salud del Grupo Ureta Tizona, y la prueba de ello es la ausencia en la convocatoria de Andy&nbsp;Huelves, que no viajar\u00e1 con el equipo por la gastroenteritis que ha sufrido durante la semana.&nbsp;Otro de los interrogantes recae sobre la figura de Gabriel Gil, que tambi\u00e9n se ha visto afectado en las \u00faltimas horas por el virus que sobrevuela la plantilla burgalesa.&nbsp;<\/p>\n\n\n\n<p>Una convocatoria que podr\u00e1 contar con un nombre nuevo en la lista, y es que se ha anunciado la incorporaci\u00f3n\u00a0del escolta nigeriano Mike\u00a0Nuga, que\u00a0ser\u00e1\u00a0de la partida a partir de ma\u00f1ana tras completar\u00a0los tr\u00e1mites de su fichaje por la entidad castellana.\u00a0<\/p>\n\n\n\n<p><strong>Leyma Coru\u00f1a, el l\u00edder con el orgullo herido<\/strong>&nbsp;<\/p>\n\n\n\n<p>El equipo coru\u00f1\u00e9s afronta este nuevo compromiso liguero tras sumar la segunda derrota de la temporada (tercera contando la Copa Espa\u00f1a) en su visita al S\u00faper Agropal Palencia. Los de Carles Marco llegan a la cita con un&nbsp;bagaje de 22 triunfos en 24 encuentros disputados en la Primera FEB. Los gallegos buscar\u00e1n regresar por la v\u00eda r\u00e1pida a&nbsp;la liga ACB, de donde descendieron la pasada campa\u00f1a.&nbsp;&nbsp;<\/p>\n\n\n\n<p>La plantilla cuenta con grandes referentes en la categor\u00eda, como&nbsp;Ilimane&nbsp;Diop o Paul Jorgensen. En sus filas tambi\u00e9n figuran hasta&nbsp;6 jugadores con pasado reciente en Tizona. Incluso el propio Carles Marco fue jugador del equipo burgal\u00e9s en sus \u00faltimos a\u00f1os como jugador. El cuadro naranja no podr\u00e1 contar en el d\u00eda de ma\u00f1ana con Dino&nbsp;Radoncic, que se perder\u00e1 lo que resta de temporada tras serle diagnosticada una trombosis venosa.&nbsp;<\/p>\n\n\n\n<p>Sobre el rival de este viernes, Den\u00eds ha destacado la dificultad del encuentro, pero tambi\u00e9n ha se\u00f1alado que ser\u00e1 una buena prueba para demostrar que \u201cno hay excusas\u201d. \u201cLo que nos queda de aqu\u00ed a final de temporada\u00a0es apretar los dientes y estar juntos. Mentir\u00edamos si dij\u00e9ramos que no es una pista complicad\u00edsima. Son capaces de hacer muchas cosas bien y eso\u00a0les\u00a0lleva a la excelencia.\u201d\u00a0<\/p>\n\n\n\n<p><\/p>\n","protected":false},"excerpt":{"rendered":"<p>Se enfrenta a partir de las 20,30 h. al Leyma Coru\u00f1a en tierras gallegas. Por segunda semana consecutiva el Grupo Ureta Tizona viaja el oeste de la Pen\u00ednsula&nbsp;Ib\u00e9rica&nbsp;para medirse este viernes&nbsp;a las 20:30 horas&nbsp;al l\u00edder de la competici\u00f3n, un&nbsp;Leyma&nbsp;Coru\u00f1a que llega tras cosechar la segunda derrota liguera de la temporada en la&nbsp;\u00faltima jornada.&nbsp;&nbsp; Despu\u00e9s de [&hellip;]<\/p>\n","protected":false},"author":10,"featured_media":150873,"comment_status":"closed","ping_status":"closed","sticky":false,"template":"","format":"standard","meta":{"_monsterinsights_skip_tracking":false,"_monsterinsights_sitenote_active":false,"_monsterinsights_sitenote_note":"","_monsterinsights_sitenote_category":0,"footnotes":""},"categories":[5],"tags":[1553,26,740,66],"class_list":{"0":"post-152267","1":"post","2":"type-post","3":"status-publish","4":"format-standard","5":"has-post-thumbnail","7":"category-baloncesto","8":"tag-actualidad-2","9":"tag-cbtizona","10":"tag-grupouretatizona","11":"tag-tizonaburgos"},"views":27,"_links":{"self":[{"href":"https:\/\/www.burgosdeporte.com\/index.php?rest_route=\/wp\/v2\/posts\/152267","targetHints":{"allow":["GET"]}}],"collection":[{"href":"https:\/\/www.burgosdeporte.com\/index.php?rest_route=\/wp\/v2\/posts"}],"about":[{"href":"https:\/\/www.burgosdeporte.com\/index.php?rest_route=\/wp\/v2\/types\/post"}],"author":[{"embeddable":true,"href":"https:\/\/www.burgosdeporte.com\/index.php?rest_route=\/wp\/v2\/users\/10"}],"replies":[{"embeddable":true,"href":"https:\/\/www.burgosdeporte.com\/index.php?rest_route=%2Fwp%2Fv2%2Fcomments&post=152267"}],"version-history":[{"count":2,"href":"https:\/\/www.burgosdeporte.com\/index.php?rest_route=\/wp\/v2\/posts\/152267\/revisions"}],"predecessor-version":[{"id":152290,"href":"https:\/\/www.burgosdeporte.com\/index.php?rest_route=\/wp\/v2\/posts\/152267\/revisions\/152290"}],"wp:featuredmedia":[{"embeddable":true,"href":"https:\/\/www.burgosdeporte.com\/index.php?rest_route=\/wp\/v2\/media\/150873"}],"wp:attachment":[{"href":"https:\/\/www.burgosdeporte.com\/index.php?rest_route=%2Fwp%2Fv2%2Fmedia&parent=152267"}],"wp:term":[{"taxonomy":"category","embeddable":true,"href":"https:\/\/www.burgosdeporte.com\/index.php?rest_route=%2Fwp%2Fv2%2Fcategories&post=152267"},{"taxonomy":"post_tag","embeddable":true,"href":"https:\/\/www.burgosdeporte.com\/index.php?rest_route=%2Fwp%2Fv2%2Ftags&post=152267"}],"curies":[{"name":"wp","href":"https:\/\/api.w.org\/{rel}","templated":true}]}}