{"id":152213,"date":"2026-03-18T15:02:51","date_gmt":"2026-03-18T13:02:51","guid":{"rendered":"https:\/\/www.burgosdeporte.com\/?p=152213"},"modified":"2026-03-19T14:33:41","modified_gmt":"2026-03-19T12:33:41","slug":"la-xiii-nocturna-de-modubar-caminos-naturales-abre-inscripciones-el-19-de-marzo","status":"publish","type":"post","link":"https:\/\/www.burgosdeporte.com\/?p=152213","title":{"rendered":"La XIII &#8216;Nocturna de Mod\u00fabar \u2013 Caminos Naturales\u2019 abre inscripciones el 19 de marzo"},"content":{"rendered":"\n<p><strong><em>Un total de de 3.000 dorsales se inscribir\u00e1n para la prueba que se celebrar\u00e1 el 9 de mayo<\/em><\/strong><\/p>\n\n\n<div class=\"wp-block-image\">\n<figure class=\"aligncenter size-full\"><a href=\"https:\/\/castillafloristeria.com\/\" target=\"_blank\" rel=\" noreferrer noopener\"><img loading=\"lazy\" decoding=\"async\" width=\"300\" height=\"90\" src=\"https:\/\/www.burgosdeporte.com\/wp-content\/uploads\/2023\/10\/floristeria_castilla.fw_.png\" alt=\"\" class=\"wp-image-108421\" srcset=\"https:\/\/www.burgosdeporte.com\/wp-content\/uploads\/2023\/10\/floristeria_castilla.fw_.png 300w, https:\/\/www.burgosdeporte.com\/wp-content\/uploads\/2023\/10\/floristeria_castilla.fw_-150x45.png 150w\" sizes=\"auto, (max-width: 300px) 100vw, 300px\" \/><\/a><\/figure>\n<\/div>\n\n\n<p>La XIII Nocturna de Mod\u00fabar &#8211; Caminos Naturales, cuyo recorrido volver\u00e1 a unir Burgos capital y Mod\u00fabar de la Emparedada a trav\u00e9s del Camino Natural Santander-Mediterr\u00e1neo, se celebrar\u00e1 el s\u00e1bado 9 de mayo.<\/p>\n\n\n\n<p>La Nocturna de Mod\u00fabar, organizada por el Instituto provincial para el Deporte y Juventud (IDJ) de la Diputaci\u00f3n de Burgos, el Ayuntamiento de Mod\u00fabar de la Emparedada y el Club de Monta\u00f1a Modubeos, mantendr\u00e1 la distancia de 13 kil\u00f3metros de recorrido que podr\u00e1 hacerse en las habituales modalidades de carrera a pie, senderismo y marcha n\u00f3rdica (no competitiva).<\/p>\n\n\n\n<p>La salida tendr\u00e1 lugar en el paseo de la Sierra de Atapuerca, frente al F\u00f3rum Evoluci\u00f3n de la capital burgalesa, en donde se volver\u00e1 a vivir una gran fiesta antes de partir hacia Mod\u00fabar.<\/p>\n\n\n\n<p>El plazo de inscripci\u00f3n se abrir\u00e1 el 19 de marzo del 2026 y se cerrar\u00e1n el d\u00eda 15 de abril del 2026, o en su defecto cuando se termine el cupo de plazas. A partir de esta fecha no se admitir\u00e1n m\u00e1s inscripciones.<\/p>\n\n\n\n<p>El precio de inscripci\u00f3n reducido se mantendr\u00e1 inicialmente en los 17 euros, aunque se ha establecido un calendario de inscripci\u00f3n en el que el precio se ir\u00e1 incrementando. As\u00ed, a partir del 1 de abril, y siempre y cuando no se agoten antes todos los dorsales, la inscripci\u00f3n pasar\u00e1 a ser de 22 euros hasta el 15 de abril. Para participar, hay inscribirse a trav\u00e9s de la p\u00e1gina web: <a href=\"http:\/\/www.idj.burgos.es\/\" target=\"_blank\" rel=\"noreferrer noopener\">www.idj.burgos.es<\/a>.<\/p>\n\n\n\n<p>En las \u00faltimas ediciones disputadas un total de 3.000 personas disfrutaron de esta prueba deportiva en la que las inscripciones se agotan r\u00e1pidamente y que ofrece al participante servicios como: viaje de retorno en autob\u00fas una vez finalizada la carrera, avituallamientos, espect\u00e1culos y sorpresas en el recorrido y en el polideportivo de Mod\u00fabar, duchas, transporte de mochila y bolsa de corredor, entre otros.<\/p>\n","protected":false},"excerpt":{"rendered":"<p>Un total de de 3.000 dorsales se inscribir\u00e1n para la prueba que se celebrar\u00e1 el 9 de mayo La XIII Nocturna de Mod\u00fabar &#8211; Caminos Naturales, cuyo recorrido volver\u00e1 a unir Burgos capital y Mod\u00fabar de la Emparedada a trav\u00e9s del Camino Natural Santander-Mediterr\u00e1neo, se celebrar\u00e1 el s\u00e1bado 9 de mayo. La Nocturna de Mod\u00fabar, [&hellip;]<\/p>\n","protected":false},"author":10,"featured_media":152214,"comment_status":"closed","ping_status":"closed","sticky":false,"template":"","format":"standard","meta":{"_monsterinsights_skip_tracking":false,"_monsterinsights_sitenote_active":false,"_monsterinsights_sitenote_note":"","_monsterinsights_sitenote_category":0,"footnotes":""},"categories":[24,15],"tags":[1553,46,266,281],"class_list":{"0":"post-152213","1":"post","2":"type-post","3":"status-publish","4":"format-standard","5":"has-post-thumbnail","7":"category-atletismo","8":"category-otros","9":"tag-actualidad-2","10":"tag-atletismo","11":"tag-idjburgos","12":"tag-nocturnademodubar"},"views":85,"_links":{"self":[{"href":"https:\/\/www.burgosdeporte.com\/index.php?rest_route=\/wp\/v2\/posts\/152213","targetHints":{"allow":["GET"]}}],"collection":[{"href":"https:\/\/www.burgosdeporte.com\/index.php?rest_route=\/wp\/v2\/posts"}],"about":[{"href":"https:\/\/www.burgosdeporte.com\/index.php?rest_route=\/wp\/v2\/types\/post"}],"author":[{"embeddable":true,"href":"https:\/\/www.burgosdeporte.com\/index.php?rest_route=\/wp\/v2\/users\/10"}],"replies":[{"embeddable":true,"href":"https:\/\/www.burgosdeporte.com\/index.php?rest_route=%2Fwp%2Fv2%2Fcomments&post=152213"}],"version-history":[{"count":3,"href":"https:\/\/www.burgosdeporte.com\/index.php?rest_route=\/wp\/v2\/posts\/152213\/revisions"}],"predecessor-version":[{"id":152225,"href":"https:\/\/www.burgosdeporte.com\/index.php?rest_route=\/wp\/v2\/posts\/152213\/revisions\/152225"}],"wp:featuredmedia":[{"embeddable":true,"href":"https:\/\/www.burgosdeporte.com\/index.php?rest_route=\/wp\/v2\/media\/152214"}],"wp:attachment":[{"href":"https:\/\/www.burgosdeporte.com\/index.php?rest_route=%2Fwp%2Fv2%2Fmedia&parent=152213"}],"wp:term":[{"taxonomy":"category","embeddable":true,"href":"https:\/\/www.burgosdeporte.com\/index.php?rest_route=%2Fwp%2Fv2%2Fcategories&post=152213"},{"taxonomy":"post_tag","embeddable":true,"href":"https:\/\/www.burgosdeporte.com\/index.php?rest_route=%2Fwp%2Fv2%2Ftags&post=152213"}],"curies":[{"name":"wp","href":"https:\/\/api.w.org\/{rel}","templated":true}]}}