{"id":152123,"date":"2026-03-16T17:04:57","date_gmt":"2026-03-16T15:04:57","guid":{"rendered":"https:\/\/www.burgosdeporte.com\/?p=152123"},"modified":"2026-03-17T11:39:24","modified_gmt":"2026-03-17T09:39:24","slug":"marian-torio-y-victor-illera-triunfan-en-el-v-trail-run-haciendo-sed","status":"publish","type":"post","link":"https:\/\/www.burgosdeporte.com\/?p=152123","title":{"rendered":"Marian Tor\u00edo y V\u00edctor Illera triunfan en el V Trail Run Haciendo Sed"},"content":{"rendered":"\n<p><strong><em>Se impusieron en la modalidad Experienced (23 kil\u00f3metros), mientras que Estefan\u00eda Fern\u00e1ndez y Aimar Larrea lo hicieron en el Trail Classic (14 kil\u00f3metros)<\/em><\/strong><\/p>\n\n\n\n<p class=\"has-text-align-right\">(<em>Fotograf\u00eda: @deladelaiglesia<\/em>)<\/p>\n\n\n<div class=\"wp-block-image\">\n<figure class=\"aligncenter size-full\"><a href=\"https:\/\/felixrubio.es\/\" target=\"_blank\" rel=\" noreferrer noopener\"><img loading=\"lazy\" decoding=\"async\" width=\"300\" height=\"90\" src=\"https:\/\/www.burgosdeporte.com\/wp-content\/uploads\/2023\/10\/Felix_rubio_2.gif\" alt=\"\" class=\"wp-image-108903\"\/><\/a><\/figure>\n<\/div>\n\n\n<p>Marian Tor\u00edo, en su debut en el Trail Run Haciendo Sed, y V\u00edctor Illera, ganador por tercera vez, se impusieron en la prueba larga (23 kil\u00f3metros) de la quinta edici\u00f3n del Trail Run Haciendo Sed, celebrada este domingo en el entorno de Poza de la Sal.<\/p>\n\n\n\n<p>El podio masculino lo completaron Joel Aubeso y David P\u00e9rez, en una carrera muy r\u00e1pida y disputada, que mantuvo la emoci\u00f3n hasta la l\u00ednea de meta. El recorrido, de notable belleza seg\u00fan coincidieron los participantes, transcurri\u00f3 por algunos de los enclaves m\u00e1s representativos de Poza de la Sal y Padrones de Bureba.<\/p>\n\n\n\n<p>En la categor\u00eda femenina, acompa\u00f1aron a Marian Tor\u00edo en el podio Meritxhell Nava y Sandra Sevillano.<\/p>\n\n\n\n<p>En el Trail Classic (14 kil\u00f3metros), Aimar Larrea y Estefan\u00eda Fern\u00e1ndez dominaron la prueba de principio a fin.<\/p>\n\n\n\n<p>Por \u00faltimo, en el Trail Starter (casi 10 kil\u00f3metros), cuya salida registr\u00f3 una incidencia puntual de organizaci\u00f3n, se impusieron Mateo Vicario y Marta Gonz\u00e1lez, que marcaron diferencias a partir del tramo final del recorrido.<\/p>\n\n\n\n<p>La Asociaci\u00f3n Deportiva Haciendo Sed congreg\u00f3 en esta quinta edici\u00f3n a m\u00e1s de 1.300 participantes, que cruzaron la meta instalada en Poza de la Sal en un ambiente festivo y con gran expectaci\u00f3n a lo largo de todo el recorrido. La jornada se complet\u00f3 con m\u00e1s de 300 senderistas en la ruta de las Salinas de Poza de la Sal y cerca de 80 ni\u00f1os y ni\u00f1as que participaron en el ChiquiTrail por las calles de la localidad.<\/p>\n\n\n\n<p>La meteorolog\u00eda acompa\u00f1\u00f3 durante toda la jornada, lo que permiti\u00f3 que corredores, familiares, amigos y vecinos de Poza de la Sal disfrutaran de las actividades posteriores a la carrera, as\u00ed como de una comida popular preparada para 600 comensales.<\/p>\n\n\n\n<p>En esta edici\u00f3n se reparti\u00f3 un total de 1.400 \u20ac en premios econ\u00f3micos, adem\u00e1s de trofeos y obsequios para los ganadores de las distintas categor\u00edas. Asimismo, se realizaron diferentes sorteos entre el resto de participantes, gracias a la colaboraci\u00f3n de entidades y empresas vinculadas a la prueba. Todo ello ha sido posible por el apoyo de los patrocinadores de esta quinta edici\u00f3n, entre los que se encuentran el Ayuntamiento de Poza de la Sal, GSK, Fundaci\u00f3n La Caixa, Grupo De Santiago, Caf\u00e9s Santa Rosa, Quiropr\u00e1ctica Burgos, Hierros Gimenez, HCMF Inertim Research y Fundaci\u00f3n Caja de Burgos.<\/p>\n\n\n\n<p>La organizaci\u00f3n destac\u00f3 el buen ambiente, el respaldo de m\u00e1s de 100 voluntarios \u2014ya parte del sello de identidad de la prueba\u2014, la belleza del recorrido y la adecuada coordinaci\u00f3n de la Asociaci\u00f3n Haciendo Sed Burgos.<\/p>\n\n\n\n<p>La Asociaci\u00f3n Haciendo Sed Burgos valor\u00f3 muy positivamente la recaudaci\u00f3n, que super\u00f3 los 6.000 \u20ac a favor de la asociaci\u00f3n Berbiqui, gracias al apoyo de Fundaci\u00f3n La Caixa, a trav\u00e9s de Caixabank. Berbiqui se constituy\u00f3 hace ya un lustro (durante la pandemia) y, desde entonces, mantiene su apuesta por valores como la amistad, el deporte y la solidaridad mediante la organizaci\u00f3n de eventos deportivos. En este periodo ha recaudado m\u00e1s de 34.000 \u20ac desde 2022.<\/p>\n","protected":false},"excerpt":{"rendered":"<p>Se impusieron en la modalidad Experienced (23 kil\u00f3metros), mientras que Estefan\u00eda Fern\u00e1ndez y Aimar Larrea lo hicieron en el Trail Classic (14 kil\u00f3metros) (Fotograf\u00eda: @deladelaiglesia) Marian Tor\u00edo, en su debut en el Trail Run Haciendo Sed, y V\u00edctor Illera, ganador por tercera vez, se impusieron en la prueba larga (23 kil\u00f3metros) de la quinta edici\u00f3n [&hellip;]<\/p>\n","protected":false},"author":10,"featured_media":152124,"comment_status":"closed","ping_status":"closed","sticky":false,"template":"","format":"standard","meta":{"_monsterinsights_skip_tracking":false,"_monsterinsights_sitenote_active":false,"_monsterinsights_sitenote_note":"","_monsterinsights_sitenote_category":0,"footnotes":""},"categories":[24,15],"tags":[1553,2299,266,2739,2741],"class_list":{"0":"post-152123","1":"post","2":"type-post","3":"status-publish","4":"format-standard","5":"has-post-thumbnail","7":"category-atletismo","8":"category-otros","9":"tag-actualidad-2","10":"tag-haciendosedburgos","11":"tag-idjburgos","12":"tag-trailrun","13":"tag-trailrunhaciendosedburgos"},"views":106,"_links":{"self":[{"href":"https:\/\/www.burgosdeporte.com\/index.php?rest_route=\/wp\/v2\/posts\/152123","targetHints":{"allow":["GET"]}}],"collection":[{"href":"https:\/\/www.burgosdeporte.com\/index.php?rest_route=\/wp\/v2\/posts"}],"about":[{"href":"https:\/\/www.burgosdeporte.com\/index.php?rest_route=\/wp\/v2\/types\/post"}],"author":[{"embeddable":true,"href":"https:\/\/www.burgosdeporte.com\/index.php?rest_route=\/wp\/v2\/users\/10"}],"replies":[{"embeddable":true,"href":"https:\/\/www.burgosdeporte.com\/index.php?rest_route=%2Fwp%2Fv2%2Fcomments&post=152123"}],"version-history":[{"count":1,"href":"https:\/\/www.burgosdeporte.com\/index.php?rest_route=\/wp\/v2\/posts\/152123\/revisions"}],"predecessor-version":[{"id":152125,"href":"https:\/\/www.burgosdeporte.com\/index.php?rest_route=\/wp\/v2\/posts\/152123\/revisions\/152125"}],"wp:featuredmedia":[{"embeddable":true,"href":"https:\/\/www.burgosdeporte.com\/index.php?rest_route=\/wp\/v2\/media\/152124"}],"wp:attachment":[{"href":"https:\/\/www.burgosdeporte.com\/index.php?rest_route=%2Fwp%2Fv2%2Fmedia&parent=152123"}],"wp:term":[{"taxonomy":"category","embeddable":true,"href":"https:\/\/www.burgosdeporte.com\/index.php?rest_route=%2Fwp%2Fv2%2Fcategories&post=152123"},{"taxonomy":"post_tag","embeddable":true,"href":"https:\/\/www.burgosdeporte.com\/index.php?rest_route=%2Fwp%2Fv2%2Ftags&post=152123"}],"curies":[{"name":"wp","href":"https:\/\/api.w.org\/{rel}","templated":true}]}}