{"id":151941,"date":"2026-03-13T18:14:04","date_gmt":"2026-03-13T16:14:04","guid":{"rendered":"https:\/\/www.burgosdeporte.com\/?p=151941"},"modified":"2026-03-14T02:31:00","modified_gmt":"2026-03-14T00:31:00","slug":"si-queremos-estar-arriba-vamos-a-tener-que-fallar-muy-poco","status":"publish","type":"post","link":"https:\/\/www.burgosdeporte.com\/?p=151941","title":{"rendered":"\u201cSi queremos estar arriba, vamos a tener que fallar muy poco\u201d"},"content":{"rendered":"\n<p><strong><em>Ramis comparece en la rueda de prensa previa al Eibar-Burgos<\/em><\/strong><\/p>\n\n\n<div class=\"wp-block-image\">\n<figure class=\"aligncenter size-full\"><a href=\"https:\/\/www.cajaviva.es\/particulares\/servicio-nomina\" target=\"_blank\" rel=\" noreferrer noopener\"><img loading=\"lazy\" decoding=\"async\" width=\"300\" height=\"400\" src=\"https:\/\/www.burgosdeporte.com\/wp-content\/uploads\/2026\/01\/300X400NOMINA_enero26.jpg\" alt=\"\" class=\"wp-image-149406\" srcset=\"https:\/\/www.burgosdeporte.com\/wp-content\/uploads\/2026\/01\/300X400NOMINA_enero26.jpg 300w, https:\/\/www.burgosdeporte.com\/wp-content\/uploads\/2026\/01\/300X400NOMINA_enero26-225x300.jpg 225w, https:\/\/www.burgosdeporte.com\/wp-content\/uploads\/2026\/01\/300X400NOMINA_enero26-150x200.jpg 150w\" sizes=\"auto, (max-width: 300px) 100vw, 300px\" \/><\/a><\/figure>\n<\/div>\n\n\n<p>El entrenador del Burgos CF, Luis Miguel Ramis, ha atendido este viernes en rueda de prensa a los medios de comunicaci\u00f3n para analizar la visita de sus pupilos a la SD Eibar, en el encuentro que se disputar\u00e1 este domingo, desde las 18:30 horas, en Ipur\u00faa.<\/p>\n\n\n\n<p><strong>Trabajo de la semana tras el derbi. <\/strong>\u201cHemos trabajado bien durante la semana y tambi\u00e9n hemos podido descansar tras el derbi. Queda mucho y, a la vez, no queda tanto. Hay que gestionar tanto las cargas f\u00edsicas como mentales y entiendo que se est\u00e1 haciendo bien porque tenemos a toda la plantilla disponible. Quiero agradecer al cuerpo m\u00e9dico por su trabajo, que es lo que ha producido esta situaci\u00f3n, aunque creo que tambi\u00e9n tenemos algo de culpa nosotros\u201d.<\/p>\n\n\n\n<p><strong>Buen momento blanquinegro. <\/strong>\u201cLlegamos en un buen momento al partido, aunque ellos tambi\u00e9n. Nosotros hemos hecho buenos partidos fuera de casa, hemos sacado resultados importantes y queremos continuar en la misma l\u00ednea, sumando los m\u00e1ximos puntos posibles. Queremos demostrar que somos capaces de estar arriba y de ser un equipo protagonista y dominante de los partidos\u201d.<\/p>\n\n\n\n<p><strong>Seguir sumando. <\/strong>\u201cTodav\u00eda quedan 39 puntos, que son muchos, pero las jornadas corren como el agua y, si queremos estar arriba, vamos a tener que fallar muy poco. Es muy dif\u00edcil que los equipos de arriba no pierdan puntos, porque nos vamos a enfrentar entre nosotros. Tenemos que ser muy constantes e intensos para aprovechar el m\u00e1s m\u00ednimo tropiezo de los equipos que tenemos por delante en la clasificaci\u00f3n. Tenemos que seguir en la misma l\u00ednea de puntaje que llevamos o aumentarla, pero somos perfectamente capaces\u201d.<\/p>\n\n\n\n<p><strong>Valoraci\u00f3n de Appin y recuperaci\u00f3n de Fer Ni\u00f1o. <\/strong>\u201cAppin es un jugador que, por sus caracter\u00edsticas, pensamos que pod\u00eda aportarnos mucho en posiciones m\u00e1s avanzadas. Adem\u00e1s, la idea inicial que tuvimos en la base del centro del campo ha funcionado y se ha asentado. Kevin es un jugador muy r\u00e1pido, con buena lectura de jugadas ofensivas y con capacidad para aparecer desde segunda l\u00ednea y amenazar al espacio. No es un nueve t\u00edpico, es un delantero que aporta mucha movilidad y que tiene la capacidad de generar caos en las defensas rivales. Ha tenido problemas f\u00edsicos durante la temporada y viene de una lesi\u00f3n de larga duraci\u00f3n, pero poco a poco ha ido cogiendo ritmo de competici\u00f3n y entendiendo lo que le pedimos en el campo y, a base de trabajo, se ha ganado participar m\u00e1s y lo est\u00e1 agradeciendo el equipo. Ahora, hemos recuperado a Fer Ni\u00f1o, que es un jugador clave para nosotros cuando est\u00e1 a su mejor nivel, que es precisamente lo que queremos que alcancen todos los jugadores, porque ser\u00e1 la mejor forma de acercarnos a objetivos importantes\u201d.<\/p>\n\n\n\n<p><strong>Renovaci\u00f3n de Ferm\u00edn. <\/strong>\u201cFerm\u00edn se ha ganado su renovaci\u00f3n. Nosotros no regalamos nada y exigimos mucho y, si est\u00e1 en la situaci\u00f3n que est\u00e1, es porque se lo ha ganado. Tiene una gran mentalidad, aporta mucho trabajo y tiene calidad de sobra para estar en el primer equipo. Es una gran noticia para el club poder renovar a un jugador como Ferm\u00edn, que tiene un futuro prometedor por delante\u201d.<\/p>\n\n\n\n<p><strong>Progreso de la SD Eibar. <\/strong>\u201cLos resultados son claves para la confianza del equipo. Cuando la SD Eibar vino aqu\u00ed, ya se vio las intenciones del equipo en su juego, pero por peque\u00f1os matices no sacaban los resultados que buscaban. Ahora, se nota que se han soltado y por eso est\u00e1n encadenando buenos resultados y escalando en la clasificaci\u00f3n. Tienen una idea de juego muy clara y una buena estructura. Adem\u00e1s, maximizan su juego en casa, lo que los ha llevado a ser el mejor equipo como local. Tendremos que estar a un gran nivel para sacar un buen resultado\u201d.<\/p>\n\n\n\n<p><strong>Equipos similares. <\/strong>\u201cCreo que s\u00ed que somos equipos parecidos en ciertos aspectos. Compartimos caracter\u00edsticas e ideas, aunque cada uno con sus matices. Pero ambos tenemos equilibrio y una estructura clara\u201d.<\/p>\n","protected":false},"excerpt":{"rendered":"<p>Ramis comparece en la rueda de prensa previa al Eibar-Burgos El entrenador del Burgos CF, Luis Miguel Ramis, ha atendido este viernes en rueda de prensa a los medios de comunicaci\u00f3n para analizar la visita de sus pupilos a la SD Eibar, en el encuentro que se disputar\u00e1 este domingo, desde las 18:30 horas, en [&hellip;]<\/p>\n","protected":false},"author":10,"featured_media":151942,"comment_status":"closed","ping_status":"closed","sticky":false,"template":"","format":"standard","meta":{"_monsterinsights_skip_tracking":false,"_monsterinsights_sitenote_active":false,"_monsterinsights_sitenote_note":"","_monsterinsights_sitenote_category":0,"footnotes":""},"categories":[4],"tags":[29,1552,32,2212,350],"class_list":{"0":"post-151941","1":"post","2":"type-post","3":"status-publish","4":"format-standard","5":"has-post-thumbnail","7":"category-futbol","8":"tag-burgoscf","9":"tag-destacadas","10":"tag-futbol","11":"tag-ramis","12":"tag-sdeibar"},"views":54,"_links":{"self":[{"href":"https:\/\/www.burgosdeporte.com\/index.php?rest_route=\/wp\/v2\/posts\/151941","targetHints":{"allow":["GET"]}}],"collection":[{"href":"https:\/\/www.burgosdeporte.com\/index.php?rest_route=\/wp\/v2\/posts"}],"about":[{"href":"https:\/\/www.burgosdeporte.com\/index.php?rest_route=\/wp\/v2\/types\/post"}],"author":[{"embeddable":true,"href":"https:\/\/www.burgosdeporte.com\/index.php?rest_route=\/wp\/v2\/users\/10"}],"replies":[{"embeddable":true,"href":"https:\/\/www.burgosdeporte.com\/index.php?rest_route=%2Fwp%2Fv2%2Fcomments&post=151941"}],"version-history":[{"count":1,"href":"https:\/\/www.burgosdeporte.com\/index.php?rest_route=\/wp\/v2\/posts\/151941\/revisions"}],"predecessor-version":[{"id":151943,"href":"https:\/\/www.burgosdeporte.com\/index.php?rest_route=\/wp\/v2\/posts\/151941\/revisions\/151943"}],"wp:featuredmedia":[{"embeddable":true,"href":"https:\/\/www.burgosdeporte.com\/index.php?rest_route=\/wp\/v2\/media\/151942"}],"wp:attachment":[{"href":"https:\/\/www.burgosdeporte.com\/index.php?rest_route=%2Fwp%2Fv2%2Fmedia&parent=151941"}],"wp:term":[{"taxonomy":"category","embeddable":true,"href":"https:\/\/www.burgosdeporte.com\/index.php?rest_route=%2Fwp%2Fv2%2Fcategories&post=151941"},{"taxonomy":"post_tag","embeddable":true,"href":"https:\/\/www.burgosdeporte.com\/index.php?rest_route=%2Fwp%2Fv2%2Ftags&post=151941"}],"curies":[{"name":"wp","href":"https:\/\/api.w.org\/{rel}","templated":true}]}}