{"id":151928,"date":"2026-03-13T00:39:38","date_gmt":"2026-03-12T22:39:38","guid":{"rendered":"https:\/\/www.burgosdeporte.com\/?p=151928"},"modified":"2026-03-13T18:16:45","modified_gmt":"2026-03-13T16:16:45","slug":"fermin-garcia-renovado-con-el-burgos-cf-hasta-2029","status":"publish","type":"post","link":"https:\/\/www.burgosdeporte.com\/?p=151928","title":{"rendered":"Ferm\u00edn Garc\u00eda, renovado con el Burgos CF hasta 2029"},"content":{"rendered":"\n<h2 class=\"wp-block-heading\">La renovaci\u00f3n supone una nueva apuesta de futuro del conjunto blanquinegro con un jugador con mucha proyecci\u00f3n que ya ha demostrado sus cualidades como mediapunta con el primer equipo.  <\/h2>\n\n\n<div class=\"wp-block-image\">\n<figure class=\"aligncenter size-full\"><img loading=\"lazy\" decoding=\"async\" width=\"300\" height=\"250\" src=\"https:\/\/www.burgosdeporte.com\/wp-content\/uploads\/2026\/03\/Nissan0TAE_hasta16marzo2026.jpg\" alt=\"\" class=\"wp-image-151579\" srcset=\"https:\/\/www.burgosdeporte.com\/wp-content\/uploads\/2026\/03\/Nissan0TAE_hasta16marzo2026.jpg 300w, https:\/\/www.burgosdeporte.com\/wp-content\/uploads\/2026\/03\/Nissan0TAE_hasta16marzo2026-150x125.jpg 150w\" sizes=\"auto, (max-width: 300px) 100vw, 300px\" \/><\/figure>\n<\/div>\n\n\n<p>Nueva renovaci\u00f3n de futuro en el Burgos CF . Se trata de Ferm\u00edn Garc\u00eda que ha sido renovado hasta 2029. El prometedor mediapunta navarro firma con el conjunto blanquinegro por tres temporadas m\u00e1s. Con esta renovaci\u00f3n el club intenta asegurar la continuidad de un jugador joven, con mucha proyecci\u00f3n y que ha rendido con creces cuando Ramis le ha llamado a filas en LaLiga HyperMotion y en la Copa del Rey. <\/p>\n\n\n\n<p><strong> TRAYECTORIA<\/strong><\/p>\n\n\n\n<p>Ferm\u00edn lleg\u00f3 al Burgos CF la temporada pasada para reforzar al filial burgal\u00e9s procedente del Valle de Eg\u00fc\u00e9s y logr\u00f3 el meritorio ascenso de 3\u00aa RFEF a 2\u00aa RFEF bajo las \u00f3rdenes de \u00c1lex Alb\u00edstegui.<\/p>\n\n\n\n<p>El rendimiento del jugador de Txantrea no pas\u00f3 desapercibido para un Ramis que ha contado con \u00e9l desde el inicio de la pretemporada 2025\/2026. <\/p>\n\n\n\n<p>El mediapunta se gan\u00f3 minutos en varios amistosos a base de trabajo y se convirti\u00f3 en un fijo del t\u00e9cnico tarraconense en las convocatorias de competici\u00f3n oficial, llegando a debutar ante el Granada CF en la jornada 6, partido en el que asisti\u00f3 a Grego Sierra para conseguir el tanto del empate definitivo (1-1). Desde ese momento, Ferm\u00edn ha disputado un total de 566 minutos repartidos en 18 encuentros, siendo titular en los cuatro partidos de Copa del Rey y aportando dos asistencias.<\/p>\n\n\n\n<p>Ahora, Ferm\u00edn buscar\u00e1 sumar m\u00e1s minutos en el primer equipo y demostrar en el f\u00fatbol profesional la calidad y el trabajo que le ha llevado hasta este momento. <\/p>\n","protected":false},"excerpt":{"rendered":"<p>La renovaci\u00f3n supone una nueva apuesta de futuro del conjunto blanquinegro con un jugador con mucha proyecci\u00f3n que ya ha demostrado sus cualidades como mediapunta con el primer equipo. Nueva renovaci\u00f3n de futuro en el Burgos CF . Se trata de Ferm\u00edn Garc\u00eda que ha sido renovado hasta 2029. El prometedor mediapunta navarro firma con [&hellip;]<\/p>\n","protected":false},"author":10,"featured_media":151929,"comment_status":"closed","ping_status":"closed","sticky":false,"template":"","format":"standard","meta":{"_monsterinsights_skip_tracking":false,"_monsterinsights_sitenote_active":false,"_monsterinsights_sitenote_note":"","_monsterinsights_sitenote_category":0,"footnotes":""},"categories":[4],"tags":[1553,29,2076],"class_list":{"0":"post-151928","1":"post","2":"type-post","3":"status-publish","4":"format-standard","5":"has-post-thumbnail","7":"category-futbol","8":"tag-actualidad-2","9":"tag-burgoscf","10":"tag-fermingarcia"},"views":54,"_links":{"self":[{"href":"https:\/\/www.burgosdeporte.com\/index.php?rest_route=\/wp\/v2\/posts\/151928","targetHints":{"allow":["GET"]}}],"collection":[{"href":"https:\/\/www.burgosdeporte.com\/index.php?rest_route=\/wp\/v2\/posts"}],"about":[{"href":"https:\/\/www.burgosdeporte.com\/index.php?rest_route=\/wp\/v2\/types\/post"}],"author":[{"embeddable":true,"href":"https:\/\/www.burgosdeporte.com\/index.php?rest_route=\/wp\/v2\/users\/10"}],"replies":[{"embeddable":true,"href":"https:\/\/www.burgosdeporte.com\/index.php?rest_route=%2Fwp%2Fv2%2Fcomments&post=151928"}],"version-history":[{"count":1,"href":"https:\/\/www.burgosdeporte.com\/index.php?rest_route=\/wp\/v2\/posts\/151928\/revisions"}],"predecessor-version":[{"id":151930,"href":"https:\/\/www.burgosdeporte.com\/index.php?rest_route=\/wp\/v2\/posts\/151928\/revisions\/151930"}],"wp:featuredmedia":[{"embeddable":true,"href":"https:\/\/www.burgosdeporte.com\/index.php?rest_route=\/wp\/v2\/media\/151929"}],"wp:attachment":[{"href":"https:\/\/www.burgosdeporte.com\/index.php?rest_route=%2Fwp%2Fv2%2Fmedia&parent=151928"}],"wp:term":[{"taxonomy":"category","embeddable":true,"href":"https:\/\/www.burgosdeporte.com\/index.php?rest_route=%2Fwp%2Fv2%2Fcategories&post=151928"},{"taxonomy":"post_tag","embeddable":true,"href":"https:\/\/www.burgosdeporte.com\/index.php?rest_route=%2Fwp%2Fv2%2Ftags&post=151928"}],"curies":[{"name":"wp","href":"https:\/\/api.w.org\/{rel}","templated":true}]}}