{"id":151925,"date":"2026-03-12T15:49:44","date_gmt":"2026-03-12T13:49:44","guid":{"rendered":"https:\/\/www.burgosdeporte.com\/?p=151925"},"modified":"2026-03-13T18:16:59","modified_gmt":"2026-03-13T16:16:59","slug":"el-san-pablo-burgos-organiza-reserva-de-entradas-y-de-viaje-para-zaragoza","status":"publish","type":"post","link":"https:\/\/www.burgosdeporte.com\/?p=151925","title":{"rendered":"El San Pablo Burgos organiza reserva de entradas y de viaje para Zaragoza"},"content":{"rendered":"\n<p><strong><em>El equipo burgal\u00e9s afronta un encuentro clave por la permanencia la pr\u00f3xima semana en el Pabell\u00f3n Pr\u00edncipe Felipe<\/em><\/strong><\/p>\n\n\n\n<p class=\"has-text-align-right\">(<em>Fotograf\u00eda: SPB\/Cintia Cort\u00e9s<\/em>)<\/p>\n\n\n<div class=\"wp-block-image\">\n<figure class=\"aligncenter size-full\"><a href=\"https:\/\/red.nissan.es\/ibermotor\/nissan\/tae-nissan?utm_source=burgosdeporte&amp;utm_medium=banner&amp;utm_campaign=burgosdeporte_nissa0tae_marzo26\" target=\"_blank\" rel=\" noreferrer noopener\"><img loading=\"lazy\" decoding=\"async\" width=\"300\" height=\"250\" src=\"https:\/\/www.burgosdeporte.com\/wp-content\/uploads\/2026\/03\/Nissan0TAE_hasta16marzo2026.jpg\" alt=\"\" class=\"wp-image-151579\" srcset=\"https:\/\/www.burgosdeporte.com\/wp-content\/uploads\/2026\/03\/Nissan0TAE_hasta16marzo2026.jpg 300w, https:\/\/www.burgosdeporte.com\/wp-content\/uploads\/2026\/03\/Nissan0TAE_hasta16marzo2026-150x125.jpg 150w\" sizes=\"auto, (max-width: 300px) 100vw, 300px\" \/><\/a><\/figure>\n<\/div>\n\n\n<p>El Recoletas Salud San Pablo Burgos visitar\u00e1 a Casademont Zaragoza, el s\u00e1bado 21 de marzo, a partir de las 21:00 horas, en el Pabell\u00f3n Pr\u00edncipe Felipe, en un partido que se antoja clave en la consecuci\u00f3n de la permanencia en Liga Endesa. El equipo de Porfi Fisac quiere tener a su lado el \u00e1nimo de la afici\u00f3n burgalesa en busca del triunfo, para lo que el club organiza reserva de entradas y viaje en autob\u00fas a la capital aragonesa.<\/p>\n\n\n\n<p><strong>Entradas a precio \u00fanico, con reserva en la oficina<\/strong><\/p>\n\n\n\n<p>Las entradas para el encuentro de la vigesimotercera jornada de acb estar\u00e1n disponibles al siguiente precio:<\/p>\n\n\n\n<ul class=\"wp-block-list\">\n<li>25 euros \u2013 Precio \u00fanico.<\/li>\n<\/ul>\n\n\n\n<p><em>*Los ni\u00f1os de 7 o m\u00e1s a\u00f1os deben obtener una entrada de adulto.<\/em><\/p>\n\n\n\n<p><em>*Los ni\u00f1os de 3 a 6 a\u00f1os deben obtener una peque entrada por 5 euros en taquilla.<\/em><\/p>\n\n\n\n<p><em>*Los ni\u00f1os hasta 2 a\u00f1os, incluidos, deben obtener una peque entrada gratuita en taquilla<\/em>.<\/p>\n\n\n\n<p>La reserva de tickets se realizar\u00e1 en la oficina del San Pablo Burgos (avenida de la Paz, 7, Bajo, Planta -1), desde este viernes 13 de marzo, a las 12:00 horas, y hasta el jueves 19 de marzo, a las 19:00 horas. El horario de apertura ser\u00e1 el habitual, de 10:00 a 14:00 horas y de 16:00 a 19:00 horas.<\/p>\n\n\n\n<p><strong>Viaje en autob\u00fas a Zaragoza<\/strong><\/p>\n\n\n\n<p>Para facilitar el desplazamiento de la afici\u00f3n burgalesa al Pabell\u00f3n Pr\u00edncipe Felipe, el San Pablo Burgos pondr\u00e1 a su disposici\u00f3n viaje en autob\u00fas a Zaragoza. El precio de ida y vuelta ser\u00e1 de 35 euros y estar\u00e1 sujeto a que se complete un m\u00ednimo de 40 plazas.<\/p>\n\n\n\n<p>El horario de salida del autob\u00fas ser\u00e1 el s\u00e1bado 21 de marzo, a las 10:30 horas, desde el Coliseum, y el regreso a Burgos se realizar\u00e1 desde el pabell\u00f3n zaragozano a la finalizaci\u00f3n del encuentro. La reserva del viaje podr\u00e1 completarse igualmente en la oficina del club burgal\u00e9s.<\/p>\n","protected":false},"excerpt":{"rendered":"<p>El equipo burgal\u00e9s afronta un encuentro clave por la permanencia la pr\u00f3xima semana en el Pabell\u00f3n Pr\u00edncipe Felipe (Fotograf\u00eda: SPB\/Cintia Cort\u00e9s) El Recoletas Salud San Pablo Burgos visitar\u00e1 a Casademont Zaragoza, el s\u00e1bado 21 de marzo, a partir de las 21:00 horas, en el Pabell\u00f3n Pr\u00edncipe Felipe, en un partido que se antoja clave en [&hellip;]<\/p>\n","protected":false},"author":10,"featured_media":151926,"comment_status":"closed","ping_status":"closed","sticky":false,"template":"","format":"standard","meta":{"_monsterinsights_skip_tracking":false,"_monsterinsights_sitenote_active":false,"_monsterinsights_sitenote_note":"","_monsterinsights_sitenote_category":0,"footnotes":""},"categories":[5],"tags":[1553,6,153,9,340],"class_list":{"0":"post-151925","1":"post","2":"type-post","3":"status-publish","4":"format-standard","5":"has-post-thumbnail","7":"category-baloncesto","8":"tag-actualidad-2","9":"tag-baloncesto","10":"tag-entradas","11":"tag-sanpabloburgos","12":"tag-viaje"},"views":56,"_links":{"self":[{"href":"https:\/\/www.burgosdeporte.com\/index.php?rest_route=\/wp\/v2\/posts\/151925","targetHints":{"allow":["GET"]}}],"collection":[{"href":"https:\/\/www.burgosdeporte.com\/index.php?rest_route=\/wp\/v2\/posts"}],"about":[{"href":"https:\/\/www.burgosdeporte.com\/index.php?rest_route=\/wp\/v2\/types\/post"}],"author":[{"embeddable":true,"href":"https:\/\/www.burgosdeporte.com\/index.php?rest_route=\/wp\/v2\/users\/10"}],"replies":[{"embeddable":true,"href":"https:\/\/www.burgosdeporte.com\/index.php?rest_route=%2Fwp%2Fv2%2Fcomments&post=151925"}],"version-history":[{"count":1,"href":"https:\/\/www.burgosdeporte.com\/index.php?rest_route=\/wp\/v2\/posts\/151925\/revisions"}],"predecessor-version":[{"id":151927,"href":"https:\/\/www.burgosdeporte.com\/index.php?rest_route=\/wp\/v2\/posts\/151925\/revisions\/151927"}],"wp:featuredmedia":[{"embeddable":true,"href":"https:\/\/www.burgosdeporte.com\/index.php?rest_route=\/wp\/v2\/media\/151926"}],"wp:attachment":[{"href":"https:\/\/www.burgosdeporte.com\/index.php?rest_route=%2Fwp%2Fv2%2Fmedia&parent=151925"}],"wp:term":[{"taxonomy":"category","embeddable":true,"href":"https:\/\/www.burgosdeporte.com\/index.php?rest_route=%2Fwp%2Fv2%2Fcategories&post=151925"},{"taxonomy":"post_tag","embeddable":true,"href":"https:\/\/www.burgosdeporte.com\/index.php?rest_route=%2Fwp%2Fv2%2Ftags&post=151925"}],"curies":[{"name":"wp","href":"https:\/\/api.w.org\/{rel}","templated":true}]}}