{"id":151918,"date":"2026-03-12T18:05:15","date_gmt":"2026-03-12T16:05:15","guid":{"rendered":"https:\/\/www.burgosdeporte.com\/?p=151918"},"modified":"2026-03-13T18:36:51","modified_gmt":"2026-03-13T16:36:51","slug":"en-marcha-las-xxviii-jornadas-del-deporte-burgales-y-la-gala-2026","status":"publish","type":"post","link":"https:\/\/www.burgosdeporte.com\/?p=151918","title":{"rendered":"En marcha las XXVIII Jornadas del Deporte Burgal\u00e9s y la Gala 2026"},"content":{"rendered":"\n<p class=\"has-text-align-right\">(<em>Fotograf\u00edas: APDB\/\u00d3scar Corcuera<\/em>)<\/p>\n\n\n<div class=\"wp-block-image\">\n<figure class=\"aligncenter size-full is-resized\"><a href=\"https:\/\/www.tandemgyd.com\/\" target=\"_blank\" rel=\" noreferrer noopener\"><img loading=\"lazy\" decoding=\"async\" width=\"750\" height=\"265\" src=\"https:\/\/www.burgosdeporte.com\/wp-content\/uploads\/2025\/09\/tandem750x265.fw_.png\" alt=\"\" class=\"wp-image-144121\" style=\"aspect-ratio:2.8302401385284846;width:379px;height:auto\" srcset=\"https:\/\/www.burgosdeporte.com\/wp-content\/uploads\/2025\/09\/tandem750x265.fw_.png 750w, https:\/\/www.burgosdeporte.com\/wp-content\/uploads\/2025\/09\/tandem750x265.fw_-300x106.png 300w, https:\/\/www.burgosdeporte.com\/wp-content\/uploads\/2025\/09\/tandem750x265.fw_-150x53.png 150w, https:\/\/www.burgosdeporte.com\/wp-content\/uploads\/2025\/09\/tandem750x265.fw_-696x246.png 696w\" sizes=\"auto, (max-width: 750px) 100vw, 750px\" \/><\/a><\/figure>\n<\/div>\n\n\n<p>La Gala del Deporte Burgal\u00e9s ya tiene fecha para este a\u00f1o. Ser\u00e1 el jueves 9 de abril a las 20,00 h. en el Teatro Principal de la capital burgalesa. Adem\u00e1s, del 18 de marzo al 10 de abril se desarrollar\u00e1n las XXVIII Jornadas del Deporte Burgal\u00e9s. Ambos eventos est\u00e1n organizados por la Asociaci\u00f3n de la Prensa Deportiva de Burgos en colaboraci\u00f3n con la Junta de Castilla y Le\u00f3n, Ayuntamiento de Burgos y Diputaci\u00f3n burgalesa.<\/p>\n\n\n\n<p>La presentaci\u00f3n de las actividades tuvo lugar en la Sala de Prensa del Ayuntamiento de Burgos con presencia de la concejala de Deportes, Carolina \u00c1lvarez, el presidente del Instituto para el Deporte y la Juventud de la Diputaci\u00f3n, \u00c1ngel Carret\u00f3n, as\u00ed como el presidente de la Asociaci\u00f3n de la Prensa Deportiva de Burgos, Rom\u00e1n Romero, y el secretario de la misma, Antonio Alonso.<\/p>\n\n\n\n<p><strong>UNAS JORNADAS DEL DEPORTE MUY PARTICIPADAS<\/strong><\/p>\n\n\n\n<figure class=\"wp-block-image size-large\"><img loading=\"lazy\" decoding=\"async\" width=\"1024\" height=\"683\" src=\"https:\/\/www.burgosdeporte.com\/wp-content\/uploads\/2026\/03\/Presentacion-XXVIII-Jornadas-del-Deporte-Burgales-Foto-APDB-Oscar-Corcuera-2-1024x683.jpeg\" alt=\"\" class=\"wp-image-151920\" srcset=\"https:\/\/www.burgosdeporte.com\/wp-content\/uploads\/2026\/03\/Presentacion-XXVIII-Jornadas-del-Deporte-Burgales-Foto-APDB-Oscar-Corcuera-2-1024x683.jpeg 1024w, https:\/\/www.burgosdeporte.com\/wp-content\/uploads\/2026\/03\/Presentacion-XXVIII-Jornadas-del-Deporte-Burgales-Foto-APDB-Oscar-Corcuera-2-300x200.jpeg 300w, https:\/\/www.burgosdeporte.com\/wp-content\/uploads\/2026\/03\/Presentacion-XXVIII-Jornadas-del-Deporte-Burgales-Foto-APDB-Oscar-Corcuera-2-768x512.jpeg 768w, https:\/\/www.burgosdeporte.com\/wp-content\/uploads\/2026\/03\/Presentacion-XXVIII-Jornadas-del-Deporte-Burgales-Foto-APDB-Oscar-Corcuera-2-150x100.jpeg 150w, https:\/\/www.burgosdeporte.com\/wp-content\/uploads\/2026\/03\/Presentacion-XXVIII-Jornadas-del-Deporte-Burgales-Foto-APDB-Oscar-Corcuera-2-696x464.jpeg 696w, https:\/\/www.burgosdeporte.com\/wp-content\/uploads\/2026\/03\/Presentacion-XXVIII-Jornadas-del-Deporte-Burgales-Foto-APDB-Oscar-Corcuera-2-1068x712.jpeg 1068w, https:\/\/www.burgosdeporte.com\/wp-content\/uploads\/2026\/03\/Presentacion-XXVIII-Jornadas-del-Deporte-Burgales-Foto-APDB-Oscar-Corcuera-2.jpeg 1200w\" sizes=\"auto, (max-width: 1024px) 100vw, 1024px\" \/><figcaption class=\"wp-element-caption\">Las Jornadas del Deporte Burgal\u00e9s acercar\u00e1n a los deportistas a los centros escolares. (Fotograf\u00eda: APDB\/\u00d3scar Corcuera)<\/figcaption><\/figure>\n\n\n\n<p>Un a\u00f1o m\u00e1s las Jornadas del Deporte Burgal\u00e9s tendr\u00e1n como protagonistas los centros escolares, alumnos, profesores y deportistas de diversos clubes que colaboran en su desarrollo. No faltar\u00e1n a la cita el tenis de mesa, esgrima, deportes aut\u00f3ctonos, lucha, rugby, baloncesto y f\u00fatbol, as\u00ed como una conferencia y mesa redonda en la Universidad sobre la Ley del Deporte 2022 a cargo de Santiago Bello, catedr\u00e1tico de Derecho Administrativo de la Universidad de Burgos.<\/p>\n\n\n\n<p><strong>GALA DEL DEPORTE<\/strong><\/p>\n\n\n\n<figure class=\"wp-block-image size-large\"><img loading=\"lazy\" decoding=\"async\" width=\"1024\" height=\"683\" src=\"https:\/\/www.burgosdeporte.com\/wp-content\/uploads\/2026\/03\/Presentacion-XXVIII-Jornadas-del-Deporte-Burgales-Foto-APDB-Oscar-Corcuera-10-1024x683.jpeg\" alt=\"\" class=\"wp-image-151921\" srcset=\"https:\/\/www.burgosdeporte.com\/wp-content\/uploads\/2026\/03\/Presentacion-XXVIII-Jornadas-del-Deporte-Burgales-Foto-APDB-Oscar-Corcuera-10-1024x683.jpeg 1024w, https:\/\/www.burgosdeporte.com\/wp-content\/uploads\/2026\/03\/Presentacion-XXVIII-Jornadas-del-Deporte-Burgales-Foto-APDB-Oscar-Corcuera-10-300x200.jpeg 300w, https:\/\/www.burgosdeporte.com\/wp-content\/uploads\/2026\/03\/Presentacion-XXVIII-Jornadas-del-Deporte-Burgales-Foto-APDB-Oscar-Corcuera-10-768x512.jpeg 768w, https:\/\/www.burgosdeporte.com\/wp-content\/uploads\/2026\/03\/Presentacion-XXVIII-Jornadas-del-Deporte-Burgales-Foto-APDB-Oscar-Corcuera-10-150x100.jpeg 150w, https:\/\/www.burgosdeporte.com\/wp-content\/uploads\/2026\/03\/Presentacion-XXVIII-Jornadas-del-Deporte-Burgales-Foto-APDB-Oscar-Corcuera-10-696x464.jpeg 696w, https:\/\/www.burgosdeporte.com\/wp-content\/uploads\/2026\/03\/Presentacion-XXVIII-Jornadas-del-Deporte-Burgales-Foto-APDB-Oscar-Corcuera-10-1068x712.jpeg 1068w, https:\/\/www.burgosdeporte.com\/wp-content\/uploads\/2026\/03\/Presentacion-XXVIII-Jornadas-del-Deporte-Burgales-Foto-APDB-Oscar-Corcuera-10.jpeg 1200w\" sizes=\"auto, (max-width: 1024px) 100vw, 1024px\" \/><figcaption class=\"wp-element-caption\">Las actividades han sido presentadas este jueves en rueda de prensa. (Fotograf\u00eda: APDB\/\u00d3scar Corcuera)<\/figcaption><\/figure>\n\n\n\n<p>El colof\u00f3n a todas las actividades lo pondr\u00e1 el jueves 9 de abril la Gala del Deporte Burgal\u00e9s, que elegir\u00e1 a los mejores deportistas destacados durante el pasado a\u00f1o 2025. Entre los nominados destacan algunos muy conocidos como Daniel Berzosa, Pablo Acha, David Gonz\u00e1lez o Marta Fern\u00e1ndez.<\/p>\n\n\n\n<p>El Jurado estar\u00e1 compuesto por representantes de la Junta, el Ayuntamiento, la Diputaci\u00f3n y la Prensa Deportiva.<\/p>\n\n\n\n<p>Las invitaciones para la asistencia a esta Gala podr\u00e1n retirarse en el Servicio de Deportes de la Junta de Castilla y Le\u00f3n en Burgos, en los d\u00edas previos a la misma.<\/p>\n","protected":false},"excerpt":{"rendered":"<p>(Fotograf\u00edas: APDB\/\u00d3scar Corcuera) La Gala del Deporte Burgal\u00e9s ya tiene fecha para este a\u00f1o. Ser\u00e1 el jueves 9 de abril a las 20,00 h. en el Teatro Principal de la capital burgalesa. Adem\u00e1s, del 18 de marzo al 10 de abril se desarrollar\u00e1n las XXVIII Jornadas del Deporte Burgal\u00e9s. Ambos eventos est\u00e1n organizados por la [&hellip;]<\/p>\n","protected":false},"author":3,"featured_media":151919,"comment_status":"closed","ping_status":"closed","sticky":false,"template":"","format":"standard","meta":{"_monsterinsights_skip_tracking":false,"_monsterinsights_sitenote_active":false,"_monsterinsights_sitenote_note":"","_monsterinsights_sitenote_category":0,"footnotes":""},"categories":[60,15],"tags":[1553,398,320,1846],"class_list":{"0":"post-151918","1":"post","2":"type-post","3":"status-publish","4":"format-standard","5":"has-post-thumbnail","7":"category-varios","8":"category-otros","9":"tag-actualidad-2","10":"tag-apdburgos","11":"tag-galadeldeporteburgales","12":"tag-jornadasdeldeporteburgales-2"},"views":199,"_links":{"self":[{"href":"https:\/\/www.burgosdeporte.com\/index.php?rest_route=\/wp\/v2\/posts\/151918","targetHints":{"allow":["GET"]}}],"collection":[{"href":"https:\/\/www.burgosdeporte.com\/index.php?rest_route=\/wp\/v2\/posts"}],"about":[{"href":"https:\/\/www.burgosdeporte.com\/index.php?rest_route=\/wp\/v2\/types\/post"}],"author":[{"embeddable":true,"href":"https:\/\/www.burgosdeporte.com\/index.php?rest_route=\/wp\/v2\/users\/3"}],"replies":[{"embeddable":true,"href":"https:\/\/www.burgosdeporte.com\/index.php?rest_route=%2Fwp%2Fv2%2Fcomments&post=151918"}],"version-history":[{"count":2,"href":"https:\/\/www.burgosdeporte.com\/index.php?rest_route=\/wp\/v2\/posts\/151918\/revisions"}],"predecessor-version":[{"id":151923,"href":"https:\/\/www.burgosdeporte.com\/index.php?rest_route=\/wp\/v2\/posts\/151918\/revisions\/151923"}],"wp:featuredmedia":[{"embeddable":true,"href":"https:\/\/www.burgosdeporte.com\/index.php?rest_route=\/wp\/v2\/media\/151919"}],"wp:attachment":[{"href":"https:\/\/www.burgosdeporte.com\/index.php?rest_route=%2Fwp%2Fv2%2Fmedia&parent=151918"}],"wp:term":[{"taxonomy":"category","embeddable":true,"href":"https:\/\/www.burgosdeporte.com\/index.php?rest_route=%2Fwp%2Fv2%2Fcategories&post=151918"},{"taxonomy":"post_tag","embeddable":true,"href":"https:\/\/www.burgosdeporte.com\/index.php?rest_route=%2Fwp%2Fv2%2Ftags&post=151918"}],"curies":[{"name":"wp","href":"https:\/\/api.w.org\/{rel}","templated":true}]}}