{"id":151908,"date":"2026-03-12T15:02:38","date_gmt":"2026-03-12T13:02:38","guid":{"rendered":"https:\/\/www.burgosdeporte.com\/?p=151908"},"modified":"2026-03-13T18:17:16","modified_gmt":"2026-03-13T16:17:16","slug":"el-ubu-tpf-burgos-2031-recibe-este-viernes-al-hortitec-alzira","status":"publish","type":"post","link":"https:\/\/www.burgosdeporte.com\/?p=151908","title":{"rendered":"El UBU TPF Burgos 2031 recibe este viernes al Hortitec Alzira"},"content":{"rendered":"\n<p><strong><em>El equipo masculino afronta su jornada liguera, mientras el partido del UBU RM Ter\u00e1n se aplaza por la participaci\u00f3n internacional de sus jugadoras<\/em><\/strong><\/p>\n\n\n<div class=\"wp-block-image\">\n<figure class=\"aligncenter size-full is-resized\"><a href=\"https:\/\/www.ferroplas.com\/\" target=\"_blank\" rel=\" noreferrer noopener\"><img loading=\"lazy\" decoding=\"async\" width=\"900\" height=\"412\" src=\"https:\/\/www.burgosdeporte.com\/wp-content\/uploads\/2025\/05\/Ferroplas-1.jpg\" alt=\"\" class=\"wp-image-140430\" style=\"aspect-ratio:2.1844224680599615;width:319px;height:auto\" srcset=\"https:\/\/www.burgosdeporte.com\/wp-content\/uploads\/2025\/05\/Ferroplas-1.jpg 900w, https:\/\/www.burgosdeporte.com\/wp-content\/uploads\/2025\/05\/Ferroplas-1-300x137.jpg 300w, https:\/\/www.burgosdeporte.com\/wp-content\/uploads\/2025\/05\/Ferroplas-1-768x352.jpg 768w, https:\/\/www.burgosdeporte.com\/wp-content\/uploads\/2025\/05\/Ferroplas-1-150x69.jpg 150w, https:\/\/www.burgosdeporte.com\/wp-content\/uploads\/2025\/05\/Ferroplas-1-696x319.jpg 696w\" sizes=\"auto, (max-width: 900px) 100vw, 900px\" \/><\/a><\/figure>\n<\/div>\n\n\n<p>El UBU TPF Burgos 2031 afronta este viernes una nueva cita liguera, correspondiente a la jornada 16 de la competici\u00f3n, en la que se medir\u00e1 al conjunto valenciano Hortitec Alzira TT. El encuentro se disputar\u00e1 a partir de las 18:30 horas en la Sala de Tenis de Mesa de Burgos.<\/p>\n\n\n\n<p>El conjunto local buscar\u00e1 repetir el gran encuentro realizado hace dos semanas ante Pontevedra y sumar un nuevo resultado positivo ante su afici\u00f3n. Los burgaleses esperan mantener el buen nivel competitivo mostrado recientemente y aprovechar el factor cancha para seguir avanzando en la clasificaci\u00f3n.<\/p>\n\n\n\n<p><strong>Aplazado el partido del UBU RM Ter\u00e1n ante el l\u00edder Cartagena<\/strong><\/p>\n\n\n\n<p>Por otro lado, el partido correspondiente a la jornada 16 entre UCAM Cartagena TM y UBU RM Ter\u00e1n Burgos 2031 ha sido aplazado y se disputar\u00e1 finalmente el 30 de marzo, a las 11:30 horas, en la Sala Municipal de Tenis de Mesa \u2013 Anexo Pabell\u00f3n Cuatro Santos, en Cartagena.<\/p>\n\n\n\n<p>El cambio de fecha se debe a la participaci\u00f3n internacional de las jugadoras Mar\u00eda Berzosa y Mar\u00eda Xiao, convocadas para competir en el WTT de Croacia, lo que ha obligado a modificar el calendario del enfrentamiento.<\/p>\n","protected":false},"excerpt":{"rendered":"<p>El equipo masculino afronta su jornada liguera, mientras el partido del UBU RM Ter\u00e1n se aplaza por la participaci\u00f3n internacional de sus jugadoras El UBU TPF Burgos 2031 afronta este viernes una nueva cita liguera, correspondiente a la jornada 16 de la competici\u00f3n, en la que se medir\u00e1 al conjunto valenciano Hortitec Alzira TT. El [&hellip;]<\/p>\n","protected":false},"author":10,"featured_media":149870,"comment_status":"closed","ping_status":"closed","sticky":false,"template":"","format":"standard","meta":{"_monsterinsights_skip_tracking":false,"_monsterinsights_sitenote_active":false,"_monsterinsights_sitenote_note":"","_monsterinsights_sitenote_category":0,"footnotes":""},"categories":[97,15],"tags":[1553,96,98,100],"class_list":{"0":"post-151908","1":"post","2":"type-post","3":"status-publish","4":"format-standard","5":"has-post-thumbnail","7":"category-tenis-de-mesa","8":"category-otros","9":"tag-actualidad-2","10":"tag-burgostenisdemesa","11":"tag-tenisdemesa","12":"tag-ubutpf"},"views":42,"_links":{"self":[{"href":"https:\/\/www.burgosdeporte.com\/index.php?rest_route=\/wp\/v2\/posts\/151908","targetHints":{"allow":["GET"]}}],"collection":[{"href":"https:\/\/www.burgosdeporte.com\/index.php?rest_route=\/wp\/v2\/posts"}],"about":[{"href":"https:\/\/www.burgosdeporte.com\/index.php?rest_route=\/wp\/v2\/types\/post"}],"author":[{"embeddable":true,"href":"https:\/\/www.burgosdeporte.com\/index.php?rest_route=\/wp\/v2\/users\/10"}],"replies":[{"embeddable":true,"href":"https:\/\/www.burgosdeporte.com\/index.php?rest_route=%2Fwp%2Fv2%2Fcomments&post=151908"}],"version-history":[{"count":1,"href":"https:\/\/www.burgosdeporte.com\/index.php?rest_route=\/wp\/v2\/posts\/151908\/revisions"}],"predecessor-version":[{"id":151911,"href":"https:\/\/www.burgosdeporte.com\/index.php?rest_route=\/wp\/v2\/posts\/151908\/revisions\/151911"}],"wp:featuredmedia":[{"embeddable":true,"href":"https:\/\/www.burgosdeporte.com\/index.php?rest_route=\/wp\/v2\/media\/149870"}],"wp:attachment":[{"href":"https:\/\/www.burgosdeporte.com\/index.php?rest_route=%2Fwp%2Fv2%2Fmedia&parent=151908"}],"wp:term":[{"taxonomy":"category","embeddable":true,"href":"https:\/\/www.burgosdeporte.com\/index.php?rest_route=%2Fwp%2Fv2%2Fcategories&post=151908"},{"taxonomy":"post_tag","embeddable":true,"href":"https:\/\/www.burgosdeporte.com\/index.php?rest_route=%2Fwp%2Fv2%2Ftags&post=151908"}],"curies":[{"name":"wp","href":"https:\/\/api.w.org\/{rel}","templated":true}]}}