{"id":151898,"date":"2026-03-12T00:53:22","date_gmt":"2026-03-11T22:53:22","guid":{"rendered":"https:\/\/www.burgosdeporte.com\/?p=151898"},"modified":"2026-03-12T00:53:26","modified_gmt":"2026-03-11T22:53:26","slug":"la-escuela-profesional-de-danza-de-burgos-oferta-70-plazas-para-el-proximo-curso","status":"publish","type":"post","link":"https:\/\/www.burgosdeporte.com\/?p=151898","title":{"rendered":"La Escuela Profesional de Danza de Burgos oferta 70 plazas para el pr\u00f3ximo curso"},"content":{"rendered":"\n<p>La Junta de Castilla y Le\u00f3n ha establecido el plazo para inscribirse en las pruebas de acceso a las escuelas profesionales de Danza de la Comunidad de cara al pr\u00f3ximo curso. Las solicitudes podr\u00e1n presentarse entre el 9 de marzo y el 18 de mayo.<\/p>\n\n\n\n<p>Al igual que en ejercicios anteriores, se ofertan 140 plazas, repartidas entre los dos centros autorizados. En el centro de Burgos \u2018Ana Laguna\u2019 se ofrecen 70 plazas: 40 en el primer curso de Danza Elemental y 30 en Danza Profesional, distribuidas en 15 para Danza Cl\u00e1sica y otras 15 para Danza Contempor\u00e1nea. Las otras 70 plazas corresponden al centro de Valladolid, con 40 en ense\u00f1anzas elementales y, en las profesionales, 15 para Danza Cl\u00e1sica y 15 para Danza Espa\u00f1ola. Adem\u00e1s de estas plazas de nuevo ingreso, tambi\u00e9n se convocar\u00e1n las vacantes que puedan generarse en el resto de niveles.<\/p>\n\n\n\n<p>Los interesados en realizar las pruebas podr\u00e1n presentar su solicitud a trav\u00e9s de la sede electr\u00f3nica de la Administraci\u00f3n auton\u00f3mica o de forma presencial en los centros docentes que imparten estas titulaciones. A partir del 10 de junio se desarrollar\u00e1n las pruebas de acceso, cuyas fechas y partes ser\u00e1n concretadas por cada uno de los centros educativos.<\/p>\n\n\n\n<p>Para inscribirse en las pruebas de ense\u00f1anzas elementales de Danza, los aspirantes deber\u00e1n tener una edad m\u00ednima de 8 a\u00f1os cumplidos en 2026. En el caso de las ense\u00f1anzas profesionales \u2014los \u00fanicos centros autorizados en Castilla y Le\u00f3n para impartir estos estudios\u2014 no existe l\u00edmite de edad. Las bases de la convocatoria y los horarios est\u00e1n disponibles en los propios centros, en la p\u00e1gina web de la Fundaci\u00f3n Universidades y Ense\u00f1anzas Superiores de Castilla y Le\u00f3n (Fuescyl) y en el Portal de Educaci\u00f3n.<\/p>\n\n\n\n<p>Las escuelas profesionales de Danza de Castilla y Le\u00f3n ofertan estos estudios en la Comunidad desde el curso 2006-2007. Desde entonces, 331 estudiantes de danza profesional han egresado de estos centros y m\u00e1s de 800 de ense\u00f1anzas elementales han obtenido un diploma. En el presente curso est\u00e1n matriculados 436 alumnos, de los que 220 estudian en Burgos y 216 en Valladolid. Por niveles, 186 cursan ense\u00f1anzas elementales y 250 profesionales \u201472 en Contempor\u00e1neo, 121 en Cl\u00e1sico y 57 en Espa\u00f1ol.<\/p>\n","protected":false},"excerpt":{"rendered":"<p>La Junta de Castilla y Le\u00f3n ha establecido el plazo para inscribirse en las pruebas de acceso a las escuelas profesionales de Danza de la Comunidad de cara al pr\u00f3ximo curso. Las solicitudes podr\u00e1n presentarse entre el 9 de marzo y el 18 de mayo. Al igual que en ejercicios anteriores, se ofertan 140 plazas, [&hellip;]<\/p>\n","protected":false},"author":10,"featured_media":151899,"comment_status":"closed","ping_status":"closed","sticky":false,"template":"","format":"standard","meta":{"_monsterinsights_skip_tracking":false,"_monsterinsights_sitenote_active":false,"_monsterinsights_sitenote_note":"","_monsterinsights_sitenote_category":0,"footnotes":""},"categories":[1677],"tags":[],"class_list":{"0":"post-151898","1":"post","2":"type-post","3":"status-publish","4":"format-standard","5":"has-post-thumbnail","7":"category-masquedeporte"},"views":40,"_links":{"self":[{"href":"https:\/\/www.burgosdeporte.com\/index.php?rest_route=\/wp\/v2\/posts\/151898","targetHints":{"allow":["GET"]}}],"collection":[{"href":"https:\/\/www.burgosdeporte.com\/index.php?rest_route=\/wp\/v2\/posts"}],"about":[{"href":"https:\/\/www.burgosdeporte.com\/index.php?rest_route=\/wp\/v2\/types\/post"}],"author":[{"embeddable":true,"href":"https:\/\/www.burgosdeporte.com\/index.php?rest_route=\/wp\/v2\/users\/10"}],"replies":[{"embeddable":true,"href":"https:\/\/www.burgosdeporte.com\/index.php?rest_route=%2Fwp%2Fv2%2Fcomments&post=151898"}],"version-history":[{"count":1,"href":"https:\/\/www.burgosdeporte.com\/index.php?rest_route=\/wp\/v2\/posts\/151898\/revisions"}],"predecessor-version":[{"id":151900,"href":"https:\/\/www.burgosdeporte.com\/index.php?rest_route=\/wp\/v2\/posts\/151898\/revisions\/151900"}],"wp:featuredmedia":[{"embeddable":true,"href":"https:\/\/www.burgosdeporte.com\/index.php?rest_route=\/wp\/v2\/media\/151899"}],"wp:attachment":[{"href":"https:\/\/www.burgosdeporte.com\/index.php?rest_route=%2Fwp%2Fv2%2Fmedia&parent=151898"}],"wp:term":[{"taxonomy":"category","embeddable":true,"href":"https:\/\/www.burgosdeporte.com\/index.php?rest_route=%2Fwp%2Fv2%2Fcategories&post=151898"},{"taxonomy":"post_tag","embeddable":true,"href":"https:\/\/www.burgosdeporte.com\/index.php?rest_route=%2Fwp%2Fv2%2Ftags&post=151898"}],"curies":[{"name":"wp","href":"https:\/\/api.w.org\/{rel}","templated":true}]}}