{"id":151895,"date":"2026-03-12T00:40:54","date_gmt":"2026-03-11T22:40:54","guid":{"rendered":"https:\/\/www.burgosdeporte.com\/?p=151895"},"modified":"2026-03-12T00:40:58","modified_gmt":"2026-03-11T22:40:58","slug":"se-espera-que-la-semana-santa-de-burgos-sea-declarada-fiesta-de-interes-turistico-internacional-antes-de-que-concluya-2026","status":"publish","type":"post","link":"https:\/\/www.burgosdeporte.com\/?p=151895","title":{"rendered":"Se espera que la Semana Santa de Burgos sea declarada Fiesta de Inter\u00e9s Tur\u00edstico Internacional antes de que concluya 2026"},"content":{"rendered":"\n<p>La Semana Santa de Burgos va dando pasos para lograr que sea reconocida antes de que acabe este a\u00f1o, Fiesta de Inter\u00e9s Tur\u00edstico Internacional.<\/p>\n\n\n\n<p>As\u00ed se ha puesto de manifiesto durante la presentaci\u00f3n del Programa de la Semana Santa de este a\u00f1o que ha corrido a cargo de la alcaldesa de Burgos,\u00a0Cristina Ayala\u00a0que ha estado acompa\u00f1ada por la presidente y vicepresidente de la Junta de la Semana Santa de Burgos,\u00a0Jos\u00e9 Juan Jim\u00e9nez\u00a0y\u00a0Rafael Gonz\u00e1lez, respectivamente junto con el Abad de la Semana Santa,\u00a0Agust\u00edn Burgos\u00a0y el edil de Festejos,\u00a0C\u00e9sar Barriada.<\/p>\n\n\n\n<p>En este sentido, la primera fase de impactos en prensa, radio y medio digitales ya est\u00e1 casi completada y en el plazo de un mes se solicitar\u00e1 al Ministerio la declaraci\u00f3n, mientras que la Junta de Semana Santa de Burgos enviar\u00e1 los documentos necesarios en las pr\u00f3ximas semanas, tal y como ha comentado la alcaldesa de Burgos y el presidente de la Junta de la Semana Santa de Burgos, Juan Jos\u00e9 Mart\u00ednez.<\/p>\n\n\n\n<p>Por lo que respecta a la programaci\u00f3n, la Semana Santa de Burgos presenta varias novedades. En colaboraci\u00f3n con la Federaci\u00f3n de Hosteleros de Burgos se va a potenciar la ruta del Cofrade con la Torrija Salada, la p\u00e1gina web y las aplicaciones van a estar en ingl\u00e9s, mientras que la procesi\u00f3n del Santo Entierro del Viernes Santo cambia su recorrido y retoma el itinerario de hace cuatro a\u00f1os y discurrir\u00e1 por la calle Calera en lugar de por la calle Miranda, mientras que su final ser\u00e1 con honores al entrando todas las Cofrad\u00edas a la Catedral acompa\u00f1ando al Santo Sepulcro junto a la Virgen de la Soledad. Rafael Gonz\u00e1lez es vicepresidente de la Junta de la Semana Santa de Burgos.<\/p>\n\n\n\n<p>En el aspecto comunicativo, la Semana Santa de este a\u00f1o retransmitir\u00e1 por streaming el preg\u00f3n del d\u00eda 14 y el acto institucional de esta tarde, por primera vez se utilizar\u00e1 en algunos actos el lenguaje de signos para que sean accesibles para todos y se lanzar\u00e1 un podcast oficial para explicar las principales procesiones y eventos.<\/p>\n\n\n\n<p>Desde el punto de vista lit\u00fargico, el abad de la Semana Santa, Agust\u00edn Burgos ha explicado que las novedades se centran en la restauraci\u00f3n de la Borriquilla del Domingo de Ramos, la imagen del Amor Hermoso bajo palio y el cambio de recorrido de la procesi\u00f3n del S\u00e1bado de Pasi\u00f3n que cambia el recorrido y contar\u00e1 con una estaci\u00f3n de penitencia en la Catedral.<\/p>\n\n\n\n<p>Asimismo, ha anunciado la puesta en marcha de un proyecto en 3D con las principales im\u00e1genes de la Semana Santa Burgalesa que tendr\u00e1n que ser scanneadas y que se presenta como un proyecto que se ir\u00e1 completando a\u00f1o a a\u00f1o.<\/p>\n","protected":false},"excerpt":{"rendered":"<p>La Semana Santa de Burgos va dando pasos para lograr que sea reconocida antes de que acabe este a\u00f1o, Fiesta de Inter\u00e9s Tur\u00edstico Internacional. As\u00ed se ha puesto de manifiesto durante la presentaci\u00f3n del Programa de la Semana Santa de este a\u00f1o que ha corrido a cargo de la alcaldesa de Burgos,\u00a0Cristina Ayala\u00a0que ha estado [&hellip;]<\/p>\n","protected":false},"author":9,"featured_media":151896,"comment_status":"closed","ping_status":"closed","sticky":false,"template":"","format":"standard","meta":{"_monsterinsights_skip_tracking":false,"_monsterinsights_sitenote_active":false,"_monsterinsights_sitenote_note":"","_monsterinsights_sitenote_category":0,"footnotes":""},"categories":[1677],"tags":[],"class_list":{"0":"post-151895","1":"post","2":"type-post","3":"status-publish","4":"format-standard","5":"has-post-thumbnail","7":"category-masquedeporte"},"views":114,"_links":{"self":[{"href":"https:\/\/www.burgosdeporte.com\/index.php?rest_route=\/wp\/v2\/posts\/151895","targetHints":{"allow":["GET"]}}],"collection":[{"href":"https:\/\/www.burgosdeporte.com\/index.php?rest_route=\/wp\/v2\/posts"}],"about":[{"href":"https:\/\/www.burgosdeporte.com\/index.php?rest_route=\/wp\/v2\/types\/post"}],"author":[{"embeddable":true,"href":"https:\/\/www.burgosdeporte.com\/index.php?rest_route=\/wp\/v2\/users\/9"}],"replies":[{"embeddable":true,"href":"https:\/\/www.burgosdeporte.com\/index.php?rest_route=%2Fwp%2Fv2%2Fcomments&post=151895"}],"version-history":[{"count":1,"href":"https:\/\/www.burgosdeporte.com\/index.php?rest_route=\/wp\/v2\/posts\/151895\/revisions"}],"predecessor-version":[{"id":151897,"href":"https:\/\/www.burgosdeporte.com\/index.php?rest_route=\/wp\/v2\/posts\/151895\/revisions\/151897"}],"wp:featuredmedia":[{"embeddable":true,"href":"https:\/\/www.burgosdeporte.com\/index.php?rest_route=\/wp\/v2\/media\/151896"}],"wp:attachment":[{"href":"https:\/\/www.burgosdeporte.com\/index.php?rest_route=%2Fwp%2Fv2%2Fmedia&parent=151895"}],"wp:term":[{"taxonomy":"category","embeddable":true,"href":"https:\/\/www.burgosdeporte.com\/index.php?rest_route=%2Fwp%2Fv2%2Fcategories&post=151895"},{"taxonomy":"post_tag","embeddable":true,"href":"https:\/\/www.burgosdeporte.com\/index.php?rest_route=%2Fwp%2Fv2%2Ftags&post=151895"}],"curies":[{"name":"wp","href":"https:\/\/api.w.org\/{rel}","templated":true}]}}