{"id":151865,"date":"2026-03-11T18:01:36","date_gmt":"2026-03-11T16:01:36","guid":{"rendered":"https:\/\/www.burgosdeporte.com\/?p=151865"},"modified":"2026-03-12T18:07:51","modified_gmt":"2026-03-12T16:07:51","slug":"grego-sierra-la-clave-es-la-regularidad-y-estamos-preparados","status":"publish","type":"post","link":"https:\/\/www.burgosdeporte.com\/?p=151865","title":{"rendered":"Grego Sierra: \u00abLa clave es la regularidad y estamos preparados\u00bb"},"content":{"rendered":"\n<h2 class=\"wp-block-heading\">El defensa del Burgos CF analiza el momento que vive el equipo y el objetivo de playoff que ya asume la plantilla.<\/h2>\n\n\n<div class=\"wp-block-image\">\n<figure class=\"aligncenter size-full is-resized\"><a href=\"https:\/\/elpollitopio.es\/\" target=\"_blank\" rel=\"noopener\"><img loading=\"lazy\" decoding=\"async\" width=\"1024\" height=\"307\" src=\"https:\/\/www.burgosdeporte.com\/wp-content\/uploads\/2025\/10\/image-1.png\" alt=\"\" class=\"wp-image-145683\" style=\"aspect-ratio:3.335645355850422;width:550px;height:auto\" srcset=\"https:\/\/www.burgosdeporte.com\/wp-content\/uploads\/2025\/10\/image-1.png 1024w, https:\/\/www.burgosdeporte.com\/wp-content\/uploads\/2025\/10\/image-1-300x90.png 300w, https:\/\/www.burgosdeporte.com\/wp-content\/uploads\/2025\/10\/image-1-768x230.png 768w, https:\/\/www.burgosdeporte.com\/wp-content\/uploads\/2025\/10\/image-1-150x45.png 150w, https:\/\/www.burgosdeporte.com\/wp-content\/uploads\/2025\/10\/image-1-696x209.png 696w\" sizes=\"auto, (max-width: 1024px) 100vw, 1024px\" \/><\/a><\/figure>\n<\/div>\n\n\n<p>Grego Sierra compareci\u00f3 este mi\u00e9rcoles ante los medios de comunicaci\u00f3n para valorar el pr\u00f3ximo partido ante el Eibar y los objetivos de la temporada. <\/p>\n\n\n\n<p>Estas fueron sus declaraciones: <\/p>\n\n\n\n<p><strong> CONSCIENTES DE LA OPORTUNIDAD<\/strong><\/p>\n\n\n\n<p><em>\u201cTodos sabemos lo dif\u00edcil que es llegar a estas alturas de la temporada en la situaci\u00f3n en la que estamos. Somos conscientes de la oportunidad que se nos presenta, igual que la afici\u00f3n sabe que tenemos que estar unidos si queremos estar en la pelea por el ascenso. No hay que tener miedo a decirlo, a m\u00ed encanta la palabra, me ilusiona poder so\u00f1ar con llevar al Burgos CF a Primera Divisi\u00f3n. Estamos bien posicionados para poder conseguirlo\u201d.<\/em><\/p>\n\n\n\n<p><strong>MUCHA IGUALDAD <\/strong><\/p>\n\n\n\n<p><em>\u201cRacing y Almer\u00eda han tomado algo m\u00e1s de distancia, pero a\u00fan quedan 13 partidos y hasta que no llegue la jornada 42 no vamos a poder saber nada. Otros a\u00f1os, equipos que parec\u00edan ascendidos se acabaron cayendo. Hay mucha igualdad\u201d.<\/em><\/p>\n\n\n\n<p><strong>LA CLAVE DEL \u00c9XITO<\/strong><\/p>\n\n\n\n<p><em>\u201cLa clave va a ser la regularidad. Si en una categor\u00eda ese factor es m\u00e1s determinante que en otras, es en esta. De verdad pienso que somos un equipo preparado para encontrar esa regularidad, para disputar cada punto y no dar un solo por perdido. Es una de nuestras fortalezas\u201d.<\/em><\/p>\n\n\n\n<p><strong>RESPONSABILIDAD DE LOS VETERANOS<\/strong><\/p>\n\n\n\n<p><em>\u201cDe nosotros (los m\u00e1s veteranos) depende de poder plasmar en los m\u00e1s j\u00f3venes nuestra experiencia. Tenemos que estar todos unidos y remar en la misma direcci\u00f3n para encontrar la regularidad, que reitero que es clave, que se necesita para lograr este objetivo. Cada detalle puede sumar de nuestro lado y tenemos que ir con todo hasta el final\u201d.<\/em><\/p>\n\n\n\n<p><strong> EL EIBAR<\/strong><\/p>\n\n\n\n<p><em>\u201cLa SD Eibar ha mejorado mucho en los \u00faltimos partidos. Es el mejor local de la categor\u00eda, sabemos lo fuertes que son en Ipurua, pero creemos que podemos ganar all\u00ed. Va a ser todo un reto y estamos confiados en poder superarlo\u201d.<\/em><\/p>\n\n\n\n<p><strong>MOMENTO DE FORMA<\/strong><\/p>\n\n\n\n<p><em>\u201cMe encuentro muy c\u00f3modo jugando con Sergio. Est\u00e1 dando un gran rendimiento. Estamos todos los centrales a un gran nivel, porque Sa\u00fal tambi\u00e9n ha rendido cuando le ha tocado y Oier Luengo est\u00e1 entrenando a un nivel alto. Este es el camino a seguir y, si queremos conseguir el objetivo que todos tenemos en mente, tenemos que remar todos en la misma direcci\u00f3n y dar el m\u00e1ximo de cada uno\u201d.<\/em><\/p>\n\n\n\n<p><strong>CONTENTO EN EL BURGOS<\/strong><\/p>\n\n\n\n<p><em>\u201cEstoy muy contento de seguir aqu\u00ed y de que el club siga confiando en m\u00ed. Estoy muy contento con la responsabilidad y la ilusi\u00f3n de llegar a este tramo de la temporada y poder luchar por algo tan grande como llevar al Burgos CF a la Primera Divisi\u00f3n. Parece una ilusi\u00f3n, un sue\u00f1o que est\u00e1 lejos, pero la realidad es que est\u00e1 mucho m\u00e1s cerca de lo que pensamos y tenemos que ir a por ello\u201d.<\/em><\/p>\n\n\n\n<p><strong> APOYO DE LA AFICI\u00d3N<\/strong><\/p>\n\n\n\n<p><em>\u201cNo concibo un El Plant\u00edo sin el ambiente que se vivi\u00f3 el otro d\u00eda en el derbi. No creo que vaya a ser importante de cara al tramo final de temporada en los partidos en casa, sino que va a ser totalmente determinante. Es lo m\u00ednimo que necesitamos todos: el club, los jugadores y la propia afici\u00f3n. La sinton\u00eda que vivimos entre grada y equipo fue superlativa y es justo lo que necesitamos en esta recta final para conseguir el objetivo. Necesitamos tener junto a nosotros a la afici\u00f3n si queremos lograr el ascenso que todos queremos y que todos so\u00f1amos\u201d.<\/em><\/p>\n","protected":false},"excerpt":{"rendered":"<p>El defensa del Burgos CF analiza el momento que vive el equipo y el objetivo de playoff que ya asume la plantilla. Grego Sierra compareci\u00f3 este mi\u00e9rcoles ante los medios de comunicaci\u00f3n para valorar el pr\u00f3ximo partido ante el Eibar y los objetivos de la temporada. Estas fueron sus declaraciones: CONSCIENTES DE LA OPORTUNIDAD \u201cTodos [&hellip;]<\/p>\n","protected":false},"author":10,"featured_media":151869,"comment_status":"closed","ping_status":"closed","sticky":false,"template":"","format":"standard","meta":{"_monsterinsights_skip_tracking":false,"_monsterinsights_sitenote_active":false,"_monsterinsights_sitenote_note":"","_monsterinsights_sitenote_category":0,"footnotes":""},"categories":[4],"tags":[1553,29,282],"class_list":{"0":"post-151865","1":"post","2":"type-post","3":"status-publish","4":"format-standard","5":"has-post-thumbnail","7":"category-futbol","8":"tag-actualidad-2","9":"tag-burgoscf","10":"tag-gregosierra"},"views":48,"_links":{"self":[{"href":"https:\/\/www.burgosdeporte.com\/index.php?rest_route=\/wp\/v2\/posts\/151865","targetHints":{"allow":["GET"]}}],"collection":[{"href":"https:\/\/www.burgosdeporte.com\/index.php?rest_route=\/wp\/v2\/posts"}],"about":[{"href":"https:\/\/www.burgosdeporte.com\/index.php?rest_route=\/wp\/v2\/types\/post"}],"author":[{"embeddable":true,"href":"https:\/\/www.burgosdeporte.com\/index.php?rest_route=\/wp\/v2\/users\/10"}],"replies":[{"embeddable":true,"href":"https:\/\/www.burgosdeporte.com\/index.php?rest_route=%2Fwp%2Fv2%2Fcomments&post=151865"}],"version-history":[{"count":2,"href":"https:\/\/www.burgosdeporte.com\/index.php?rest_route=\/wp\/v2\/posts\/151865\/revisions"}],"predecessor-version":[{"id":151870,"href":"https:\/\/www.burgosdeporte.com\/index.php?rest_route=\/wp\/v2\/posts\/151865\/revisions\/151870"}],"wp:featuredmedia":[{"embeddable":true,"href":"https:\/\/www.burgosdeporte.com\/index.php?rest_route=\/wp\/v2\/media\/151869"}],"wp:attachment":[{"href":"https:\/\/www.burgosdeporte.com\/index.php?rest_route=%2Fwp%2Fv2%2Fmedia&parent=151865"}],"wp:term":[{"taxonomy":"category","embeddable":true,"href":"https:\/\/www.burgosdeporte.com\/index.php?rest_route=%2Fwp%2Fv2%2Fcategories&post=151865"},{"taxonomy":"post_tag","embeddable":true,"href":"https:\/\/www.burgosdeporte.com\/index.php?rest_route=%2Fwp%2Fv2%2Ftags&post=151865"}],"curies":[{"name":"wp","href":"https:\/\/api.w.org\/{rel}","templated":true}]}}