{"id":151828,"date":"2026-03-10T15:30:41","date_gmt":"2026-03-10T13:30:41","guid":{"rendered":"https:\/\/www.burgosdeporte.com\/?p=151828"},"modified":"2026-03-11T15:04:22","modified_gmt":"2026-03-11T13:04:22","slug":"el-ubu-tpf-y-el-ubu-rm-teran-afrontan-una-semana-de-competicion-internacional","status":"publish","type":"post","link":"https:\/\/www.burgosdeporte.com\/?p=151828","title":{"rendered":"El UBU-TPF y el UBU RM Ter\u00e1n afrontan una semana de competici\u00f3n internacional"},"content":{"rendered":"\n<p><strong><em>El equipo femenino viene de sumar una victoria, mientras que el masculino cay\u00f3 en su \u00faltimo encuentro<\/em><\/strong><\/p>\n\n\n<div class=\"wp-block-image\">\n<figure class=\"aligncenter size-full\"><a href=\"https:\/\/red.nissan.es\/ibermotor\/nissan\/tae-nissan?utm_source=burgosdeporte&amp;utm_medium=banner&amp;utm_campaign=burgosdeporte_nissa0tae_marzo26\" target=\"_blank\" rel=\" noreferrer noopener\"><img loading=\"lazy\" decoding=\"async\" width=\"300\" height=\"250\" src=\"https:\/\/www.burgosdeporte.com\/wp-content\/uploads\/2026\/03\/Nissan0TAE_hasta16marzo2026.jpg\" alt=\"\" class=\"wp-image-151579\" srcset=\"https:\/\/www.burgosdeporte.com\/wp-content\/uploads\/2026\/03\/Nissan0TAE_hasta16marzo2026.jpg 300w, https:\/\/www.burgosdeporte.com\/wp-content\/uploads\/2026\/03\/Nissan0TAE_hasta16marzo2026-150x125.jpg 150w\" sizes=\"auto, (max-width: 300px) 100vw, 300px\" \/><\/a><\/figure>\n<\/div>\n\n\n<p>El UBU-TPF y el UBU RM Ter\u00e1n encaran una semana de competici\u00f3n internacional despu\u00e9s de haber completado sus jornadas ligueras, con una derrota y una victoria, respectivamente.<\/p>\n\n\n\n<p>El equipo masculino firm\u00f3 una actuaci\u00f3n positiva frente al Alicante TM, que le super\u00f3 por 4\/2, mientras que el conjunto femenino sum\u00f3 una victoria ante Son Cladera TTC \u2013 Mallorca, por 4\/1, que le acerca a Europa.<\/p>\n\n\n\n<p><strong>Circuito Mundial Absoluto<\/strong><\/p>\n\n\n\n<p>Daniel Berzosa disputa el WTT FEDEER de Otocec (Eslovenia) en las modalidades individual y dobles masculino junto al gaditano Juan P\u00e9rez. Mar\u00eda Berzosa disputa el WTT FEDEER de Varazdin (Croacia) en las modalidades individual y dobles femenino junto a la rumana Bianca Mei Rosu.<\/p>\n\n\n\n<p><strong>Circuito Mundial de J\u00f3venes<\/strong><\/p>\n\n\n\n<p>Esther Hasek disputa el WTT YOUTH CONTENDER de Havirov (Rep\u00fablica Checa) y el WTT TOUYH CONTENDER de Berl\u00edn (Alemania) en la modalidad individual, en las categor\u00eda U15 y U17.<\/p>\n","protected":false},"excerpt":{"rendered":"<p>El equipo femenino viene de sumar una victoria, mientras que el masculino cay\u00f3 en su \u00faltimo encuentro El UBU-TPF y el UBU RM Ter\u00e1n encaran una semana de competici\u00f3n internacional despu\u00e9s de haber completado sus jornadas ligueras, con una derrota y una victoria, respectivamente. El equipo masculino firm\u00f3 una actuaci\u00f3n positiva frente al Alicante TM, [&hellip;]<\/p>\n","protected":false},"author":10,"featured_media":139597,"comment_status":"closed","ping_status":"closed","sticky":false,"template":"","format":"standard","meta":{"_monsterinsights_skip_tracking":false,"_monsterinsights_sitenote_active":false,"_monsterinsights_sitenote_note":"","_monsterinsights_sitenote_category":0,"footnotes":""},"categories":[97,15],"tags":[1553,98,545,100],"class_list":{"0":"post-151828","1":"post","2":"type-post","3":"status-publish","4":"format-standard","5":"has-post-thumbnail","7":"category-tenis-de-mesa","8":"category-otros","9":"tag-actualidad-2","10":"tag-tenisdemesa","11":"tag-uburmteran-2","12":"tag-ubutpf"},"views":53,"_links":{"self":[{"href":"https:\/\/www.burgosdeporte.com\/index.php?rest_route=\/wp\/v2\/posts\/151828","targetHints":{"allow":["GET"]}}],"collection":[{"href":"https:\/\/www.burgosdeporte.com\/index.php?rest_route=\/wp\/v2\/posts"}],"about":[{"href":"https:\/\/www.burgosdeporte.com\/index.php?rest_route=\/wp\/v2\/types\/post"}],"author":[{"embeddable":true,"href":"https:\/\/www.burgosdeporte.com\/index.php?rest_route=\/wp\/v2\/users\/10"}],"replies":[{"embeddable":true,"href":"https:\/\/www.burgosdeporte.com\/index.php?rest_route=%2Fwp%2Fv2%2Fcomments&post=151828"}],"version-history":[{"count":1,"href":"https:\/\/www.burgosdeporte.com\/index.php?rest_route=\/wp\/v2\/posts\/151828\/revisions"}],"predecessor-version":[{"id":151829,"href":"https:\/\/www.burgosdeporte.com\/index.php?rest_route=\/wp\/v2\/posts\/151828\/revisions\/151829"}],"wp:featuredmedia":[{"embeddable":true,"href":"https:\/\/www.burgosdeporte.com\/index.php?rest_route=\/wp\/v2\/media\/139597"}],"wp:attachment":[{"href":"https:\/\/www.burgosdeporte.com\/index.php?rest_route=%2Fwp%2Fv2%2Fmedia&parent=151828"}],"wp:term":[{"taxonomy":"category","embeddable":true,"href":"https:\/\/www.burgosdeporte.com\/index.php?rest_route=%2Fwp%2Fv2%2Fcategories&post=151828"},{"taxonomy":"post_tag","embeddable":true,"href":"https:\/\/www.burgosdeporte.com\/index.php?rest_route=%2Fwp%2Fv2%2Ftags&post=151828"}],"curies":[{"name":"wp","href":"https:\/\/api.w.org\/{rel}","templated":true}]}}