{"id":151786,"date":"2026-03-09T14:47:20","date_gmt":"2026-03-09T12:47:20","guid":{"rendered":"https:\/\/www.burgosdeporte.com\/?p=151786"},"modified":"2026-03-09T21:41:24","modified_gmt":"2026-03-09T19:41:24","slug":"oro-y-bronce-del-burgales-imad-zuhaitz-urrutia-en-el-campeonato-de-espana-sub-16","status":"publish","type":"post","link":"https:\/\/www.burgosdeporte.com\/?p=151786","title":{"rendered":"Oro y bronce del burgal\u00e9s Imad Zuhaitz Urrutia en el Campeonato de Espa\u00f1a sub-16"},"content":{"rendered":"\n<p><strong><em>Salamanca acogi\u00f3 la celebraci\u00f3n del torneo nacional<\/em><\/strong><\/p>\n\n\n<div class=\"wp-block-image\">\n<figure class=\"aligncenter size-full is-resized\"><a href=\"https:\/\/www.ferroplas.com\/\" target=\"_blank\" rel=\" noreferrer noopener\"><img loading=\"lazy\" decoding=\"async\" width=\"900\" height=\"412\" src=\"https:\/\/www.burgosdeporte.com\/wp-content\/uploads\/2025\/05\/Ferroplas-1.jpg\" alt=\"\" class=\"wp-image-140430\" style=\"aspect-ratio:2.1844224680599615;width:389px;height:auto\" srcset=\"https:\/\/www.burgosdeporte.com\/wp-content\/uploads\/2025\/05\/Ferroplas-1.jpg 900w, https:\/\/www.burgosdeporte.com\/wp-content\/uploads\/2025\/05\/Ferroplas-1-300x137.jpg 300w, https:\/\/www.burgosdeporte.com\/wp-content\/uploads\/2025\/05\/Ferroplas-1-768x352.jpg 768w, https:\/\/www.burgosdeporte.com\/wp-content\/uploads\/2025\/05\/Ferroplas-1-150x69.jpg 150w, https:\/\/www.burgosdeporte.com\/wp-content\/uploads\/2025\/05\/Ferroplas-1-696x319.jpg 696w\" sizes=\"auto, (max-width: 900px) 100vw, 900px\" \/><\/a><\/figure>\n<\/div>\n\n\n<p>Salamanca luci\u00f3 sus mejores galas para el Campeonato de Espa\u00f1a sub-16 de pista cubierta. \u00c9xito organizativo y tambi\u00e9n de resultados deportivos, ya que un total de cuatro atletas de Castilla y Le\u00f3n lograron subirse al podio en cinco ocasiones. Una medalla de oro, tres de plata y un bronce para los representantes de la comunidad.<\/p>\n\n\n\n<p>El nombre propio fue el de Imad Zuhaitz Urrutia. El atleta burgal\u00e9s se colg\u00f3 la medalla de oro en triple salto y la de bronce en la longitud masculina, en una pista Carlos Gil P\u00e9rez que ya le vio subirse al podio hace escasas semanas en el Campeonato Auton\u00f3mico. En el concurso de triple salto se hizo con el primer puesto con una mejor marca personal de 13,87, lograda en su primer intento. Tras \u00e9l completaban el podio los madrile\u00f1os Abel Marconnot (13,66) y Marcos Gonz\u00e1lez (13,46). Y anteriormente, Imad Zuhaitz Urrutia se hab\u00eda colgado el bronce con un salto de 6,43, que tambi\u00e9n era su mejor marca personal. El t\u00edtulo fue para el catal\u00e1n Jeremiah Obro (6,73) y la segunda plaza para el madrile\u00f1o Marcos Gonz\u00e1lez (6,55).&nbsp;<\/p>\n\n\n\n<p>Medalla de plata para Iker Ortu\u00f1o en la final de los 3.000 metros. El representante de la Universidad de Burgos termin\u00f3 segundo, con un tiempo de 9:03.86 (MMP), s\u00f3lo por detr\u00e1s del sevillano Jos\u00e9 Manuel Garc\u00eda (8:53.04). Y otro segundo puesto fue el conseguido por Mario D\u00edez en el Hexathlon masculino. El representante palentino del Cuatro Cantones termin\u00f3 las seis pruebas con una puntuaci\u00f3n total de 3.909 puntos, dos m\u00e1s que la medalla de bronce del grancanario Gabriel Falc\u00f3n (3.907) y solo por detr\u00e1s del donostiarra Haitz Lasa (3.989). Y quinta medalla para Castilla y Le\u00f3n, la tercera con el color de plata fue para Noa de Miguel. La atleta del Sporting Segovia Innoporc logr\u00f3 el segundo puesto en el concurso de longitud femenina, con un mejor salto de 5,44 (MMP). La catalana Jana Franch (5,71) fue oro y la valenciana Clara Arnas (5,43), bronce.<\/p>\n\n\n\n<p><strong>Puestos de finalista<\/strong><\/p>\n\n\n\n<p>Adem\u00e1s, la actuaci\u00f3n regional se complet\u00f3 con otros 10 puestos de finalistas. El palentino Mario Fern\u00e1ndez (Puentecillas) fue cuarto en la final de los 300 metros, con un tiempo de 36.28 (MMP). Mientras, su compa\u00f1ero Josu\u00e9 Rej\u00f3n tambi\u00e9n fue cuarto en la p\u00e9rtiga masculina, tras superar el list\u00f3n en el 3,71 (MMP). Quinta posici\u00f3n para la soriana Sara Tosar en la p\u00e9rtiga femenina, con una altura de 3,01, y sexto lugar para la palentina Amelia Fern\u00e1ndez (Puentecillas), tras mejorar su marca personal en el 1,56. La otra sexta pla fue para el salmantino Nicol\u00e1s Mu\u00f1oz (Bejarano), que lanz\u00f3 en su \u00faltimo intento 14,07 en el concurso del peso masculino.<\/p>\n\n\n\n<p>S\u00e9ptima posici\u00f3n para la burgalesa Natalia Tello (UBU) en los 600 metros femeninos, con una mejor marca personal de 1:36.59. Por \u00faltimo, octavo puesto para los salmantino V\u00edctor G\u00f3mez (Cuatro Cantones) en el salto de altura (1,75 MMP), y Helena Garc\u00eda (At. Salamanca) en la final de los 1.000 metros femeninos (3:05.72). y para la segoviana Noa de Miguel (Sporting) en los 60 metros vallas, con un tiempo de 9.09.<\/p>\n\n\n\n<p>Por Federaciones Castilla y Le\u00f3n ocup\u00f3 el sexto puesto, con 59,5 puntos, en un Campeonato de Espa\u00f1a sub-16 de Salamanca que nos dej\u00f3 para el recuerdo el r\u00e9cord de Espa\u00f1a que bati\u00f3 la aragonesa Carlota Gasi\u00f3n en la final de los 1.000 metros femeninos, con un tiempo de 2:46.70.<\/p>\n","protected":false},"excerpt":{"rendered":"<p>Salamanca acogi\u00f3 la celebraci\u00f3n del torneo nacional Salamanca luci\u00f3 sus mejores galas para el Campeonato de Espa\u00f1a sub-16 de pista cubierta. \u00c9xito organizativo y tambi\u00e9n de resultados deportivos, ya que un total de cuatro atletas de Castilla y Le\u00f3n lograron subirse al podio en cinco ocasiones. Una medalla de oro, tres de plata y un [&hellip;]<\/p>\n","protected":false},"author":10,"featured_media":151787,"comment_status":"closed","ping_status":"closed","sticky":false,"template":"","format":"standard","meta":{"_monsterinsights_skip_tracking":false,"_monsterinsights_sitenote_active":false,"_monsterinsights_sitenote_note":"","_monsterinsights_sitenote_category":0,"footnotes":""},"categories":[24,15],"tags":[1553,46,1921],"class_list":{"0":"post-151786","1":"post","2":"type-post","3":"status-publish","4":"format-standard","5":"has-post-thumbnail","7":"category-atletismo","8":"category-otros","9":"tag-actualidad-2","10":"tag-atletismo","11":"tag-fetacyl"},"views":80,"_links":{"self":[{"href":"https:\/\/www.burgosdeporte.com\/index.php?rest_route=\/wp\/v2\/posts\/151786","targetHints":{"allow":["GET"]}}],"collection":[{"href":"https:\/\/www.burgosdeporte.com\/index.php?rest_route=\/wp\/v2\/posts"}],"about":[{"href":"https:\/\/www.burgosdeporte.com\/index.php?rest_route=\/wp\/v2\/types\/post"}],"author":[{"embeddable":true,"href":"https:\/\/www.burgosdeporte.com\/index.php?rest_route=\/wp\/v2\/users\/10"}],"replies":[{"embeddable":true,"href":"https:\/\/www.burgosdeporte.com\/index.php?rest_route=%2Fwp%2Fv2%2Fcomments&post=151786"}],"version-history":[{"count":1,"href":"https:\/\/www.burgosdeporte.com\/index.php?rest_route=\/wp\/v2\/posts\/151786\/revisions"}],"predecessor-version":[{"id":151788,"href":"https:\/\/www.burgosdeporte.com\/index.php?rest_route=\/wp\/v2\/posts\/151786\/revisions\/151788"}],"wp:featuredmedia":[{"embeddable":true,"href":"https:\/\/www.burgosdeporte.com\/index.php?rest_route=\/wp\/v2\/media\/151787"}],"wp:attachment":[{"href":"https:\/\/www.burgosdeporte.com\/index.php?rest_route=%2Fwp%2Fv2%2Fmedia&parent=151786"}],"wp:term":[{"taxonomy":"category","embeddable":true,"href":"https:\/\/www.burgosdeporte.com\/index.php?rest_route=%2Fwp%2Fv2%2Fcategories&post=151786"},{"taxonomy":"post_tag","embeddable":true,"href":"https:\/\/www.burgosdeporte.com\/index.php?rest_route=%2Fwp%2Fv2%2Ftags&post=151786"}],"curies":[{"name":"wp","href":"https:\/\/api.w.org\/{rel}","templated":true}]}}