{"id":151783,"date":"2026-03-09T14:39:36","date_gmt":"2026-03-09T12:39:36","guid":{"rendered":"https:\/\/www.burgosdeporte.com\/?p=151783"},"modified":"2026-03-09T18:36:27","modified_gmt":"2026-03-09T16:36:27","slug":"podios-nacionales-y-autonomicos-para-la-ad-atletismo-ribera","status":"publish","type":"post","link":"https:\/\/www.burgosdeporte.com\/?p=151783","title":{"rendered":"Podios nacionales y auton\u00f3micos para la AD Atletismo Ribera"},"content":{"rendered":"\n<p><strong><em>Los atletas ribere\u00f1os lograron varias medallas en sus competiciones del fin de semana<\/em><\/strong><\/p>\n\n\n<div class=\"wp-block-image\">\n<figure class=\"aligncenter size-full\"><a href=\"https:\/\/felixrubio.es\/\" target=\"_blank\" rel=\" noreferrer noopener\"><img loading=\"lazy\" decoding=\"async\" width=\"300\" height=\"90\" src=\"https:\/\/www.burgosdeporte.com\/wp-content\/uploads\/2023\/10\/Felix_rubio_2.gif\" alt=\"\" class=\"wp-image-108903\"\/><\/a><\/figure>\n<\/div>\n\n\n<p>La A.D. Atletismo Ribera firm\u00f3 una destacada actuaci\u00f3n durante el fin de semana del 7 y 8 de marzo de 2026, con presencia en competiciones nacionales y auton\u00f3micas que se saldaron con varios podios y buenos resultados individuales.<\/p>\n\n\n\n<p>En el Campeonato de Espa\u00f1a Sub-16 Short Track, celebrado en Salamanca, el atleta Iker Ortu\u00f1o, del club UBU-Campos de Castilla, logr\u00f3 la medalla de plata en categor\u00eda sub-16 tras completar la prueba con un tiempo de 9:03.86 minutos, consolid\u00e1ndose entre los mejores atletas nacionales de su categor\u00eda.<\/p>\n\n\n\n<p>Por otra parte, en el Campeonato Auton\u00f3mico de Trail, disputado los d\u00edas 7 y 8 de marzo en Villamuriel del Cerrato (Palencia), los atletas del Club Atl\u00e9tico Salamanca tambi\u00e9n protagonizaron una gran actuaci\u00f3n.<\/p>\n\n\n\n<p>En la jornada del 7 de marzo, Sara Monz\u00f3n se proclam\u00f3 campeona auton\u00f3mica sub-16, recorriendo los 4,5 kil\u00f3metros del trazado en 23:11 minutos. En la misma cita, Noa Monz\u00f3n consigui\u00f3 la medalla de bronce en categor\u00eda sub-20, con un tiempo de 1:23:44 horas.<\/p>\n\n\n\n<p>Los buenos resultados continuaron el 8 de marzo durante el XI Trail Vallejuelos, una prueba de 22 kil\u00f3metros (media marat\u00f3n) celebrada tambi\u00e9n en Villamuriel del Cerrato. En esta competici\u00f3n, Reilly Bloomer se alz\u00f3 con la victoria en la clasificaci\u00f3n absoluta tras cruzar la meta en 1:41:21 horas. Por su parte, Javier Monz\u00f3n finaliz\u00f3 en novena posici\u00f3n en la categor\u00eda veterano A, con un tiempo de 2:12:58 horas.<\/p>\n\n\n\n<p>Con estos resultados, la A.D. Atletismo Ribera cierra un fin de semana muy positivo, confirmando el buen momento deportivo de sus atletas tanto en pista como en pruebas de trail.<\/p>\n","protected":false},"excerpt":{"rendered":"<p>Los atletas ribere\u00f1os lograron varias medallas en sus competiciones del fin de semana La A.D. Atletismo Ribera firm\u00f3 una destacada actuaci\u00f3n durante el fin de semana del 7 y 8 de marzo de 2026, con presencia en competiciones nacionales y auton\u00f3micas que se saldaron con varios podios y buenos resultados individuales. En el Campeonato de [&hellip;]<\/p>\n","protected":false},"author":10,"featured_media":151784,"comment_status":"closed","ping_status":"closed","sticky":false,"template":"","format":"standard","meta":{"_monsterinsights_skip_tracking":false,"_monsterinsights_sitenote_active":false,"_monsterinsights_sitenote_note":"","_monsterinsights_sitenote_category":0,"footnotes":""},"categories":[24,15],"tags":[1553,2476,46],"class_list":{"0":"post-151783","1":"post","2":"type-post","3":"status-publish","4":"format-standard","5":"has-post-thumbnail","7":"category-atletismo","8":"category-otros","9":"tag-actualidad-2","10":"tag-adatletismoribera","11":"tag-atletismo"},"views":20,"_links":{"self":[{"href":"https:\/\/www.burgosdeporte.com\/index.php?rest_route=\/wp\/v2\/posts\/151783","targetHints":{"allow":["GET"]}}],"collection":[{"href":"https:\/\/www.burgosdeporte.com\/index.php?rest_route=\/wp\/v2\/posts"}],"about":[{"href":"https:\/\/www.burgosdeporte.com\/index.php?rest_route=\/wp\/v2\/types\/post"}],"author":[{"embeddable":true,"href":"https:\/\/www.burgosdeporte.com\/index.php?rest_route=\/wp\/v2\/users\/10"}],"replies":[{"embeddable":true,"href":"https:\/\/www.burgosdeporte.com\/index.php?rest_route=%2Fwp%2Fv2%2Fcomments&post=151783"}],"version-history":[{"count":1,"href":"https:\/\/www.burgosdeporte.com\/index.php?rest_route=\/wp\/v2\/posts\/151783\/revisions"}],"predecessor-version":[{"id":151785,"href":"https:\/\/www.burgosdeporte.com\/index.php?rest_route=\/wp\/v2\/posts\/151783\/revisions\/151785"}],"wp:featuredmedia":[{"embeddable":true,"href":"https:\/\/www.burgosdeporte.com\/index.php?rest_route=\/wp\/v2\/media\/151784"}],"wp:attachment":[{"href":"https:\/\/www.burgosdeporte.com\/index.php?rest_route=%2Fwp%2Fv2%2Fmedia&parent=151783"}],"wp:term":[{"taxonomy":"category","embeddable":true,"href":"https:\/\/www.burgosdeporte.com\/index.php?rest_route=%2Fwp%2Fv2%2Fcategories&post=151783"},{"taxonomy":"post_tag","embeddable":true,"href":"https:\/\/www.burgosdeporte.com\/index.php?rest_route=%2Fwp%2Fv2%2Ftags&post=151783"}],"curies":[{"name":"wp","href":"https:\/\/api.w.org\/{rel}","templated":true}]}}