{"id":151725,"date":"2026-03-08T02:41:42","date_gmt":"2026-03-08T00:41:42","guid":{"rendered":"https:\/\/www.burgosdeporte.com\/?p=151725"},"modified":"2026-03-09T00:44:32","modified_gmt":"2026-03-08T22:44:32","slug":"ramis-debemos-seguir-trabajando-con-humildad-y-el-mismo-esfuerzo","status":"publish","type":"post","link":"https:\/\/www.burgosdeporte.com\/?p=151725","title":{"rendered":"Ramis: \u00abDebemos seguir trabajando con humildad y el mismo esfuerzo\u00bb"},"content":{"rendered":"\n<h2 class=\"wp-block-heading\">El entrenador del Burgos CF, Luis Miguel Ramos, valora el derbi y la victoria de su equipo ante el Mirand\u00e9s.<\/h2>\n\n\n<div class=\"wp-block-image\">\n<figure class=\"aligncenter size-full is-resized\"><a href=\"https:\/\/elpollitopio.es\/\" target=\"_blank\" rel=\"noopener\"><img loading=\"lazy\" decoding=\"async\" width=\"1024\" height=\"307\" src=\"https:\/\/www.burgosdeporte.com\/wp-content\/uploads\/2025\/10\/image-1.png\" alt=\"\" class=\"wp-image-145683\" style=\"aspect-ratio:3.335645355850422;width:497px;height:auto\" srcset=\"https:\/\/www.burgosdeporte.com\/wp-content\/uploads\/2025\/10\/image-1.png 1024w, https:\/\/www.burgosdeporte.com\/wp-content\/uploads\/2025\/10\/image-1-300x90.png 300w, https:\/\/www.burgosdeporte.com\/wp-content\/uploads\/2025\/10\/image-1-768x230.png 768w, https:\/\/www.burgosdeporte.com\/wp-content\/uploads\/2025\/10\/image-1-150x45.png 150w, https:\/\/www.burgosdeporte.com\/wp-content\/uploads\/2025\/10\/image-1-696x209.png 696w\" sizes=\"auto, (max-width: 1024px) 100vw, 1024px\" \/><\/a><\/figure>\n<\/div>\n\n\n<p>Luis Miguel Ramis comparec\u00eda tras el derbi entre el Mirand\u00e9s y el Burgos para valorar el encuentro que termin\u00f3 con 2-0 favorable al conjunto blanquinegro. <\/p>\n\n\n\n<p>Estas fueron sus declaraciones: <\/p>\n\n\n\n<p><strong>EL PARTIDO  <\/strong><\/p>\n\n\n\n<p><em>\u00abHemos estado una vez m\u00e1s con buen comportamiento, quiz\u00e1s al final nos hemos hundido un poco de m\u00e1s, no hemos salido bien a la presi\u00f3n y ellos han acumulado a mucha gente por dentro y en el \u00e1rea y en alguna acci\u00f3n nos pod\u00edan haber generado alg\u00fan problema.\u00a0En l\u00edneas generales hemos manejado bien el partido y tener 46 puntos nos da para estar donde estamos, pero hay que seguir trabajando con humildad y en esta l\u00ednea de esfuerzo\u201d.<\/em><\/p>\n\n\n\n<p><strong>LA VIRTUD DEL GOL<\/strong><\/p>\n\n\n\n<p><em>\u201cSi tuvi\u00e9ramos gol, no perder\u00edamos ning\u00fan partido.\u00a0Tenemos rachas, pero hay jugadores con gol. Ellos han planteado una l\u00ednea de cinco y es muy diferente al \u00faltimo partido en casa ante el C\u00e1diz. Hay que tener mucha m\u00e1s paciencia, no precipitarse, es mucho m\u00e1s dif\u00edcil crearle ocasiones a este tipo de equipos. Lo hemos entendido bien y la respuesta defensiva es la que damos habitualmente y dejamos muy pocas opciones al rival\u201d.<\/em><\/p>\n\n\n\n<p><strong>VALORACI\u00d3N DE CURRO<\/strong><\/p>\n\n\n\n<p><em>\u201cCurro siempre ha estado bien. A m\u00ed\u00a0no me condiciona que haga gol o deje de hacerlo. Todos lo primero que tienen que hacer es el trabajo que les pedimos a nivel individual y colectivo. Gol tienen muchos jugadores de la plantilla, Curro incluido. Llevaba un tiempo que no estaba acertando, hoy s\u00ed que lo ha hecho, pero es un jugador que no se esconde nunca y genera mucho juego y ocasiones. Estoy contento porque haya logrado ese premio\u201d.<\/em><\/p>\n\n\n\n<p><strong>EL P\u00daBLICO DE EL PLANT\u00cdO<\/strong><\/p>\n\n\n\n<p><em>\u201cSon partidos especiales que la gente los disfruta mucho m\u00e1s. Nosotros tambi\u00e9n lo sentimos.\u00a0Hoy nos han acompa\u00f1ado mucha m\u00e1s gente que en jornadas anteriores\u00a0y espero que se den cuenta que est\u00e1bamos arriba y que queremos seguir peleando por cosas importantes. Mejor que no se hable mucho del Burgos porque los favoritos son otros\u201d.<\/em><\/p>\n\n\n\n<p><strong> EL MIRAND\u00c9S<\/strong><\/p>\n\n\n\n<p><em>\u201cA m\u00ed me parece que lo que he visto con Muneta es que no corresponde a lo que hace, lo que pasa es que viene con un gran lastre detr\u00e1s y pesa mucho. Cuando eso pasa, revertir la situaci\u00f3n es muy dif\u00edcil.\u00a0Est\u00e1n teniendo un comportamiento bueno. Hemos visto un equipo con mucha capacidad como para no tirar la toalla. Yo creo que van a pelear la posibilidad de salir de ah\u00ed. Tienen gente joven y con calidad. Por ejemplo, al Zaragoza le pesa m\u00e1s esa situaci\u00f3n que al Mirand\u00e9s, yo no los veo sin opciones\u201d.<\/em><\/p>\n","protected":false},"excerpt":{"rendered":"<p>El entrenador del Burgos CF, Luis Miguel Ramos, valora el derbi y la victoria de su equipo ante el Mirand\u00e9s. Luis Miguel Ramis comparec\u00eda tras el derbi entre el Mirand\u00e9s y el Burgos para valorar el encuentro que termin\u00f3 con 2-0 favorable al conjunto blanquinegro. Estas fueron sus declaraciones: EL PARTIDO \u00abHemos estado una vez [&hellip;]<\/p>\n","protected":false},"author":10,"featured_media":151726,"comment_status":"closed","ping_status":"closed","sticky":false,"template":"","format":"standard","meta":{"_monsterinsights_skip_tracking":false,"_monsterinsights_sitenote_active":false,"_monsterinsights_sitenote_note":"","_monsterinsights_sitenote_category":0,"footnotes":""},"categories":[4],"tags":[1553,29,2217],"class_list":{"0":"post-151725","1":"post","2":"type-post","3":"status-publish","4":"format-standard","5":"has-post-thumbnail","7":"category-futbol","8":"tag-actualidad-2","9":"tag-burgoscf","10":"tag-luismiguelramis"},"views":77,"_links":{"self":[{"href":"https:\/\/www.burgosdeporte.com\/index.php?rest_route=\/wp\/v2\/posts\/151725","targetHints":{"allow":["GET"]}}],"collection":[{"href":"https:\/\/www.burgosdeporte.com\/index.php?rest_route=\/wp\/v2\/posts"}],"about":[{"href":"https:\/\/www.burgosdeporte.com\/index.php?rest_route=\/wp\/v2\/types\/post"}],"author":[{"embeddable":true,"href":"https:\/\/www.burgosdeporte.com\/index.php?rest_route=\/wp\/v2\/users\/10"}],"replies":[{"embeddable":true,"href":"https:\/\/www.burgosdeporte.com\/index.php?rest_route=%2Fwp%2Fv2%2Fcomments&post=151725"}],"version-history":[{"count":2,"href":"https:\/\/www.burgosdeporte.com\/index.php?rest_route=\/wp\/v2\/posts\/151725\/revisions"}],"predecessor-version":[{"id":151768,"href":"https:\/\/www.burgosdeporte.com\/index.php?rest_route=\/wp\/v2\/posts\/151725\/revisions\/151768"}],"wp:featuredmedia":[{"embeddable":true,"href":"https:\/\/www.burgosdeporte.com\/index.php?rest_route=\/wp\/v2\/media\/151726"}],"wp:attachment":[{"href":"https:\/\/www.burgosdeporte.com\/index.php?rest_route=%2Fwp%2Fv2%2Fmedia&parent=151725"}],"wp:term":[{"taxonomy":"category","embeddable":true,"href":"https:\/\/www.burgosdeporte.com\/index.php?rest_route=%2Fwp%2Fv2%2Fcategories&post=151725"},{"taxonomy":"post_tag","embeddable":true,"href":"https:\/\/www.burgosdeporte.com\/index.php?rest_route=%2Fwp%2Fv2%2Ftags&post=151725"}],"curies":[{"name":"wp","href":"https:\/\/api.w.org\/{rel}","templated":true}]}}