{"id":151712,"date":"2026-03-08T00:18:25","date_gmt":"2026-03-07T22:18:25","guid":{"rendered":"https:\/\/www.burgosdeporte.com\/?p=151712"},"modified":"2026-03-08T18:09:07","modified_gmt":"2026-03-08T16:09:07","slug":"partido-clave-para-el-tizona-este-domingo-en-palma-de-mallorca","status":"publish","type":"post","link":"https:\/\/www.burgosdeporte.com\/?p=151712","title":{"rendered":"Partido clave para el Tizona este domingo en Palma de Mallorca"},"content":{"rendered":"\n<h2 class=\"wp-block-heading\">Se enfrenta a las 12,00 h. al Palmer Basket un rival directo en la lucha por la permanencia.<\/h2>\n\n\n<div class=\"wp-block-image\">\n<figure class=\"aligncenter size-full\"><img loading=\"lazy\" decoding=\"async\" width=\"300\" height=\"226\" src=\"https:\/\/www.burgosdeporte.com\/wp-content\/uploads\/2023\/09\/FCastilla_2019.gif\" alt=\"\" class=\"wp-image-107980\"\/><\/figure>\n<\/div>\n\n\n<p>Grupo Ureta Tizona despega por segunda vez en lo que va de temporada con destino a Palma de Mallorca para enfrentarse a Palmer\u00a0Basket\u00a0(domingo, 12:00 horas) en el primer partido de Primera FEB posterior al par\u00f3n por las ventanas FIBA\u00a0de febrero. El equipo de Den\u00eds\u00a0Pombar\u00a0llega a la cita insular inmerso en una mala din\u00e1mica en la que suma cuatro derrotas consecutivas, pero con partidos en los que ha dejado buenas sensaciones a lo largo de los cuarenta minutos.\u00a0\u00a0<\/p>\n\n\n\n<p>Ambos conjuntos llegan a la cita peleando en los \u00faltimos puestos de la clasificaci\u00f3n y el ganador saldr\u00e1 muy reforzado en sus aspiraciones por conseguir la permanencia en la segunda categor\u00eda del baloncesto nacional. Tizona llega con una victoria por delante y el&nbsp;<em>average&nbsp;<\/em>de la ida muy favorable (+36), por lo que una nueva victoria dar\u00eda mucho aire a los burgaleses en&nbsp;los \u00faltimos meses de la presente campa\u00f1a.&nbsp;<\/p>\n\n\n\n<p>En la previa del duelo ante un rival directo, Den\u00eds ha querido quitar presi\u00f3n al equipo: \u201cVivimos este partido igual que todos. Nos quedan muchas finales por delante. Tenemos muchas ganas de poder disfrutar de la victoria&nbsp;y que esta nos d\u00e9 m\u00e1s alegr\u00eda en el d\u00eda a d\u00eda\u201d.&nbsp;<\/p>\n\n\n\n<p>El del domingo ser\u00e1 la primera de las tres jornadas que los burgaleses disputar\u00e1n en cuesti\u00f3n de seis d\u00edas, antes de recibir en casa a Super&nbsp;Agropal&nbsp;Palencia y cerrar el carrusel de encuentros viajando a tierras gallegas para medirse a Ourense.&nbsp;<\/p>\n\n\n\n<p><strong>Palmer&nbsp;Basket, un equipo bien reforzado necesitado de victorias<\/strong>&nbsp;<\/p>\n\n\n\n<p>La primera temporada de Palmer tras conseguir el ascenso no est\u00e1 resultando nada f\u00e1cil. El equipo, ahora dirigido por Juan Ignacio D\u00edez de Achar\u00e1n despu\u00e9s de una campa\u00f1a con varios cambios en el banquillo balear, se encuentra en zona de descenso con un balance de cuatro victorias y diecis\u00e9is derrotas, ocupando la pen\u00faltima posici\u00f3n de la tabla clasificatoria.&nbsp;&nbsp;<\/p>\n\n\n\n<p>Pese al r\u00e9cord negativo y las malas sensaciones que el&nbsp;cuadro turquesa&nbsp;ha dejado tras algunos encuentros, los refuerzos han ido&nbsp;llegando y los \u00faltimos resultados conseguidos antes del par\u00f3n invitan al optimismo. En la \u00faltima jornada consiguieron una victoria de autoridad en Cartagena por&nbsp;66 a 82 ante uno de los rivales con los que se&nbsp;jugar\u00e1&nbsp;la salvaci\u00f3n.&nbsp;&nbsp;<\/p>\n\n\n\n<p>Uno de los nombres propios de Palmer\u00a0Basket\u00a0reside en la figura de Philip\u00a0Scrubb, cuya irrupci\u00f3n en la liga est\u00e1 resultando determinante, algo que tambi\u00e9n ha valorado Den\u00eds en\u00a0la comparecencia previa: <em>\u201cEs un equipo que desde la llegada de\u00a0Scrubb\u00a0ha cambiado much\u00edsimo<\/em>\u201d. Y los n\u00fameros as\u00ed lo avalan. En los 8 partidos que ha disputado con el equipo, supera los 16 puntos de media por encuentro, sumando m\u00e1s de 20 de valoraci\u00f3n.\u00a0<\/p>\n\n\n\n<p>El estilo de juego de ambos conjuntos es diferente, y eso lo ha tenido en cuenta el preparador gallego ante los micr\u00f3fonos: <em>\u201cEs un choque de estilos en el que tenemos que imponer el nuestro desde el principio porque nos sentimos muy c\u00f3modos cuando conseguimos jugar as\u00ed\u201d.\u00a0<\/em><\/p>\n\n\n\n<p><\/p>\n","protected":false},"excerpt":{"rendered":"<p>Se enfrenta a las 12,00 h. al Palmer Basket un rival directo en la lucha por la permanencia. Grupo Ureta Tizona despega por segunda vez en lo que va de temporada con destino a Palma de Mallorca para enfrentarse a Palmer\u00a0Basket\u00a0(domingo, 12:00 horas) en el primer partido de Primera FEB posterior al par\u00f3n por las [&hellip;]<\/p>\n","protected":false},"author":10,"featured_media":150868,"comment_status":"closed","ping_status":"closed","sticky":false,"template":"","format":"standard","meta":{"_monsterinsights_skip_tracking":false,"_monsterinsights_sitenote_active":false,"_monsterinsights_sitenote_note":"","_monsterinsights_sitenote_category":0,"footnotes":""},"categories":[5],"tags":[26,740,66],"class_list":{"0":"post-151712","1":"post","2":"type-post","3":"status-publish","4":"format-standard","5":"has-post-thumbnail","7":"category-baloncesto","8":"tag-cbtizona","9":"tag-grupouretatizona","10":"tag-tizonaburgos"},"views":60,"_links":{"self":[{"href":"https:\/\/www.burgosdeporte.com\/index.php?rest_route=\/wp\/v2\/posts\/151712","targetHints":{"allow":["GET"]}}],"collection":[{"href":"https:\/\/www.burgosdeporte.com\/index.php?rest_route=\/wp\/v2\/posts"}],"about":[{"href":"https:\/\/www.burgosdeporte.com\/index.php?rest_route=\/wp\/v2\/types\/post"}],"author":[{"embeddable":true,"href":"https:\/\/www.burgosdeporte.com\/index.php?rest_route=\/wp\/v2\/users\/10"}],"replies":[{"embeddable":true,"href":"https:\/\/www.burgosdeporte.com\/index.php?rest_route=%2Fwp%2Fv2%2Fcomments&post=151712"}],"version-history":[{"count":1,"href":"https:\/\/www.burgosdeporte.com\/index.php?rest_route=\/wp\/v2\/posts\/151712\/revisions"}],"predecessor-version":[{"id":151721,"href":"https:\/\/www.burgosdeporte.com\/index.php?rest_route=\/wp\/v2\/posts\/151712\/revisions\/151721"}],"wp:featuredmedia":[{"embeddable":true,"href":"https:\/\/www.burgosdeporte.com\/index.php?rest_route=\/wp\/v2\/media\/150868"}],"wp:attachment":[{"href":"https:\/\/www.burgosdeporte.com\/index.php?rest_route=%2Fwp%2Fv2%2Fmedia&parent=151712"}],"wp:term":[{"taxonomy":"category","embeddable":true,"href":"https:\/\/www.burgosdeporte.com\/index.php?rest_route=%2Fwp%2Fv2%2Fcategories&post=151712"},{"taxonomy":"post_tag","embeddable":true,"href":"https:\/\/www.burgosdeporte.com\/index.php?rest_route=%2Fwp%2Fv2%2Ftags&post=151712"}],"curies":[{"name":"wp","href":"https:\/\/api.w.org\/{rel}","templated":true}]}}