{"id":151652,"date":"2026-03-07T13:01:24","date_gmt":"2026-03-07T11:01:24","guid":{"rendered":"https:\/\/www.burgosdeporte.com\/?p=151652"},"modified":"2026-03-07T13:02:48","modified_gmt":"2026-03-07T11:02:48","slug":"derbi-muy-atractivo-en-el-plantio","status":"publish","type":"post","link":"https:\/\/www.burgosdeporte.com\/?p=151652","title":{"rendered":"Derbi muy atractivo en El Plant\u00edo"},"content":{"rendered":"\n<h2 class=\"wp-block-heading\">Tanto el Burgos CF como el CD Mirand\u00e9s necesitan la victoria para sumar en sus respectivos objetivos.<\/h2>\n\n\n<div class=\"wp-block-image\">\n<figure class=\"aligncenter size-full is-resized\"><a href=\"https:\/\/elpollitopio.es\/\" target=\"_blank\" rel=\"noopener\"><img loading=\"lazy\" decoding=\"async\" width=\"1024\" height=\"307\" src=\"https:\/\/www.burgosdeporte.com\/wp-content\/uploads\/2025\/10\/image-1.png\" alt=\"\" class=\"wp-image-145683\" style=\"aspect-ratio:3.335645355850422;width:464px;height:auto\" srcset=\"https:\/\/www.burgosdeporte.com\/wp-content\/uploads\/2025\/10\/image-1.png 1024w, https:\/\/www.burgosdeporte.com\/wp-content\/uploads\/2025\/10\/image-1-300x90.png 300w, https:\/\/www.burgosdeporte.com\/wp-content\/uploads\/2025\/10\/image-1-768x230.png 768w, https:\/\/www.burgosdeporte.com\/wp-content\/uploads\/2025\/10\/image-1-150x45.png 150w, https:\/\/www.burgosdeporte.com\/wp-content\/uploads\/2025\/10\/image-1-696x209.png 696w\" sizes=\"auto, (max-width: 1024px) 100vw, 1024px\" \/><\/a><\/figure>\n<\/div>\n\n\n<p>El Plant\u00edo acoge este s\u00e1bado a partir de las 18,30 h. un atractivo derbi provincial entre el Burgos y el Mirand\u00e9s, dos equipos que luchan por objetivos muy diferentes esta temporada. El Burgos necesita sumar para seguir conectado al grupo de cabeza que le permita jugar fase de ascenso y el Mirand\u00e9s llega a este derbi muy necesitado de puntos para seguir vivo en la lucha por mantener la categor\u00eda. <\/p>\n\n\n\n<p>Un partido, a priori, muy interesante, donde se espera una lucha de poder a poder en busca de los tres puntos. <\/p>\n\n\n\n<p><strong><mark style=\"background-color:rgba(0, 0, 0, 0)\" class=\"has-inline-color has-vivid-red-color\">SIGUE EL PARTIDO CON NOSOTROS EN BURGOS DEPORTE RADIO.-<\/mark> <a href=\"https:\/\/www.burgosdeporte.com\/?p=111930\">AQU\u00cd<\/a><\/strong><\/p>\n\n\n<div class=\"wp-block-image\">\n<figure class=\"aligncenter is-resized\"><a href=\"https:\/\/www.burgosdeporte.com\/?p=111930\"><img loading=\"lazy\" decoding=\"async\" width=\"900\" height=\"519\" src=\"https:\/\/www.burgosdeporte.com\/wp-content\/uploads\/2025\/10\/image-3.png\" alt=\"\" class=\"wp-image-145916\" style=\"aspect-ratio:1.7341067649133808;width:229px;height:auto\" srcset=\"https:\/\/www.burgosdeporte.com\/wp-content\/uploads\/2025\/10\/image-3.png 900w, https:\/\/www.burgosdeporte.com\/wp-content\/uploads\/2025\/10\/image-3-300x173.png 300w, https:\/\/www.burgosdeporte.com\/wp-content\/uploads\/2025\/10\/image-3-768x443.png 768w, https:\/\/www.burgosdeporte.com\/wp-content\/uploads\/2025\/10\/image-3-150x87.png 150w, https:\/\/www.burgosdeporte.com\/wp-content\/uploads\/2025\/10\/image-3-696x401.png 696w\" sizes=\"auto, (max-width: 900px) 100vw, 900px\" \/><\/a><\/figure>\n<\/div>\n\n\n<p><strong><mark style=\"background-color:rgba(0, 0, 0, 0)\" class=\"has-inline-color has-vivid-red-color\">Y EN EL YOUTUBE DE BURGOSDEPORTE CON IMAGEN DEL ESTUDIO DE RADIO.- UNA RETRANSMISI\u00d3N COMPARTIDA CON RADIO ARLANZ\u00d3N Y BURGOSNOTICIAS<\/mark><\/strong><\/p>\n\n\n\n<figure class=\"wp-block-embed is-type-video is-provider-youtube wp-block-embed-youtube wp-embed-aspect-4-3 wp-has-aspect-ratio\"><div class=\"wp-block-embed__wrapper\">\n<div class=\"youtube-embed\" data-video_id=\"EvmdkoJ3UjE\"><iframe loading=\"lazy\" title=\"\ud83d\udd34 RADIO EN DIRECTO: Burgos CF - CD Mirand\u00e9s | J.29 LaLiga Hypermotion 2025\/26\" width=\"696\" height=\"522\" src=\"https:\/\/www.youtube.com\/embed\/EvmdkoJ3UjE?feature=oembed&#038;enablejsapi=1\" frameborder=\"0\" allow=\"accelerometer; autoplay; clipboard-write; encrypted-media; gyroscope; picture-in-picture; web-share\" referrerpolicy=\"strict-origin-when-cross-origin\" allowfullscreen><\/iframe><\/div>\n<\/div><\/figure>\n\n\n\n<p>El Burgos llega a este partido con la moral alta tras su triunfo la pasada jornada en Zaragoza mientras el Mirand\u00e9s perd\u00eda en Anduva y complicaba m\u00e1s su situaci\u00f3n en la tabla. Adem\u00e1s el triunfo este viernes del equipo ma\u00f1o en C\u00e1diz deja al Mirand\u00e9s colista de la categor\u00eda con m\u00e1s necesidad de sumar los tres puntos en El Plant\u00edo. <\/p>\n\n\n\n<p>El equipo de Luis Miguel Ramis, que ha hecho un llamamiento a la afici\u00f3n blanquinegra para que llene El Plant\u00edo y anime al equipo, cuenta con la \u00fanica baja de Hugo Cuenca, que sigue en periodo de recuperaci\u00f3n, pero como buena noticia recupera a dos hombres importantes, uno en ataque, Fer Ni\u00f1o, tras dos encuentros ausente por lesi\u00f3n, y otro en defensa, Grego Sierra, que no pudo jugar en Zaragoza al estar sancionado. <\/p>\n\n\n\n<p>Por su parte, el Mirand\u00e9s, que entrena Muneta, llega a El Plant\u00edo con las bajas de Malsa, Postigo, Pablo P\u00e9rez y Mar\u00ed, pero recupera a su goleador, Carlos Fern\u00e1ndez, que se constituye en la mayor amenaza ofensiva con 10 goles marcados esta temporada.<\/p>\n\n\n\n<p>Se espera un gran ambiente en El Plant\u00edo ante un derbi de m\u00e1xima importancia para ambos equipos. <\/p>\n","protected":false},"excerpt":{"rendered":"<p>Tanto el Burgos CF como el CD Mirand\u00e9s necesitan la victoria para sumar en sus respectivos objetivos. El Plant\u00edo acoge este s\u00e1bado a partir de las 18,30 h. un atractivo derbi provincial entre el Burgos y el Mirand\u00e9s, dos equipos que luchan por objetivos muy diferentes esta temporada. El Burgos necesita sumar para seguir conectado [&hellip;]<\/p>\n","protected":false},"author":10,"featured_media":151655,"comment_status":"closed","ping_status":"closed","sticky":false,"template":"","format":"standard","meta":{"_monsterinsights_skip_tracking":false,"_monsterinsights_sitenote_active":false,"_monsterinsights_sitenote_note":"","_monsterinsights_sitenote_category":0,"footnotes":""},"categories":[4,8],"tags":[29,12],"class_list":{"0":"post-151652","1":"post","2":"type-post","3":"status-publish","4":"format-standard","5":"has-post-thumbnail","7":"category-futbol","8":"category-tipo-noticia","9":"tag-burgoscf","10":"tag-cdmirandes"},"views":86,"_links":{"self":[{"href":"https:\/\/www.burgosdeporte.com\/index.php?rest_route=\/wp\/v2\/posts\/151652","targetHints":{"allow":["GET"]}}],"collection":[{"href":"https:\/\/www.burgosdeporte.com\/index.php?rest_route=\/wp\/v2\/posts"}],"about":[{"href":"https:\/\/www.burgosdeporte.com\/index.php?rest_route=\/wp\/v2\/types\/post"}],"author":[{"embeddable":true,"href":"https:\/\/www.burgosdeporte.com\/index.php?rest_route=\/wp\/v2\/users\/10"}],"replies":[{"embeddable":true,"href":"https:\/\/www.burgosdeporte.com\/index.php?rest_route=%2Fwp%2Fv2%2Fcomments&post=151652"}],"version-history":[{"count":3,"href":"https:\/\/www.burgosdeporte.com\/index.php?rest_route=\/wp\/v2\/posts\/151652\/revisions"}],"predecessor-version":[{"id":151658,"href":"https:\/\/www.burgosdeporte.com\/index.php?rest_route=\/wp\/v2\/posts\/151652\/revisions\/151658"}],"wp:featuredmedia":[{"embeddable":true,"href":"https:\/\/www.burgosdeporte.com\/index.php?rest_route=\/wp\/v2\/media\/151655"}],"wp:attachment":[{"href":"https:\/\/www.burgosdeporte.com\/index.php?rest_route=%2Fwp%2Fv2%2Fmedia&parent=151652"}],"wp:term":[{"taxonomy":"category","embeddable":true,"href":"https:\/\/www.burgosdeporte.com\/index.php?rest_route=%2Fwp%2Fv2%2Fcategories&post=151652"},{"taxonomy":"post_tag","embeddable":true,"href":"https:\/\/www.burgosdeporte.com\/index.php?rest_route=%2Fwp%2Fv2%2Ftags&post=151652"}],"curies":[{"name":"wp","href":"https:\/\/api.w.org\/{rel}","templated":true}]}}