{"id":151642,"date":"2026-03-06T17:20:46","date_gmt":"2026-03-06T15:20:46","guid":{"rendered":"https:\/\/www.burgosdeporte.com\/?p=151642"},"modified":"2026-03-08T00:29:56","modified_gmt":"2026-03-07T22:29:56","slug":"el-recoletas-salud-san-pablo-burgos-retoma-la-liga-endesa","status":"publish","type":"post","link":"https:\/\/www.burgosdeporte.com\/?p=151642","title":{"rendered":"El Recoletas Salud San Pablo Burgos retoma la Liga Endesa"},"content":{"rendered":"\n<p><strong><em>Los burgaleses regresan del par\u00f3n competitivo y recibir\u00e1n a Surne Bilbao, este s\u00e1bado, a las 21:00 horas, en el Coliseum<\/em><\/strong><\/p>\n\n\n\n<p class=\"has-text-align-right\">(<em>Fotograf\u00eda: JENGA<\/em>)<\/p>\n\n\n<div class=\"wp-block-image\">\n<figure class=\"aligncenter size-full\"><a href=\"https:\/\/red.nissan.es\/ibermotor\/nissan\/tae-nissan?utm_source=burgosdeporte&amp;utm_medium=banner&amp;utm_campaign=burgosdeporte_nissa0tae_marzo26\" target=\"_blank\" rel=\" noreferrer noopener\"><img loading=\"lazy\" decoding=\"async\" width=\"300\" height=\"250\" src=\"https:\/\/www.burgosdeporte.com\/wp-content\/uploads\/2026\/03\/Nissan0TAE_hasta16marzo2026.jpg\" alt=\"\" class=\"wp-image-151579\" srcset=\"https:\/\/www.burgosdeporte.com\/wp-content\/uploads\/2026\/03\/Nissan0TAE_hasta16marzo2026.jpg 300w, https:\/\/www.burgosdeporte.com\/wp-content\/uploads\/2026\/03\/Nissan0TAE_hasta16marzo2026-150x125.jpg 150w\" sizes=\"auto, (max-width: 300px) 100vw, 300px\" \/><\/a><\/figure>\n<\/div>\n\n\n<p>Tras dos semanas de par\u00f3n de la Liga Endesa por la disputa de la Copa del Rey y de la ventana FIBA, el Recoletas Salud San Pablo Burgos retomar\u00e1 la competici\u00f3n recibiendo a Surne Bilbao, este s\u00e1bado, a partir de las 21:00 horas, en el Coliseum. El equipo que dirige Porfi Fisac encara el \u00faltimo tercio liguero con el objetivo claro de alcanzar la permanencia en la m\u00e1xima categor\u00eda del baloncesto espa\u00f1ol y con una f\u00e9rrea mentalidad para que nadie se d\u00e9 por vencido en la b\u00fasqueda de la salvaci\u00f3n.<\/p>\n\n\n\n<p><a href=\"https:\/\/www.burgosdeporte.com\/?p=111930\"><strong><mark style=\"background-color:rgba(0, 0, 0, 0)\" class=\"has-inline-color has-vivid-red-color\">PUEDES ESCUCHAR LA RETRANSMISI\u00d3N EN DIRECTO DEL PARTIDO ESTE S\u00c1BADO DESDE LAS 21,00 H. EN BURGOS DEPORTE RADIO<\/mark><\/strong><\/a><strong><a href=\"https:\/\/www.burgosdeporte.com\/?p=111930\"><mark style=\"background-color:rgba(0, 0, 0, 0)\" class=\"has-inline-color has-vivid-red-color\"> <\/mark>.- AQUI<\/a><\/strong><\/p>\n\n\n<div class=\"wp-block-image\">\n<figure class=\"aligncenter size-full is-resized\"><a href=\"https:\/\/www.burgosdeporte.com\/?p=111930\"><img loading=\"lazy\" decoding=\"async\" width=\"900\" height=\"519\" src=\"https:\/\/www.burgosdeporte.com\/wp-content\/uploads\/2025\/10\/image-3.png\" alt=\"\" class=\"wp-image-145916\" style=\"aspect-ratio:1.7341067649133808;width:264px;height:auto\" srcset=\"https:\/\/www.burgosdeporte.com\/wp-content\/uploads\/2025\/10\/image-3.png 900w, https:\/\/www.burgosdeporte.com\/wp-content\/uploads\/2025\/10\/image-3-300x173.png 300w, https:\/\/www.burgosdeporte.com\/wp-content\/uploads\/2025\/10\/image-3-768x443.png 768w, https:\/\/www.burgosdeporte.com\/wp-content\/uploads\/2025\/10\/image-3-150x87.png 150w, https:\/\/www.burgosdeporte.com\/wp-content\/uploads\/2025\/10\/image-3-696x401.png 696w\" sizes=\"auto, (max-width: 900px) 100vw, 900px\" \/><\/a><\/figure>\n<\/div>\n\n\n<p>\u201cSomos indomables\u201d, ha recalcado el entrenador Porfi Fisac en la rueda de prensa previa al compromiso de ma\u00f1ana en Burgos, donde ha querido lanzar un mensaje, tanto a los componentes del equipo, como al club y a la afici\u00f3n: \u201cQuiero que exista un grado de ambici\u00f3n y un grado de resistencia importante por parte de todos (&#8230;). A m\u00ed me gusta este grupo de indomables que tengo, me gusta que la gente que venga ma\u00f1ana al partido tambi\u00e9n sea indomable. Que nadie se d\u00e9 por vencido, que nadie se d\u00e9 por perdido. En todo momento, tenemos que tener una perspectiva tenaz. Me da igual si van a venir jugadores, si alg\u00fan jugador est\u00e1 lesionado&#8230; Tengo un grupo de jugadores, lo vuelvo a repetir, que son indomables, que no se van a entregar. Lo \u00fanico en lo que pienso es en que los que est\u00e9n, los que podamos estar, vamos a estar para ganar y para luchar hasta el final. No hay ning\u00fan tipo de duda. Tanto el club, como los jugadores, como la afici\u00f3n, estamos en esa idea tenaz de sacar este partido adelante s\u00ed o s\u00ed\u201d.<\/p>\n\n\n\n<p>El t\u00e9cnico del Recoletas Salud San Pablo Burgos ha repasado el trabajo realizado durante este par\u00f3n competitivo: \u201cHan sido semanas donde creo que el que m\u00e1s he aprendido de todos he sido yo. He estado mucho tiempo entrenando con la gente joven, con el equipo U22, y me ha servido para conocer todav\u00eda m\u00e1s de cerca el trabajo con estos jugadores y con su entrenador Carles (Leal), que est\u00e1 siempre con nosotros trabajando\u201d.<\/p>\n\n\n\n<p>En esta semana, donde se han reincorporado los internacionales, a excepci\u00f3n de Jhivvan Jackson, lesionado para lo que resta de temporada, Fisac ha relatado: \u201cHa sido una semana igualmente extra\u00f1a porque los primeros d\u00edas, entre los viajes y la gente que viene con muchos minutos, siempre cuesta mucho m\u00e1s volver a adaptar al grupo. Hemos estado preparando el partido del s\u00e1bado porque es un partido dif\u00edcil y complicado ante un Surne Bilbao que viene de estar jugando a un grand\u00edsimo nivel, con once victorias en los \u00faltimos doce partidos que ha competido, ganando en canchas realmente dif\u00edciles y jugando a un muy buen nivel\u201d.<\/p>\n\n\n\n<p><strong>Surne Bilbao, un rival pr\u00f3ximo a la zona de playoff y en un gran estado de forma<\/strong><\/p>\n\n\n\n<p>Surne Bilbao visitar\u00e1 el Coliseum desde la novena posici\u00f3n de la clasificaci\u00f3n de Liga Endesa, con un balance de doce victorias y de nueve derrotas. El grupo que dirige Jaume Ponsarnau se muestra en un gran estado de forma y ha vencido en siete de sus ocho \u00faltimos compromisos ligueros.<\/p>\n\n\n\n<p>El m\u00e1s reciente antes del par\u00f3n fue precisamente la derrota frente a Kosner Baskonia (69-76), un duelo en el que los mejores para los bilba\u00ednos fueron el ala-p\u00edvot Martin Krampelj (16 puntos y 5 rebotes para 20 cr\u00e9ditos de valoraci\u00f3n) y el base Melwin Pantzar (9 puntos, 9 rebotes y 4 asistencias para 17 cr\u00e9ditos de valoraci\u00f3n).<\/p>\n\n\n\n<p>Entre los destacados de un equipo que brilla a nivel colectivo, sobresale el p\u00edvot Tryggvi Hlinason, que se presenta como el mejor jugador de la liga en rebotes (6,8 rebotes promedio), el tercero en rebotes defensivos (4,7 capturas por encuentro), el quinto en tapones (1,4 por partido) y el primero en mates (1,8). Para el duelo de ma\u00f1ana, se espera la ausencia por lesi\u00f3n del base Harald Frey.<\/p>\n\n\n\n<p>El entrenador del Recoletas Salud San Pablo Burgos ha hablado de las claves para encarar este compromiso: \u201cTenemos que dar un paso adelante en la solidez defensiva porque Surne Bilbao es un equipo que mueve muy bien el bal\u00f3n, con jugadores de mucho talento en la l\u00ednea de tres, pero tambi\u00e9n con jugadores que trabajan muy bien desde dentro para generar estas ideas de tiro\u201d.<\/p>\n\n\n\n<p>Adem\u00e1s, los castellanos deber\u00e1n mejorar en la faceta ofensiva: \u201cNosotros tenemos que subir los porcentajes. Independientemente de qui\u00e9n sea el que tire, tenemos que saber escoger a nuestro tirador\u201d, adem\u00e1s de ser s\u00f3lidos mentalmente: \u201cNo debemos nunca desfallecer ante la situaci\u00f3n de un fallo. A veces nos perjudica en exceso mentalmente cuando uno tira y falla. No importa lo que acaba de pasar. Solo tenemos que tener un objetivo para mejorar y es lo que viene delante (&#8230;). Todos vamos a luchar juntos por trabajar y conseguir que estemos en grandes porcentajes\u201d.<\/p>\n\n\n\n<p>Los hombres de negro se quedaron con el triunfo en el enfrentamiento de la primera vuelta (95-85), en un partido que vivi\u00f3 un excepcional ambiente en la grada, con un masivo desplazamiento de la afici\u00f3n burgalesa, que ahora ser\u00e1 correspondido con una gran visita de los seguidores bilba\u00ednos, que se espera que alcancen los 700, para vivir una gran cita en el pabell\u00f3n burgal\u00e9s.<\/p>\n\n\n\n<p>Con el \u00fanico objetivo de sumar la que ser\u00eda su quinta victoria de la temporada de Liga Endesa, el indomable Recoletas Salud San Pablo Burgos se medir\u00e1 a Surne Bilbao, este s\u00e1bado, desde las 21:00 horas, en el Coliseum.<\/p>\n","protected":false},"excerpt":{"rendered":"<p>Los burgaleses regresan del par\u00f3n competitivo y recibir\u00e1n a Surne Bilbao, este s\u00e1bado, a las 21:00 horas, en el Coliseum (Fotograf\u00eda: JENGA) Tras dos semanas de par\u00f3n de la Liga Endesa por la disputa de la Copa del Rey y de la ventana FIBA, el Recoletas Salud San Pablo Burgos retomar\u00e1 la competici\u00f3n recibiendo a [&hellip;]<\/p>\n","protected":false},"author":10,"featured_media":150515,"comment_status":"closed","ping_status":"closed","sticky":false,"template":"","format":"standard","meta":{"_monsterinsights_skip_tracking":false,"_monsterinsights_sitenote_active":false,"_monsterinsights_sitenote_note":"","_monsterinsights_sitenote_category":0,"footnotes":""},"categories":[5],"tags":[6,921,9,2736],"class_list":{"0":"post-151642","1":"post","2":"type-post","3":"status-publish","4":"format-standard","5":"has-post-thumbnail","7":"category-baloncesto","8":"tag-baloncesto","9":"tag-ligaendesa","10":"tag-sanpabloburgos","11":"tag-surnebilbao"},"views":88,"_links":{"self":[{"href":"https:\/\/www.burgosdeporte.com\/index.php?rest_route=\/wp\/v2\/posts\/151642","targetHints":{"allow":["GET"]}}],"collection":[{"href":"https:\/\/www.burgosdeporte.com\/index.php?rest_route=\/wp\/v2\/posts"}],"about":[{"href":"https:\/\/www.burgosdeporte.com\/index.php?rest_route=\/wp\/v2\/types\/post"}],"author":[{"embeddable":true,"href":"https:\/\/www.burgosdeporte.com\/index.php?rest_route=\/wp\/v2\/users\/10"}],"replies":[{"embeddable":true,"href":"https:\/\/www.burgosdeporte.com\/index.php?rest_route=%2Fwp%2Fv2%2Fcomments&post=151642"}],"version-history":[{"count":2,"href":"https:\/\/www.burgosdeporte.com\/index.php?rest_route=\/wp\/v2\/posts\/151642\/revisions"}],"predecessor-version":[{"id":151664,"href":"https:\/\/www.burgosdeporte.com\/index.php?rest_route=\/wp\/v2\/posts\/151642\/revisions\/151664"}],"wp:featuredmedia":[{"embeddable":true,"href":"https:\/\/www.burgosdeporte.com\/index.php?rest_route=\/wp\/v2\/media\/150515"}],"wp:attachment":[{"href":"https:\/\/www.burgosdeporte.com\/index.php?rest_route=%2Fwp%2Fv2%2Fmedia&parent=151642"}],"wp:term":[{"taxonomy":"category","embeddable":true,"href":"https:\/\/www.burgosdeporte.com\/index.php?rest_route=%2Fwp%2Fv2%2Fcategories&post=151642"},{"taxonomy":"post_tag","embeddable":true,"href":"https:\/\/www.burgosdeporte.com\/index.php?rest_route=%2Fwp%2Fv2%2Ftags&post=151642"}],"curies":[{"name":"wp","href":"https:\/\/api.w.org\/{rel}","templated":true}]}}