{"id":151639,"date":"2026-03-06T17:15:27","date_gmt":"2026-03-06T15:15:27","guid":{"rendered":"https:\/\/www.burgosdeporte.com\/?p=151639"},"modified":"2026-03-06T17:22:40","modified_gmt":"2026-03-06T15:22:40","slug":"tenemos-mucha-ilusion-de-volver-a-el-plantio-y-vivir-una-tarde-bonita-de-futbol","status":"publish","type":"post","link":"https:\/\/www.burgosdeporte.com\/?p=151639","title":{"rendered":"\u201cTenemos mucha ilusi\u00f3n de volver a El Plant\u00edo y vivir una tarde bonita de f\u00fatbol\u201d"},"content":{"rendered":"\n<p><strong><em>Ramis comparece en la previa del derbi entre el Burgos CF y el CD Mirand\u00e9s<\/em><\/strong><\/p>\n\n\n<div class=\"wp-block-image\">\n<figure class=\"aligncenter size-full is-resized\"><a href=\"https:\/\/www.cajaviva.es\/particulares\/servicio-nomina\" target=\"_blank\" rel=\" noreferrer noopener\"><img loading=\"lazy\" decoding=\"async\" width=\"300\" height=\"400\" src=\"https:\/\/www.burgosdeporte.com\/wp-content\/uploads\/2026\/01\/300X400NOMINA_enero26.jpg\" alt=\"\" class=\"wp-image-149406\" style=\"aspect-ratio:0.7499999828681264;width:199px;height:auto\" srcset=\"https:\/\/www.burgosdeporte.com\/wp-content\/uploads\/2026\/01\/300X400NOMINA_enero26.jpg 300w, https:\/\/www.burgosdeporte.com\/wp-content\/uploads\/2026\/01\/300X400NOMINA_enero26-225x300.jpg 225w, https:\/\/www.burgosdeporte.com\/wp-content\/uploads\/2026\/01\/300X400NOMINA_enero26-150x200.jpg 150w\" sizes=\"auto, (max-width: 300px) 100vw, 300px\" \/><\/a><\/figure>\n<\/div>\n\n\n<p>El entrenador del Burgos CF, Luis Miguel Ramis, ha comparecido este viernes en la rueda de prensa previa al derbi burgal\u00e9s que disputar\u00e1n los blanquinegros frente al Mirand\u00e9s, este s\u00e1bado, a partir de las 18:30 horas, en El Plant\u00edo.<\/p>\n\n\n\n<p><strong>Ilusi\u00f3n por volver a El Plant\u00edo. <\/strong>\u201cTenemos mucha ilusi\u00f3n de volver a El Plant\u00edo y vivir una tarde bonita de f\u00fatbol. Ojal\u00e1 se llene el estadio y disfrutemos de un gran derbi, que es muy importante para nosotros porque una victoria nos pondr\u00eda con 46 puntos\u201d.<\/p>\n\n\n\n<p><strong>Jugadores disponibles. <\/strong>\u201cTodos los jugadores est\u00e1n disponibles, a excepci\u00f3n de Hugo Cuenca, que sigue con su proceso de recuperaci\u00f3n. Fer Ni\u00f1o ya ha entrenado varios d\u00edas con el equipo, aunque de forma parcial con el grupo. Est\u00e1 disponible para ma\u00f1ana\u201d.<\/p>\n\n\n\n<p><strong>Renovaci\u00f3n de Sa\u00fal del Cerro. <\/strong>\u201cSa\u00fal ha mejorado y ha crecido una barbaridad desde el inicio de temporada y, por eso, se ha ganado los minutos que ha disputado. Ha dado muchos pasos hacia adelante en distintos niveles del juego. Todo est\u00e1 en \u00e9l y est\u00e1 aprovechando cada d\u00eda, cada entrenamiento y cada minuto de juego. Su renovaci\u00f3n es una gran noticia para el club porque es un jugador con much\u00edsimo futuro\u201d.<\/p>\n\n\n\n<p><strong>Proceso continuo de crecimiento. <\/strong>\u201cEstamos en un proceso continuo de crecimiento. Contra el C\u00e1diz CF demostramos que tambi\u00e9n tenemos un gran potencial ofensivo. No solo tenemos un registro, somos un equipo con capacidad de adaptarnos a muchos tipos de partido y creo que, siendo un equipo completo, es como m\u00e1s probabilidad tenemos de competir ante cualquier equipo y circunstancia\u201d.<\/p>\n\n\n\n<p><strong>El derbi burgal\u00e9s. <\/strong>\u201cEn lo futbol\u00edstico es un partido igual que cualquier otro. Lo vamos a preparar de la misma manera. Eso s\u00ed, en lo emocional es todo un derbi. Tenemos la ilusi\u00f3n de llevarnos la victoria para darle una alegr\u00eda a la afici\u00f3n, pero tambi\u00e9n para demostrarnos a nosotros mismos que podemos seguir luchando por objetivos bonitos. Estamos en un buen momento despu\u00e9s de la victoria en Zaragoza y nos sentimos bien y con capacidad de mantener el ritmo que estamos llevando en cuanto a puntos. Somos conscientes de que tenemos margen de mejora y vamos a seguir trabajando duro para afrontar este tramo final tan importante, ya que solo quedan 14 partidos\u201d.<\/p>\n\n\n\n<p><strong>An\u00e1lisis del Mirand\u00e9s. <\/strong>\u201cEl CD Mirand\u00e9s ha ido a m\u00e1s en los \u00faltimos partidos. Han hecho incorporaciones en invierno que han reforzado la plantilla y est\u00e1n demostrando una gran mejor\u00eda en el juego, pese a que no los hayan acompa\u00f1ado los resultados. Es un equipo trabajado y contra el que no nos va a ser nada f\u00e1cil puntuar. Tienen jugadores j\u00f3venes y con mucha soltura. Todav\u00eda queda mucho tramo de competici\u00f3n y veo al CD Mirand\u00e9s un equipo capaz de conseguir el objetivo de la salvaci\u00f3n\u201d.<\/p>\n\n\n\n<p><strong>Trabajar el partido sin individualizar en jugadores. <\/strong>\u201cNosotros no planteamos un partido u otro seg\u00fan qui\u00e9n juegue de titular. Trabajamos los partidos para enfrentarnos a equipos y a formas de juego, no nos focalizamos individualmente en jugadores, salvo en situaciones excepcionales. No nos gusta condicionar los planteamientos a si juegan unos rivales u otros. Carlos Fern\u00e1ndez es un jugador que les aporta mucho, pero no es el \u00fanico y hay que respetar a todos los jugadores, que, si est\u00e1n jugando en la categor\u00eda, es porque tienen nivel\u201d.<\/p>\n\n\n\n<p><strong>Estado del terreno de juego. <\/strong>\u201cEl c\u00e9sped ha mejorado algo, se ha notado el buen tiempo, aunque no est\u00e9 todav\u00eda en las mejores condiciones\u201d.<\/p>\n\n\n\n<p><strong>Ambiente en El Plant\u00edo. <\/strong>\u201cContamos con que va a haber mucha gente en el estadio, no s\u00e9 si lleno, pero va a haber un gran ambiente de derbi. Tenemos una oportunidad de seguir sumando puntos para mantenernos en la zona alta. Venimos a un gran nivel competitivo para llegar a este tramo de la competici\u00f3n decisivo y necesitamos a nuestra afici\u00f3n para alcanzar nuestros objetivos. Son muy importantes para nosotros y, si ya les notamos cuando el estadio no est\u00e1 tan lleno, cuando hay una gran entrada nos dan una fuerza espectacular. No son conscientes lo importantes que son para nosotros, de verdad. Se nota una barbaridad el plus que nos aportan cuando los partidos est\u00e1n igualados, cuando ya casi no nos quedan fuerzas o cuando los rivales aprietan. Son nuestro jugador n\u00famero 12 y, si queremos conseguir cosas bonitas, necesitamos que est\u00e9n a nuestro lado en esta recta final de la temporada\u201d.<\/p>\n","protected":false},"excerpt":{"rendered":"<p>Ramis comparece en la previa del derbi entre el Burgos CF y el CD Mirand\u00e9s El entrenador del Burgos CF, Luis Miguel Ramis, ha comparecido este viernes en la rueda de prensa previa al derbi burgal\u00e9s que disputar\u00e1n los blanquinegros frente al Mirand\u00e9s, este s\u00e1bado, a partir de las 18:30 horas, en El Plant\u00edo. Ilusi\u00f3n [&hellip;]<\/p>\n","protected":false},"author":10,"featured_media":151640,"comment_status":"closed","ping_status":"closed","sticky":false,"template":"","format":"standard","meta":{"_monsterinsights_skip_tracking":false,"_monsterinsights_sitenote_active":false,"_monsterinsights_sitenote_note":"","_monsterinsights_sitenote_category":0,"footnotes":""},"categories":[4],"tags":[29,1552,32,2212],"class_list":{"0":"post-151639","1":"post","2":"type-post","3":"status-publish","4":"format-standard","5":"has-post-thumbnail","7":"category-futbol","8":"tag-burgoscf","9":"tag-destacadas","10":"tag-futbol","11":"tag-ramis"},"views":64,"_links":{"self":[{"href":"https:\/\/www.burgosdeporte.com\/index.php?rest_route=\/wp\/v2\/posts\/151639","targetHints":{"allow":["GET"]}}],"collection":[{"href":"https:\/\/www.burgosdeporte.com\/index.php?rest_route=\/wp\/v2\/posts"}],"about":[{"href":"https:\/\/www.burgosdeporte.com\/index.php?rest_route=\/wp\/v2\/types\/post"}],"author":[{"embeddable":true,"href":"https:\/\/www.burgosdeporte.com\/index.php?rest_route=\/wp\/v2\/users\/10"}],"replies":[{"embeddable":true,"href":"https:\/\/www.burgosdeporte.com\/index.php?rest_route=%2Fwp%2Fv2%2Fcomments&post=151639"}],"version-history":[{"count":1,"href":"https:\/\/www.burgosdeporte.com\/index.php?rest_route=\/wp\/v2\/posts\/151639\/revisions"}],"predecessor-version":[{"id":151641,"href":"https:\/\/www.burgosdeporte.com\/index.php?rest_route=\/wp\/v2\/posts\/151639\/revisions\/151641"}],"wp:featuredmedia":[{"embeddable":true,"href":"https:\/\/www.burgosdeporte.com\/index.php?rest_route=\/wp\/v2\/media\/151640"}],"wp:attachment":[{"href":"https:\/\/www.burgosdeporte.com\/index.php?rest_route=%2Fwp%2Fv2%2Fmedia&parent=151639"}],"wp:term":[{"taxonomy":"category","embeddable":true,"href":"https:\/\/www.burgosdeporte.com\/index.php?rest_route=%2Fwp%2Fv2%2Fcategories&post=151639"},{"taxonomy":"post_tag","embeddable":true,"href":"https:\/\/www.burgosdeporte.com\/index.php?rest_route=%2Fwp%2Fv2%2Ftags&post=151639"}],"curies":[{"name":"wp","href":"https:\/\/api.w.org\/{rel}","templated":true}]}}